
{"id":6955,"date":"2014-05-23T15:20:40","date_gmt":"2014-05-23T13:20:40","guid":{"rendered":"http:\/\/blog.printklub.com\/?p=6955"},"modified":"2025-11-12T14:32:50","modified_gmt":"2025-11-12T13:32:50","slug":"instagramer-week-3","status":"publish","type":"post","link":"https:\/\/cheerz.wpengine.com\/actualites\/instagramer-week-3\/","title":{"rendered":"Le compte Instagram de la semaine : @ministylehacker"},"content":{"rendered":"<h2><strong>Hello ! Vu que c&rsquo;est bient\u00f4t la F\u00eate des M\u00e8res, on sait dit que ce serait une bonne id\u00e9e si notre compte Instagram de la semaine \u00e9tait une maman ! Alors on a un peu fouin\u00e9 et on est tomb\u00e9 sur le compte\u00a0Instagram de Colette et de son fils Ryker&#8230;<\/strong><\/h2>\n<p>&nbsp;<\/p>\n<p>Ni une ni deux je suis rentr\u00e9 en contact avec Colette, qui a gentiment accept\u00e9 de r\u00e9pondre \u00e0 nos questions. Et devinez quoi ? On a a-do-r\u00e9 donc on a voulu partager \u00e7a avec vous.<\/p>\n<p><strong>Pouvez-vous vous pr\u00e9senter ?<\/strong><\/p>\n<p>Je m&rsquo;appelle <a href=\"http:\/\/instagram.com\/ministylehacker\">Colette Wixom,<\/a> j&rsquo;ai 32 ans et je vis aux USA avec ma petite famille. Je suis maman de deux petits gar\u00e7ons dont Ryker qui va sur ses 5 ans !<\/p>\n<p><strong>Comment votre aventure Instagram a-t-elle commenc\u00e9 ?<\/strong><\/p>\n<p>Le projet est n\u00e9 de mes deux passions: mes enfants et la mode! J&rsquo;ai toujours eu un bon oeil pour la mode et je recevais souvent des compliments des autres mamans sur la fa\u00e7on d&rsquo;habiller mes deux gar\u00e7ons. Quand Ryker a eu 4ans jai d\u00e9cid\u00e9 de cr\u00e9er un blog qui mettrait en avant des v\u00eatements styl\u00e9s mais abordables. J&rsquo;habille mes enfants chez Gap, H&amp;M, etc. Je veux prouver qu&rsquo;on a pas besoin d&rsquo;\u00eatre riche pour bien s&rsquo;habiller !<\/p>\n<p><strong>Comment Ryker se comporte-t-il pendant vos \u00ab\u00a0shooting photos\u00a0\u00bb ?<\/strong><\/p>\n<p>Toutes mes photos sont prises de mani\u00e8re spontan\u00e9e. Tous les parents savent que les enfants courrent partout, jouent, rigolent, \u00e7a serais trop facile s&rsquo;il attendait que je prenne la photo.<\/p>\n<p>Ryker aime les superh\u00e9ros, les combat d&rsquo;\u00e9p\u00e9es et les pirates donc j&rsquo;essaye de capturer des bonnes photos de sa tenue du jour dans ses moments de jeux ! Quand il met les mains dans ses poches, il s&rsquo;imagine en train de tenir des pistolets laser imaginaires. C&rsquo;est nos moments de complicit\u00e9 !<\/p>\n<p><strong>Vous souvenez-vous de la premi\u00e8re photo Instagram que vous avez post\u00e9e ?<\/strong><\/p>\n<p>Oui, c&rsquo;\u00e9tait devant notre maison, il portait un jean, un t-shirt color\u00e9 et un sweat par dessus ! Une tenue toute simple \ud83d\ude42 Je ne m&rsquo;attendais pas du tout \u00e0 un tel engouement&#8230; nous avons d\u00e9pass\u00e9 les 100 000 followers sur\u00a0<a href=\"http:\/\/instagram.com\/ministylehacker\">Instagram<\/a>\u00a0mais \u00e7a n&rsquo;a rien\u00a0chang\u00e9 dans notre vie \u00e0 part le fait que parfois les gens le reconnaissent \ud83d\ude42<\/p>\n<p><strong>Et la photographie dans tout \u00e7a ?<\/strong><\/p>\n<p>A force de prendre Ryker en photo, je me rend compte que j&rsquo;ai de plus en plus le reflex de sortir mon t\u00e9l\u00e9phone pour immortaliser les bons moments ! Je me suis un peu am\u00e9lior\u00e9e depuis mes d\u00e9buts sur Instagram mais je suis loin d&rsquo;\u00eatre une pro \ud83d\ude42<\/p>\n<p>&nbsp;<\/p>\n","protected":false},"excerpt":{"rendered":"<p>Hello ! Vu que c&rsquo;est bient\u00f4t la F\u00eate des M\u00e8res, on sait dit que ce serait une bonne id\u00e9e si notre compte Instagram de la semaine \u00e9tait une maman ! Alors on a un peu fouin\u00e9 et on est tomb\u00e9 sur le compte\u00a0Instagram de Colette et de son fils Ryker&#8230; &nbsp; Ni une ni deux [&hellip;]<\/p>\n","protected":false},"author":19,"featured_media":14508,"comment_status":"closed","ping_status":"open","sticky":false,"template":"","format":"gallery","meta":{"_acf_changed":false,"_lmt_disableupdate":"no","_lmt_disable":"no","iawp_total_views":8,"footnotes":""},"categories":[71],"tags":[],"class_list":["post-6955","post","type-post","status-publish","format-gallery","has-post-thumbnail","hentry","category-actualites","post_format-post-format-gallery"],"acf":[],"yoast_head":"<!-- This site is optimized with the Yoast SEO plugin v27.5 - https:\/\/yoast.com\/product\/yoast-seo-wordpress\/ -->\n<title>Le compte Instagram de la semaine : @ministylehacker - Blog Cheerz<\/title>\n<meta name=\"robots\" content=\"index, follow, max-snippet:-1, max-image-preview:large, max-video-preview:-1\" \/>\n<link rel=\"canonical\" href=\"https:\/\/cheerz.wpengine.com\/actualites\/instagramer-week-3\/\" \/>\n<meta property=\"og:locale\" content=\"fr_FR\" \/>\n<meta property=\"og:type\" content=\"article\" \/>\n<meta property=\"og:title\" content=\"Le compte Instagram de la semaine : @ministylehacker - Blog Cheerz\" \/>\n<meta property=\"og:description\" content=\"Hello ! Vu que c&rsquo;est bient\u00f4t la F\u00eate des M\u00e8res, on sait dit que ce serait une bonne id\u00e9e si notre compte Instagram de la semaine \u00e9tait une maman ! Alors on a un peu fouin\u00e9 et on est tomb\u00e9 sur le compte\u00a0Instagram de Colette et de son fils Ryker&#8230; &nbsp; Ni une ni deux [&hellip;]\" \/>\n<meta property=\"og:url\" content=\"https:\/\/cheerz.wpengine.com\/actualites\/instagramer-week-3\/\" \/>\n<meta property=\"og:site_name\" content=\"Blog Cheerz\" \/>\n<meta property=\"article:published_time\" content=\"2014-05-23T13:20:40+00:00\" \/>\n<meta property=\"article:modified_time\" content=\"2025-11-12T13:32:50+00:00\" \/>\n<meta property=\"og:image\" content=\"https:\/\/cheerz.wpengine.com\/wp-content\/uploads\/2014\/05\/ministylehacker.jpg\" \/>\n\t<meta property=\"og:image:width\" content=\"608\" \/>\n\t<meta property=\"og:image:height\" content=\"608\" \/>\n\t<meta property=\"og:image:type\" content=\"image\/jpeg\" \/>\n<meta name=\"author\" content=\"Sandra Hebben\" \/>\n<meta name=\"twitter:card\" content=\"summary_large_image\" \/>\n<meta name=\"twitter:label1\" content=\"\u00c9crit par\" \/>\n\t<meta name=\"twitter:data1\" content=\"Sandra Hebben\" \/>\n\t<meta name=\"twitter:label2\" content=\"Dur\u00e9e de lecture estim\u00e9e\" \/>\n\t<meta name=\"twitter:data2\" content=\"3 minutes\" \/>\n<script type=\"application\/ld+json\" class=\"yoast-schema-graph\">{\"@context\":\"https:\\\/\\\/schema.org\",\"@graph\":[{\"@type\":\"Article\",\"@id\":\"https:\\\/\\\/cheerz.wpengine.com\\\/actualites\\\/instagramer-week-3\\\/#article\",\"isPartOf\":{\"@id\":\"https:\\\/\\\/cheerz.wpengine.com\\\/actualites\\\/instagramer-week-3\\\/\"},\"author\":{\"name\":\"Sandra Hebben\",\"@id\":\"https:\\\/\\\/cheerz.wpengine.com\\\/#\\\/schema\\\/person\\\/7b9bde04783642a12683670a1fe86309\"},\"headline\":\"Le compte Instagram de la semaine : @ministylehacker\",\"datePublished\":\"2014-05-23T13:20:40+00:00\",\"dateModified\":\"2025-11-12T13:32:50+00:00\",\"mainEntityOfPage\":{\"@id\":\"https:\\\/\\\/cheerz.wpengine.com\\\/actualites\\\/instagramer-week-3\\\/\"},\"wordCount\":442,\"image\":{\"@id\":\"https:\\\/\\\/cheerz.wpengine.com\\\/actualites\\\/instagramer-week-3\\\/#primaryimage\"},\"thumbnailUrl\":\"https:\\\/\\\/cheerz.wpengine.com\\\/wp-content\\\/uploads\\\/2014\\\/05\\\/ministylehacker.jpg\",\"articleSection\":[\"Actus\"],\"inLanguage\":\"fr-FR\"},{\"@type\":\"WebPage\",\"@id\":\"https:\\\/\\\/cheerz.wpengine.com\\\/actualites\\\/instagramer-week-3\\\/\",\"url\":\"https:\\\/\\\/cheerz.wpengine.com\\\/actualites\\\/instagramer-week-3\\\/\",\"name\":\"Le compte Instagram de la semaine : @ministylehacker - Blog Cheerz\",\"isPartOf\":{\"@id\":\"https:\\\/\\\/cheerz.wpengine.com\\\/#website\"},\"primaryImageOfPage\":{\"@id\":\"https:\\\/\\\/cheerz.wpengine.com\\\/actualites\\\/instagramer-week-3\\\/#primaryimage\"},\"image\":{\"@id\":\"https:\\\/\\\/cheerz.wpengine.com\\\/actualites\\\/instagramer-week-3\\\/#primaryimage\"},\"thumbnailUrl\":\"https:\\\/\\\/cheerz.wpengine.com\\\/wp-content\\\/uploads\\\/2014\\\/05\\\/ministylehacker.jpg\",\"datePublished\":\"2014-05-23T13:20:40+00:00\",\"dateModified\":\"2025-11-12T13:32:50+00:00\",\"author\":{\"@id\":\"https:\\\/\\\/cheerz.wpengine.com\\\/#\\\/schema\\\/person\\\/7b9bde04783642a12683670a1fe86309\"},\"breadcrumb\":{\"@id\":\"https:\\\/\\\/cheerz.wpengine.com\\\/actualites\\\/instagramer-week-3\\\/#breadcrumb\"},\"inLanguage\":\"fr-FR\",\"potentialAction\":[{\"@type\":\"ReadAction\",\"target\":[\"https:\\\/\\\/cheerz.wpengine.com\\\/actualites\\\/instagramer-week-3\\\/\"]}]},{\"@type\":\"ImageObject\",\"inLanguage\":\"fr-FR\",\"@id\":\"https:\\\/\\\/cheerz.wpengine.com\\\/actualites\\\/instagramer-week-3\\\/#primaryimage\",\"url\":\"https:\\\/\\\/cheerz.wpengine.com\\\/wp-content\\\/uploads\\\/2014\\\/05\\\/ministylehacker.jpg\",\"contentUrl\":\"https:\\\/\\\/cheerz.wpengine.com\\\/wp-content\\\/uploads\\\/2014\\\/05\\\/ministylehacker.jpg\",\"width\":608,\"height\":608},{\"@type\":\"BreadcrumbList\",\"@id\":\"https:\\\/\\\/cheerz.wpengine.com\\\/actualites\\\/instagramer-week-3\\\/#breadcrumb\",\"itemListElement\":[{\"@type\":\"ListItem\",\"position\":1,\"name\":\"Royal Cheerz\",\"item\":\"https:\\\/\\\/cheerz.wpengine.com\\\/\"},{\"@type\":\"ListItem\",\"position\":2,\"name\":\"Actus\",\"item\":\"https:\\\/\\\/cheerz.wpengine.com\\\/categorie\\\/actualites\\\/\"},{\"@type\":\"ListItem\",\"position\":3,\"name\":\"Le compte Instagram de la semaine : @ministylehacker\"}]},{\"@type\":\"WebSite\",\"@id\":\"https:\\\/\\\/cheerz.wpengine.com\\\/#website\",\"url\":\"https:\\\/\\\/cheerz.wpengine.com\\\/\",\"name\":\"Blog Cheerz\",\"description\":\"Imprimeur de sourires\",\"potentialAction\":[{\"@type\":\"SearchAction\",\"target\":{\"@type\":\"EntryPoint\",\"urlTemplate\":\"https:\\\/\\\/cheerz.wpengine.com\\\/?s={search_term_string}\"},\"query-input\":{\"@type\":\"PropertyValueSpecification\",\"valueRequired\":true,\"valueName\":\"search_term_string\"}}],\"inLanguage\":\"fr-FR\"},{\"@type\":\"Person\",\"@id\":\"https:\\\/\\\/cheerz.wpengine.com\\\/#\\\/schema\\\/person\\\/7b9bde04783642a12683670a1fe86309\",\"name\":\"Sandra Hebben\",\"image\":{\"@type\":\"ImageObject\",\"inLanguage\":\"fr-FR\",\"@id\":\"https:\\\/\\\/secure.gravatar.com\\\/avatar\\\/78e6628b74fca1a9893c89902dbbd52e8a7b93a9994991ed346b5ad52c6b84a8?s=96&d=mm&r=g\",\"url\":\"https:\\\/\\\/secure.gravatar.com\\\/avatar\\\/78e6628b74fca1a9893c89902dbbd52e8a7b93a9994991ed346b5ad52c6b84a8?s=96&d=mm&r=g\",\"contentUrl\":\"https:\\\/\\\/secure.gravatar.com\\\/avatar\\\/78e6628b74fca1a9893c89902dbbd52e8a7b93a9994991ed346b5ad52c6b84a8?s=96&d=mm&r=g\",\"caption\":\"Sandra Hebben\"},\"url\":\"https:\\\/\\\/cheerz.wpengine.com\\\/author\\\/sandra-hebbencheerz-com\\\/\"}]}<\/script>\n<!-- \/ Yoast SEO plugin. -->","yoast_head_json":{"title":"Le compte Instagram de la semaine : @ministylehacker - Blog Cheerz","robots":{"index":"index","follow":"follow","max-snippet":"max-snippet:-1","max-image-preview":"max-image-preview:large","max-video-preview":"max-video-preview:-1"},"canonical":"https:\/\/cheerz.wpengine.com\/actualites\/instagramer-week-3\/","og_locale":"fr_FR","og_type":"article","og_title":"Le compte Instagram de la semaine : @ministylehacker - Blog Cheerz","og_description":"Hello ! Vu que c&rsquo;est bient\u00f4t la F\u00eate des M\u00e8res, on sait dit que ce serait une bonne id\u00e9e si notre compte Instagram de la semaine \u00e9tait une maman ! Alors on a un peu fouin\u00e9 et on est tomb\u00e9 sur le compte\u00a0Instagram de Colette et de son fils Ryker&#8230; &nbsp; Ni une ni deux [&hellip;]","og_url":"https:\/\/cheerz.wpengine.com\/actualites\/instagramer-week-3\/","og_site_name":"Blog Cheerz","article_published_time":"2014-05-23T13:20:40+00:00","article_modified_time":"2025-11-12T13:32:50+00:00","og_image":[{"width":608,"height":608,"url":"https:\/\/cheerz.wpengine.com\/wp-content\/uploads\/2014\/05\/ministylehacker.jpg","type":"image\/jpeg"}],"author":"Sandra Hebben","twitter_card":"summary_large_image","twitter_misc":{"\u00c9crit par":"Sandra Hebben","Dur\u00e9e de lecture estim\u00e9e":"3 minutes"},"schema":{"@context":"https:\/\/schema.org","@graph":[{"@type":"Article","@id":"https:\/\/cheerz.wpengine.com\/actualites\/instagramer-week-3\/#article","isPartOf":{"@id":"https:\/\/cheerz.wpengine.com\/actualites\/instagramer-week-3\/"},"author":{"name":"Sandra Hebben","@id":"https:\/\/cheerz.wpengine.com\/#\/schema\/person\/7b9bde04783642a12683670a1fe86309"},"headline":"Le compte Instagram de la semaine : @ministylehacker","datePublished":"2014-05-23T13:20:40+00:00","dateModified":"2025-11-12T13:32:50+00:00","mainEntityOfPage":{"@id":"https:\/\/cheerz.wpengine.com\/actualites\/instagramer-week-3\/"},"wordCount":442,"image":{"@id":"https:\/\/cheerz.wpengine.com\/actualites\/instagramer-week-3\/#primaryimage"},"thumbnailUrl":"https:\/\/cheerz.wpengine.com\/wp-content\/uploads\/2014\/05\/ministylehacker.jpg","articleSection":["Actus"],"inLanguage":"fr-FR"},{"@type":"WebPage","@id":"https:\/\/cheerz.wpengine.com\/actualites\/instagramer-week-3\/","url":"https:\/\/cheerz.wpengine.com\/actualites\/instagramer-week-3\/","name":"Le compte Instagram de la semaine : @ministylehacker - Blog Cheerz","isPartOf":{"@id":"https:\/\/cheerz.wpengine.com\/#website"},"primaryImageOfPage":{"@id":"https:\/\/cheerz.wpengine.com\/actualites\/instagramer-week-3\/#primaryimage"},"image":{"@id":"https:\/\/cheerz.wpengine.com\/actualites\/instagramer-week-3\/#primaryimage"},"thumbnailUrl":"https:\/\/cheerz.wpengine.com\/wp-content\/uploads\/2014\/05\/ministylehacker.jpg","datePublished":"2014-05-23T13:20:40+00:00","dateModified":"2025-11-12T13:32:50+00:00","author":{"@id":"https:\/\/cheerz.wpengine.com\/#\/schema\/person\/7b9bde04783642a12683670a1fe86309"},"breadcrumb":{"@id":"https:\/\/cheerz.wpengine.com\/actualites\/instagramer-week-3\/#breadcrumb"},"inLanguage":"fr-FR","potentialAction":[{"@type":"ReadAction","target":["https:\/\/cheerz.wpengine.com\/actualites\/instagramer-week-3\/"]}]},{"@type":"ImageObject","inLanguage":"fr-FR","@id":"https:\/\/cheerz.wpengine.com\/actualites\/instagramer-week-3\/#primaryimage","url":"https:\/\/cheerz.wpengine.com\/wp-content\/uploads\/2014\/05\/ministylehacker.jpg","contentUrl":"https:\/\/cheerz.wpengine.com\/wp-content\/uploads\/2014\/05\/ministylehacker.jpg","width":608,"height":608},{"@type":"BreadcrumbList","@id":"https:\/\/cheerz.wpengine.com\/actualites\/instagramer-week-3\/#breadcrumb","itemListElement":[{"@type":"ListItem","position":1,"name":"Royal Cheerz","item":"https:\/\/cheerz.wpengine.com\/"},{"@type":"ListItem","position":2,"name":"Actus","item":"https:\/\/cheerz.wpengine.com\/categorie\/actualites\/"},{"@type":"ListItem","position":3,"name":"Le compte Instagram de la semaine : @ministylehacker"}]},{"@type":"WebSite","@id":"https:\/\/cheerz.wpengine.com\/#website","url":"https:\/\/cheerz.wpengine.com\/","name":"Blog Cheerz","description":"Imprimeur de sourires","potentialAction":[{"@type":"SearchAction","target":{"@type":"EntryPoint","urlTemplate":"https:\/\/cheerz.wpengine.com\/?s={search_term_string}"},"query-input":{"@type":"PropertyValueSpecification","valueRequired":true,"valueName":"search_term_string"}}],"inLanguage":"fr-FR"},{"@type":"Person","@id":"https:\/\/cheerz.wpengine.com\/#\/schema\/person\/7b9bde04783642a12683670a1fe86309","name":"Sandra Hebben","image":{"@type":"ImageObject","inLanguage":"fr-FR","@id":"https:\/\/secure.gravatar.com\/avatar\/78e6628b74fca1a9893c89902dbbd52e8a7b93a9994991ed346b5ad52c6b84a8?s=96&d=mm&r=g","url":"https:\/\/secure.gravatar.com\/avatar\/78e6628b74fca1a9893c89902dbbd52e8a7b93a9994991ed346b5ad52c6b84a8?s=96&d=mm&r=g","contentUrl":"https:\/\/secure.gravatar.com\/avatar\/78e6628b74fca1a9893c89902dbbd52e8a7b93a9994991ed346b5ad52c6b84a8?s=96&d=mm&r=g","caption":"Sandra Hebben"},"url":"https:\/\/cheerz.wpengine.com\/author\/sandra-hebbencheerz-com\/"}]}},"modified_by":"Baptiste Dubuc","_links":{"self":[{"href":"https:\/\/cheerz.wpengine.com\/wp-json\/wp\/v2\/posts\/6955","targetHints":{"allow":["GET"]}}],"collection":[{"href":"https:\/\/cheerz.wpengine.com\/wp-json\/wp\/v2\/posts"}],"about":[{"href":"https:\/\/cheerz.wpengine.com\/wp-json\/wp\/v2\/types\/post"}],"author":[{"embeddable":true,"href":"https:\/\/cheerz.wpengine.com\/wp-json\/wp\/v2\/users\/19"}],"replies":[{"embeddable":true,"href":"https:\/\/cheerz.wpengine.com\/wp-json\/wp\/v2\/comments?post=6955"}],"version-history":[{"count":0,"href":"https:\/\/cheerz.wpengine.com\/wp-json\/wp\/v2\/posts\/6955\/revisions"}],"wp:featuredmedia":[{"embeddable":true,"href":"https:\/\/cheerz.wpengine.com\/wp-json\/wp\/v2\/media\/14508"}],"wp:attachment":[{"href":"https:\/\/cheerz.wpengine.com\/wp-json\/wp\/v2\/media?parent=6955"}],"wp:term":[{"taxonomy":"category","embeddable":true,"href":"https:\/\/cheerz.wpengine.com\/wp-json\/wp\/v2\/categories?post=6955"},{"taxonomy":"post_tag","embeddable":true,"href":"https:\/\/cheerz.wpengine.com\/wp-json\/wp\/v2\/tags?post=6955"}],"curies":[{"name":"wp","href":"https:\/\/api.w.org\/{rel}","templated":true}]}}