
{"id":18779,"date":"2024-02-20T18:10:12","date_gmt":"2024-02-20T17:10:12","guid":{"rendered":"https:\/\/cheerz.wpengine.com\/?p=18779"},"modified":"2024-02-27T18:25:51","modified_gmt":"2024-02-27T17:25:51","slug":"fete-des-grands-meres-linterview-choc-des-generations","status":"publish","type":"post","link":"https:\/\/cheerz.wpengine.com\/actualites\/fete-des-grands-meres-linterview-choc-des-generations\/","title":{"rendered":"F\u00eate des Grands-M\u00e8res : l&rsquo;interview choc des g\u00e9n\u00e9rations \u26a1\ufe0f"},"content":{"rendered":"","protected":false},"excerpt":{"rendered":"","protected":false},"author":37,"featured_media":18788,"comment_status":"closed","ping_status":"closed","sticky":false,"template":"","format":"standard","meta":{"_acf_changed":false,"_lmt_disableupdate":"","_lmt_disable":"","iawp_total_views":199,"footnotes":""},"categories":[71],"tags":[],"class_list":["post-18779","post","type-post","status-publish","format-standard","has-post-thumbnail","hentry","category-actualites"],"acf":[],"yoast_head":"<!-- This site is optimized with the Yoast SEO plugin v27.5 - https:\/\/yoast.com\/product\/yoast-seo-wordpress\/ -->\n<title>F\u00eate des Grands-M\u00e8res : l&#039;interview choc des g\u00e9n\u00e9rations \u26a1\ufe0f - Blog Cheerz<\/title>\n<meta name=\"description\" content=\"Pour la F\u00eate des Grands-M\u00e8res on a rencontr\u00e9 Ma\u00eflys, 20 ans, et sa grand-m\u00e8re Emma, 80 ans. Une interview complice &quot;choc des g\u00e9n\u00e9rations&quot; \u26a1\ufe0f\" \/>\n<meta name=\"robots\" content=\"index, follow, max-snippet:-1, max-image-preview:large, max-video-preview:-1\" \/>\n<link rel=\"canonical\" href=\"https:\/\/cheerz.wpengine.com\/actualites\/fete-des-grands-meres-linterview-choc-des-generations\/\" \/>\n<meta property=\"og:locale\" content=\"fr_FR\" \/>\n<meta property=\"og:type\" content=\"article\" \/>\n<meta property=\"og:title\" content=\"F\u00eate des Grands-M\u00e8res : l&#039;interview choc des g\u00e9n\u00e9rations \u26a1\ufe0f - Blog Cheerz\" \/>\n<meta property=\"og:description\" content=\"Pour la F\u00eate des Grands-M\u00e8res on a rencontr\u00e9 Ma\u00eflys, 20 ans, et sa grand-m\u00e8re Emma, 80 ans. Une interview complice &quot;choc des g\u00e9n\u00e9rations&quot; \u26a1\ufe0f\" \/>\n<meta property=\"og:url\" content=\"https:\/\/cheerz.wpengine.com\/actualites\/fete-des-grands-meres-linterview-choc-des-generations\/\" \/>\n<meta property=\"og:site_name\" content=\"Blog Cheerz\" \/>\n<meta property=\"article:published_time\" content=\"2024-02-20T17:10:12+00:00\" \/>\n<meta property=\"article:modified_time\" content=\"2024-02-27T17:25:51+00:00\" \/>\n<meta property=\"og:image\" content=\"https:\/\/cheerz.wpengine.com\/wp-content\/uploads\/2024\/02\/HEADER-v2-4.png\" \/>\n\t<meta property=\"og:image:width\" content=\"1200\" \/>\n\t<meta property=\"og:image:height\" content=\"716\" \/>\n\t<meta property=\"og:image:type\" content=\"image\/png\" \/>\n<meta name=\"author\" content=\"Marie Gingault\" \/>\n<meta name=\"twitter:card\" content=\"summary_large_image\" \/>\n<meta name=\"twitter:label1\" content=\"\u00c9crit par\" \/>\n\t<meta name=\"twitter:data1\" content=\"Marie Gingault\" \/>\n\t<meta name=\"twitter:label2\" content=\"Dur\u00e9e de lecture estim\u00e9e\" \/>\n\t<meta name=\"twitter:data2\" content=\"1 minute\" \/>\n<script type=\"application\/ld+json\" class=\"yoast-schema-graph\">{\"@context\":\"https:\\\/\\\/schema.org\",\"@graph\":[{\"@type\":\"Article\",\"@id\":\"https:\\\/\\\/cheerz.wpengine.com\\\/actualites\\\/fete-des-grands-meres-linterview-choc-des-generations\\\/#article\",\"isPartOf\":{\"@id\":\"https:\\\/\\\/cheerz.wpengine.com\\\/actualites\\\/fete-des-grands-meres-linterview-choc-des-generations\\\/\"},\"author\":{\"name\":\"Marie Gingault\",\"@id\":\"https:\\\/\\\/cheerz.wpengine.com\\\/#\\\/schema\\\/person\\\/d1ccb309ef3ae00e88f1e2b68970ed38\"},\"headline\":\"F\u00eate des Grands-M\u00e8res : l&rsquo;interview choc des g\u00e9n\u00e9rations \u26a1\ufe0f\",\"datePublished\":\"2024-02-20T17:10:12+00:00\",\"dateModified\":\"2024-02-27T17:25:51+00:00\",\"mainEntityOfPage\":{\"@id\":\"https:\\\/\\\/cheerz.wpengine.com\\\/actualites\\\/fete-des-grands-meres-linterview-choc-des-generations\\\/\"},\"wordCount\":11,\"image\":{\"@id\":\"https:\\\/\\\/cheerz.wpengine.com\\\/actualites\\\/fete-des-grands-meres-linterview-choc-des-generations\\\/#primaryimage\"},\"thumbnailUrl\":\"https:\\\/\\\/cheerz.wpengine.com\\\/wp-content\\\/uploads\\\/2024\\\/02\\\/HEADER-v2-4.png\",\"articleSection\":[\"Actus\"],\"inLanguage\":\"fr-FR\"},{\"@type\":\"WebPage\",\"@id\":\"https:\\\/\\\/cheerz.wpengine.com\\\/actualites\\\/fete-des-grands-meres-linterview-choc-des-generations\\\/\",\"url\":\"https:\\\/\\\/cheerz.wpengine.com\\\/actualites\\\/fete-des-grands-meres-linterview-choc-des-generations\\\/\",\"name\":\"F\u00eate des Grands-M\u00e8res : l'interview choc des g\u00e9n\u00e9rations \u26a1\ufe0f - Blog Cheerz\",\"isPartOf\":{\"@id\":\"https:\\\/\\\/cheerz.wpengine.com\\\/#website\"},\"primaryImageOfPage\":{\"@id\":\"https:\\\/\\\/cheerz.wpengine.com\\\/actualites\\\/fete-des-grands-meres-linterview-choc-des-generations\\\/#primaryimage\"},\"image\":{\"@id\":\"https:\\\/\\\/cheerz.wpengine.com\\\/actualites\\\/fete-des-grands-meres-linterview-choc-des-generations\\\/#primaryimage\"},\"thumbnailUrl\":\"https:\\\/\\\/cheerz.wpengine.com\\\/wp-content\\\/uploads\\\/2024\\\/02\\\/HEADER-v2-4.png\",\"datePublished\":\"2024-02-20T17:10:12+00:00\",\"dateModified\":\"2024-02-27T17:25:51+00:00\",\"author\":{\"@id\":\"https:\\\/\\\/cheerz.wpengine.com\\\/#\\\/schema\\\/person\\\/d1ccb309ef3ae00e88f1e2b68970ed38\"},\"description\":\"Pour la F\u00eate des Grands-M\u00e8res on a rencontr\u00e9 Ma\u00eflys, 20 ans, et sa grand-m\u00e8re Emma, 80 ans. Une interview complice \\\"choc des g\u00e9n\u00e9rations\\\" \u26a1\ufe0f\",\"breadcrumb\":{\"@id\":\"https:\\\/\\\/cheerz.wpengine.com\\\/actualites\\\/fete-des-grands-meres-linterview-choc-des-generations\\\/#breadcrumb\"},\"inLanguage\":\"fr-FR\",\"potentialAction\":[{\"@type\":\"ReadAction\",\"target\":[\"https:\\\/\\\/cheerz.wpengine.com\\\/actualites\\\/fete-des-grands-meres-linterview-choc-des-generations\\\/\"]}]},{\"@type\":\"ImageObject\",\"inLanguage\":\"fr-FR\",\"@id\":\"https:\\\/\\\/cheerz.wpengine.com\\\/actualites\\\/fete-des-grands-meres-linterview-choc-des-generations\\\/#primaryimage\",\"url\":\"https:\\\/\\\/cheerz.wpengine.com\\\/wp-content\\\/uploads\\\/2024\\\/02\\\/HEADER-v2-4.png\",\"contentUrl\":\"https:\\\/\\\/cheerz.wpengine.com\\\/wp-content\\\/uploads\\\/2024\\\/02\\\/HEADER-v2-4.png\",\"width\":1200,\"height\":716},{\"@type\":\"BreadcrumbList\",\"@id\":\"https:\\\/\\\/cheerz.wpengine.com\\\/actualites\\\/fete-des-grands-meres-linterview-choc-des-generations\\\/#breadcrumb\",\"itemListElement\":[{\"@type\":\"ListItem\",\"position\":1,\"name\":\"Royal Cheerz\",\"item\":\"https:\\\/\\\/cheerz.wpengine.com\\\/\"},{\"@type\":\"ListItem\",\"position\":2,\"name\":\"Actus\",\"item\":\"https:\\\/\\\/cheerz.wpengine.com\\\/categorie\\\/actualites\\\/\"},{\"@type\":\"ListItem\",\"position\":3,\"name\":\"F\u00eate des Grands-M\u00e8res : l&rsquo;interview choc des g\u00e9n\u00e9rations \u26a1\ufe0f\"}]},{\"@type\":\"WebSite\",\"@id\":\"https:\\\/\\\/cheerz.wpengine.com\\\/#website\",\"url\":\"https:\\\/\\\/cheerz.wpengine.com\\\/\",\"name\":\"Blog Cheerz\",\"description\":\"Imprimeur de sourires\",\"potentialAction\":[{\"@type\":\"SearchAction\",\"target\":{\"@type\":\"EntryPoint\",\"urlTemplate\":\"https:\\\/\\\/cheerz.wpengine.com\\\/?s={search_term_string}\"},\"query-input\":{\"@type\":\"PropertyValueSpecification\",\"valueRequired\":true,\"valueName\":\"search_term_string\"}}],\"inLanguage\":\"fr-FR\"},{\"@type\":\"Person\",\"@id\":\"https:\\\/\\\/cheerz.wpengine.com\\\/#\\\/schema\\\/person\\\/d1ccb309ef3ae00e88f1e2b68970ed38\",\"name\":\"Marie Gingault\",\"image\":{\"@type\":\"ImageObject\",\"inLanguage\":\"fr-FR\",\"@id\":\"https:\\\/\\\/secure.gravatar.com\\\/avatar\\\/19a0c2a7ef8a45d7b6f840187cf520e971797be5859e414289da6d7f96f996e3?s=96&d=mm&r=g\",\"url\":\"https:\\\/\\\/secure.gravatar.com\\\/avatar\\\/19a0c2a7ef8a45d7b6f840187cf520e971797be5859e414289da6d7f96f996e3?s=96&d=mm&r=g\",\"contentUrl\":\"https:\\\/\\\/secure.gravatar.com\\\/avatar\\\/19a0c2a7ef8a45d7b6f840187cf520e971797be5859e414289da6d7f96f996e3?s=96&d=mm&r=g\",\"caption\":\"Marie Gingault\"},\"description\":\"Marie Gingault est Conceptrice-R\u00e9dactrice chez Cheerz, \u00e0 Paris. Dipl\u00f4m\u00e9e d\u2019un Master en journalisme et forte de 3 ans d'exp\u00e9rience dans les m\u00e9dias, elle met aujourd'hui sa plume au service de l'univers photo. Experte en storytelling et cr\u00e9ation de contenus, elle transforme vos photos en histoires qui marquent et vos souvenirs en cr\u00e9ations inoubliables. Marie ma\u00eetrise l'art de raconter\u2026 et de faire craquer pour nos produits \ud83d\udc99\",\"url\":\"https:\\\/\\\/cheerz.wpengine.com\\\/author\\\/marie\\\/\"}]}<\/script>\n<!-- \/ Yoast SEO plugin. -->","yoast_head_json":{"title":"F\u00eate des Grands-M\u00e8res : l'interview choc des g\u00e9n\u00e9rations \u26a1\ufe0f - Blog Cheerz","description":"Pour la F\u00eate des Grands-M\u00e8res on a rencontr\u00e9 Ma\u00eflys, 20 ans, et sa grand-m\u00e8re Emma, 80 ans. Une interview complice \"choc des g\u00e9n\u00e9rations\" \u26a1\ufe0f","robots":{"index":"index","follow":"follow","max-snippet":"max-snippet:-1","max-image-preview":"max-image-preview:large","max-video-preview":"max-video-preview:-1"},"canonical":"https:\/\/cheerz.wpengine.com\/actualites\/fete-des-grands-meres-linterview-choc-des-generations\/","og_locale":"fr_FR","og_type":"article","og_title":"F\u00eate des Grands-M\u00e8res : l'interview choc des g\u00e9n\u00e9rations \u26a1\ufe0f - Blog Cheerz","og_description":"Pour la F\u00eate des Grands-M\u00e8res on a rencontr\u00e9 Ma\u00eflys, 20 ans, et sa grand-m\u00e8re Emma, 80 ans. Une interview complice \"choc des g\u00e9n\u00e9rations\" \u26a1\ufe0f","og_url":"https:\/\/cheerz.wpengine.com\/actualites\/fete-des-grands-meres-linterview-choc-des-generations\/","og_site_name":"Blog Cheerz","article_published_time":"2024-02-20T17:10:12+00:00","article_modified_time":"2024-02-27T17:25:51+00:00","og_image":[{"width":1200,"height":716,"url":"https:\/\/cheerz.wpengine.com\/wp-content\/uploads\/2024\/02\/HEADER-v2-4.png","type":"image\/png"}],"author":"Marie Gingault","twitter_card":"summary_large_image","twitter_misc":{"\u00c9crit par":"Marie Gingault","Dur\u00e9e de lecture estim\u00e9e":"1 minute"},"schema":{"@context":"https:\/\/schema.org","@graph":[{"@type":"Article","@id":"https:\/\/cheerz.wpengine.com\/actualites\/fete-des-grands-meres-linterview-choc-des-generations\/#article","isPartOf":{"@id":"https:\/\/cheerz.wpengine.com\/actualites\/fete-des-grands-meres-linterview-choc-des-generations\/"},"author":{"name":"Marie Gingault","@id":"https:\/\/cheerz.wpengine.com\/#\/schema\/person\/d1ccb309ef3ae00e88f1e2b68970ed38"},"headline":"F\u00eate des Grands-M\u00e8res : l&rsquo;interview choc des g\u00e9n\u00e9rations \u26a1\ufe0f","datePublished":"2024-02-20T17:10:12+00:00","dateModified":"2024-02-27T17:25:51+00:00","mainEntityOfPage":{"@id":"https:\/\/cheerz.wpengine.com\/actualites\/fete-des-grands-meres-linterview-choc-des-generations\/"},"wordCount":11,"image":{"@id":"https:\/\/cheerz.wpengine.com\/actualites\/fete-des-grands-meres-linterview-choc-des-generations\/#primaryimage"},"thumbnailUrl":"https:\/\/cheerz.wpengine.com\/wp-content\/uploads\/2024\/02\/HEADER-v2-4.png","articleSection":["Actus"],"inLanguage":"fr-FR"},{"@type":"WebPage","@id":"https:\/\/cheerz.wpengine.com\/actualites\/fete-des-grands-meres-linterview-choc-des-generations\/","url":"https:\/\/cheerz.wpengine.com\/actualites\/fete-des-grands-meres-linterview-choc-des-generations\/","name":"F\u00eate des Grands-M\u00e8res : l'interview choc des g\u00e9n\u00e9rations \u26a1\ufe0f - Blog Cheerz","isPartOf":{"@id":"https:\/\/cheerz.wpengine.com\/#website"},"primaryImageOfPage":{"@id":"https:\/\/cheerz.wpengine.com\/actualites\/fete-des-grands-meres-linterview-choc-des-generations\/#primaryimage"},"image":{"@id":"https:\/\/cheerz.wpengine.com\/actualites\/fete-des-grands-meres-linterview-choc-des-generations\/#primaryimage"},"thumbnailUrl":"https:\/\/cheerz.wpengine.com\/wp-content\/uploads\/2024\/02\/HEADER-v2-4.png","datePublished":"2024-02-20T17:10:12+00:00","dateModified":"2024-02-27T17:25:51+00:00","author":{"@id":"https:\/\/cheerz.wpengine.com\/#\/schema\/person\/d1ccb309ef3ae00e88f1e2b68970ed38"},"description":"Pour la F\u00eate des Grands-M\u00e8res on a rencontr\u00e9 Ma\u00eflys, 20 ans, et sa grand-m\u00e8re Emma, 80 ans. Une interview complice \"choc des g\u00e9n\u00e9rations\" \u26a1\ufe0f","breadcrumb":{"@id":"https:\/\/cheerz.wpengine.com\/actualites\/fete-des-grands-meres-linterview-choc-des-generations\/#breadcrumb"},"inLanguage":"fr-FR","potentialAction":[{"@type":"ReadAction","target":["https:\/\/cheerz.wpengine.com\/actualites\/fete-des-grands-meres-linterview-choc-des-generations\/"]}]},{"@type":"ImageObject","inLanguage":"fr-FR","@id":"https:\/\/cheerz.wpengine.com\/actualites\/fete-des-grands-meres-linterview-choc-des-generations\/#primaryimage","url":"https:\/\/cheerz.wpengine.com\/wp-content\/uploads\/2024\/02\/HEADER-v2-4.png","contentUrl":"https:\/\/cheerz.wpengine.com\/wp-content\/uploads\/2024\/02\/HEADER-v2-4.png","width":1200,"height":716},{"@type":"BreadcrumbList","@id":"https:\/\/cheerz.wpengine.com\/actualites\/fete-des-grands-meres-linterview-choc-des-generations\/#breadcrumb","itemListElement":[{"@type":"ListItem","position":1,"name":"Royal Cheerz","item":"https:\/\/cheerz.wpengine.com\/"},{"@type":"ListItem","position":2,"name":"Actus","item":"https:\/\/cheerz.wpengine.com\/categorie\/actualites\/"},{"@type":"ListItem","position":3,"name":"F\u00eate des Grands-M\u00e8res : l&rsquo;interview choc des g\u00e9n\u00e9rations \u26a1\ufe0f"}]},{"@type":"WebSite","@id":"https:\/\/cheerz.wpengine.com\/#website","url":"https:\/\/cheerz.wpengine.com\/","name":"Blog Cheerz","description":"Imprimeur de sourires","potentialAction":[{"@type":"SearchAction","target":{"@type":"EntryPoint","urlTemplate":"https:\/\/cheerz.wpengine.com\/?s={search_term_string}"},"query-input":{"@type":"PropertyValueSpecification","valueRequired":true,"valueName":"search_term_string"}}],"inLanguage":"fr-FR"},{"@type":"Person","@id":"https:\/\/cheerz.wpengine.com\/#\/schema\/person\/d1ccb309ef3ae00e88f1e2b68970ed38","name":"Marie Gingault","image":{"@type":"ImageObject","inLanguage":"fr-FR","@id":"https:\/\/secure.gravatar.com\/avatar\/19a0c2a7ef8a45d7b6f840187cf520e971797be5859e414289da6d7f96f996e3?s=96&d=mm&r=g","url":"https:\/\/secure.gravatar.com\/avatar\/19a0c2a7ef8a45d7b6f840187cf520e971797be5859e414289da6d7f96f996e3?s=96&d=mm&r=g","contentUrl":"https:\/\/secure.gravatar.com\/avatar\/19a0c2a7ef8a45d7b6f840187cf520e971797be5859e414289da6d7f96f996e3?s=96&d=mm&r=g","caption":"Marie Gingault"},"description":"Marie Gingault est Conceptrice-R\u00e9dactrice chez Cheerz, \u00e0 Paris. Dipl\u00f4m\u00e9e d\u2019un Master en journalisme et forte de 3 ans d'exp\u00e9rience dans les m\u00e9dias, elle met aujourd'hui sa plume au service de l'univers photo. Experte en storytelling et cr\u00e9ation de contenus, elle transforme vos photos en histoires qui marquent et vos souvenirs en cr\u00e9ations inoubliables. Marie ma\u00eetrise l'art de raconter\u2026 et de faire craquer pour nos produits \ud83d\udc99","url":"https:\/\/cheerz.wpengine.com\/author\/marie\/"}]}},"modified_by":"Marie Gingault","_links":{"self":[{"href":"https:\/\/cheerz.wpengine.com\/wp-json\/wp\/v2\/posts\/18779","targetHints":{"allow":["GET"]}}],"collection":[{"href":"https:\/\/cheerz.wpengine.com\/wp-json\/wp\/v2\/posts"}],"about":[{"href":"https:\/\/cheerz.wpengine.com\/wp-json\/wp\/v2\/types\/post"}],"author":[{"embeddable":true,"href":"https:\/\/cheerz.wpengine.com\/wp-json\/wp\/v2\/users\/37"}],"replies":[{"embeddable":true,"href":"https:\/\/cheerz.wpengine.com\/wp-json\/wp\/v2\/comments?post=18779"}],"version-history":[{"count":0,"href":"https:\/\/cheerz.wpengine.com\/wp-json\/wp\/v2\/posts\/18779\/revisions"}],"wp:featuredmedia":[{"embeddable":true,"href":"https:\/\/cheerz.wpengine.com\/wp-json\/wp\/v2\/media\/18788"}],"wp:attachment":[{"href":"https:\/\/cheerz.wpengine.com\/wp-json\/wp\/v2\/media?parent=18779"}],"wp:term":[{"taxonomy":"category","embeddable":true,"href":"https:\/\/cheerz.wpengine.com\/wp-json\/wp\/v2\/categories?post=18779"},{"taxonomy":"post_tag","embeddable":true,"href":"https:\/\/cheerz.wpengine.com\/wp-json\/wp\/v2\/tags?post=18779"}],"curies":[{"name":"wp","href":"https:\/\/api.w.org\/{rel}","templated":true}]}}