
{"id":16724,"date":"2021-03-30T10:16:20","date_gmt":"2021-03-30T08:16:20","guid":{"rendered":"https:\/\/royal.cheerz.com\/?p=16724"},"modified":"2021-05-11T12:30:34","modified_gmt":"2021-05-11T10:30:34","slug":"maman-raconte-portrait-de-ibtissam","status":"publish","type":"post","link":"https:\/\/cheerz.wpengine.com\/actualites\/maman-raconte-portrait-de-ibtissam\/","title":{"rendered":"Maman raconte&#8230; | Portrait de Ibtissam"},"content":{"rendered":"<h1>Maman raconte<\/h1>\n<p>S\u2019il y a une chose que nous aura confirm\u00e9e cette dr\u00f4le d\u2019ann\u00e9e, c\u2019est bien l\u2019importance de la famille, qu\u2019elle soit de coeur ou de sang, les moments pass\u00e9s ensemble n\u2019ont pas de prix. Alors, \u00e0 l\u2019approche de la f\u00eate des M\u00e8res, on a eu envie chez Cheerz de c\u00e9l\u00e9brer la famille au sens large \u00e0 travers vos souvenirs, vos histoires et vos anecdotes et puis on s\u2019est dit : qui de mieux que vous pour les raconter ?<\/p>\n<p>Voil\u00e0 comment apr\u00e8s un appel \u00e0 candidatures, on est parti \u00e0 la rencontre des m\u00e8res, futures m\u00e8res et p\u00e8res de notre communaut\u00e9 pour papoter sur les ann\u00e9es \u00e9coul\u00e9es, la grossesse, la photo\u2026 et \u00e9crire ainsi ensemble l\u2019histoire de notre ou plut\u00f4t votre campagne de f\u00eate des M\u00e8res.<\/p>\n<p>Alors sans plus tarder, on vous laisse avec l\u2019histoire de Ibtissam, fi\u00e8re maman de trois petites bouilles, elle nous raconte&#8230;<\/p>\n<h2>Portrait de Ibtissam<\/h2>\n<p><b>Hello Ibtissam, comment \u00e7a va ?<\/b><\/p>\n<p><em><span style=\"font-weight: 400;\">Coucou \u00e7a va tr\u00e8s bien merci et vous ??<\/span><\/em><\/p>\n<p><b>Si tu devais te pr\u00e9senter en une photo tu choisirais laquelle et pourquoi ?<\/b><\/p>\n<p><em><span style=\"font-weight: 400;\">En une photo&#8230; difficile de n\u2019en choisir qu\u2019une, mais je pense que \u00e7a serait celle-l\u00e0 :\u00a0<\/span><\/em><\/p>\n<p><img loading=\"lazy\" decoding=\"async\" class=\"alignnone size-full wp-image-16725\" src=\"https:\/\/royal.cheerz.com\/wp-content\/uploads\/2021\/03\/image0.jpeg\" alt=\"\" width=\"1024\" height=\"768\" srcset=\"https:\/\/cheerz.wpengine.com\/wp-content\/uploads\/2021\/03\/image0.jpeg 1024w, https:\/\/cheerz.wpengine.com\/wp-content\/uploads\/2021\/03\/image0-300x225.jpeg 300w, https:\/\/cheerz.wpengine.com\/wp-content\/uploads\/2021\/03\/image0-768x576.jpeg 768w, https:\/\/cheerz.wpengine.com\/wp-content\/uploads\/2021\/03\/image0-1000x750.jpeg 1000w\" sizes=\"auto, (max-width: 1024px) 100vw, 1024px\" \/><\/p>\n<p><em><span style=\"font-weight: 400;\">Tr\u00e8s rares sont les photos o\u00f9 je suis avec mes 3 enfants. En fait, c\u2019est toujours moi qui demande qu\u2019on fasse des photos de tout et de chaque moment.<\/span><\/em><\/p>\n<p><b>C\u2019est quoi ta d\u00e9finition du mot \u201cmaman\u201d ?<\/b><\/p>\n<p><em><span style=\"font-weight: 400;\">Maman&#8230; \u00e7a d\u00e9finit plusieurs choses. Mais surtout un super h\u00e9ros haha ! Quand on devient maman, nos priorit\u00e9s changent. On donnerait sa vie pour nos enfants.<\/span><\/em><\/p>\n<p><b>Tu te souviens de la premi\u00e8re personne \u00e0 qui tu avais annonc\u00e9 ta grossesse ?<\/b><\/p>\n<p><em><span style=\"font-weight: 400;\">Bien s\u00fbr, c\u2019\u00e9tait \u00e0 ma cousine avec qui je partage tout depuis notre enfance.<\/span><\/em><\/p>\n<p><b>Tu lui avais annonc\u00e9 comment ?<\/b><\/p>\n<p><em><span style=\"font-weight: 400;\">En lui envoyant la photo du test de grossesse directement !<\/span><\/em><\/p>\n<p><b>C\u2019est quoi, ou c\u2019est qui ton fond d\u2019\u00e9cran ?<\/b><\/p>\n<p><em><span style=\"font-weight: 400;\">Ce sont mes enfants\u00a0sans surprises.<\/span><\/em><\/p>\n<p><img loading=\"lazy\" decoding=\"async\" class=\"alignnone size-full wp-image-16726\" src=\"https:\/\/royal.cheerz.com\/wp-content\/uploads\/2021\/03\/2.png\" alt=\"\" width=\"1000\" height=\"600\" srcset=\"https:\/\/cheerz.wpengine.com\/wp-content\/uploads\/2021\/03\/2.png 1000w, https:\/\/cheerz.wpengine.com\/wp-content\/uploads\/2021\/03\/2-300x180.png 300w, https:\/\/cheerz.wpengine.com\/wp-content\/uploads\/2021\/03\/2-768x461.png 768w\" sizes=\"auto, (max-width: 1000px) 100vw, 1000px\" \/><\/p>\n<p><b>\u00catre maman c\u2019est une \u00e9tape importante dans la vie d\u2019une femme. On ne r\u00e9alise pas forc\u00e9ment tout de suite ce qui se passe, qu\u2019est-ce qui t\u2019a fait r\u00e9aliser toi que tu \u00e9tais vraiment maman ?<\/b><\/p>\n<p><em><span style=\"font-weight: 400;\">Quand on se rend compte qu\u2019on a des responsabilit\u00e9s, que ces petits \u00eatres nous aiment d\u00e8s le premier jour et qu\u2019ils ont besoin de nous. On ne pense alors plus qu\u2019\u00e0 eux et ils passent avant tout ! On veille sur eux et \u00e7a vient naturellement.<\/span><\/em><\/p>\n<p><em><span style=\"font-weight: 400;\">\u00c0 ce moment, la relation qu\u2019on a avec sa propre m\u00e8re change, on a une autre vision du r\u00f4le de Maman.<\/span><\/em><\/p>\n<p><em><span style=\"font-weight: 400;\">Et parfois, il m\u2019arrive\u00a0 quand un de mes enfants m\u2019appelle \u00ab maman \u00bb d\u2019avoir un flash d\u2019un coup et de me dire \u00ab ah oui quand m\u00eame je suis MAMAN quoi \u00bb<\/span><\/em><\/p>\n<p><b>Le truc qui te fait penser \u00e0 ta maman imm\u00e9diatement c\u2019est quoi ?<\/b><\/p>\n<p><em><span style=\"font-weight: 400;\">Un tas de choses me font penser \u00e0 elle.<\/span><\/em><br \/>\n<em><span style=\"font-weight: 400;\">Mais particuli\u00e8rement une berceuse que je chante \u00e0 mes enfants : une chanson douce.\u00a0<\/span><\/em><br \/>\n<em><span style=\"font-weight: 400;\">Je suis incapable de vous dire si elle me ber\u00e7ait avec cette chanson mais d\u00e8s que je leur chante je pense \u00e0 elle.<\/span><\/em><\/p>\n<p><b>C\u2019\u00e9tait quoi la derni\u00e8re impression photo que tu as faite chez Cheerz ? Tu nous montres ?<\/b><\/p>\n<p><i>Un petit album de la Ketteche\u00a0Family\u00a0avec le petit dernier de la famille.\u00a0<\/i><br \/>\n<em><span style=\"font-weight: 400;\">On s\u2019est fait une vraie s\u00e9ance photo \u00e0 la maison entre nous\u2026 et franchement le rendu top !<\/span><\/em><\/p>\n<p><b>Tu prends quoi comme photo ?<\/b><\/p>\n<p><em><span style=\"font-weight: 400;\">Tout ! Chaque anniversaire, chaque rentr\u00e9e, chez la nounou, \u00e0 l\u2019\u00e9cole, pendant les soir\u00e9es pyjama avec les cousines,\u00a0<\/span><\/em><em><span style=\"font-weight: 400;\">les activit\u00e9s, les sorties, les voyages, les premiers pas les premiers mots &#8230; TOUT QUOI\u00a0<\/span><\/em><\/p>\n<p><b>T\u2019as pris quoi comme photo hier ?<\/b><\/p>\n<p><em><span style=\"font-weight: 400;\">J\u2019ai pris une photo de mon fils qui a mis mes bottes \u00e0 talons haha.<\/span><\/em><\/p>\n<p><b>C\u2019est quoi le programme pour la f\u00eate des M\u00e8res ?\u00a0<\/b><\/p>\n<p><i>Un repas en famille, un\u00a0\u00e9v\u00e9nement\u00a0comme on aime les organiser&#8230; \u00e0 th\u00e8me bien s\u00fbr et avec un buffet de folie !<\/i><\/p>\n<p><b>Est-ce qu\u2019\u00e0 partir d\u2019une photo de ton choix tu peux nous raconter un souvenir marquant, une anecdote, un bon moment\u2026 sur ta vie de maman\u00a0?<\/b><\/p>\n<p><img loading=\"lazy\" decoding=\"async\" class=\"alignnone size-full wp-image-16727\" src=\"https:\/\/royal.cheerz.com\/wp-content\/uploads\/2021\/03\/3.png\" alt=\"\" width=\"1000\" height=\"600\" srcset=\"https:\/\/cheerz.wpengine.com\/wp-content\/uploads\/2021\/03\/3.png 1000w, https:\/\/cheerz.wpengine.com\/wp-content\/uploads\/2021\/03\/3-300x180.png 300w, https:\/\/cheerz.wpengine.com\/wp-content\/uploads\/2021\/03\/3-768x461.png 768w\" sizes=\"auto, (max-width: 1000px) 100vw, 1000px\" \/><\/p>\n<p><em><span style=\"font-weight: 400;\">Je choisis cette photo de mon anniversaire ! Mais pas n\u2019importe lequel, mon premier anniversaire en \u00e9tant confin\u00e9s&#8230; aupr\u00e8s des miens, en petit comit\u00e9.<\/span><\/em><\/p>\n<p><em><span style=\"font-weight: 400;\">J\u2019ai \u00e9t\u00e9 couverte d\u2019amour et \u00e7a fait du bien.<\/span><\/em><\/p>\n<p><span style=\"font-weight: 400;\"><em>Toute cette crise nous fait prendre conscience que rien n\u2019est plus important que la famille et les moments qu\u2019on passe ensemble !<\/em>\u00a0\u2764\ufe0f<\/span><\/p>\n<p><strong>Merci Ibtissam d\u2019avoir r\u00e9pondu \u00e0 toutes nos curiosit\u00e9s, c\u2019\u00e9tait un plaisir d\u2019\u00e9changer avec toi on vous souhaite de passer une excellente f\u00eate des m\u00e8res tous les 5 !\u00a0<\/strong><\/p>\n","protected":false},"excerpt":{"rendered":"<p>Maman raconte S\u2019il y a une chose que nous aura confirm\u00e9e cette dr\u00f4le d\u2019ann\u00e9e, c\u2019est bien l\u2019importance de la famille, qu\u2019elle soit de coeur ou de sang, les moments pass\u00e9s ensemble n\u2019ont pas de prix. Alors, \u00e0 l\u2019approche de la f\u00eate des M\u00e8res, on a eu envie chez Cheerz de c\u00e9l\u00e9brer la famille au sens [&hellip;]<\/p>\n","protected":false},"author":19,"featured_media":16846,"comment_status":"closed","ping_status":"closed","sticky":false,"template":"","format":"standard","meta":{"_acf_changed":false,"_lmt_disableupdate":"","_lmt_disable":"","iawp_total_views":50,"footnotes":""},"categories":[71],"tags":[],"class_list":["post-16724","post","type-post","status-publish","format-standard","has-post-thumbnail","hentry","category-actualites"],"acf":[],"yoast_head":"<!-- This site is optimized with the Yoast SEO plugin v27.5 - https:\/\/yoast.com\/product\/yoast-seo-wordpress\/ -->\n<title>Maman raconte... | Portrait de Ibtissam - Blog Cheerz<\/title>\n<meta name=\"description\" content=\"Cette ann\u00e9e pour la f\u00eate des m\u00e8res, plut\u00f4t qu&#039;imaginer des histoires, on a pr\u00e9f\u00e9r\u00e9 \u00e9couter les v\u00f4tres ! Alors d\u00e9couvrez celle de Ibtissam \ud83d\udc46\ud83c\udffc\" \/>\n<meta name=\"robots\" content=\"index, follow, max-snippet:-1, max-image-preview:large, max-video-preview:-1\" \/>\n<link rel=\"canonical\" href=\"https:\/\/cheerz.wpengine.com\/actualites\/maman-raconte-portrait-de-ibtissam\/\" \/>\n<meta property=\"og:locale\" content=\"fr_FR\" \/>\n<meta property=\"og:type\" content=\"article\" \/>\n<meta property=\"og:title\" content=\"Maman raconte... | Portrait de Ibtissam - Blog Cheerz\" \/>\n<meta property=\"og:description\" content=\"Cette ann\u00e9e pour la f\u00eate des m\u00e8res, plut\u00f4t qu&#039;imaginer des histoires, on a pr\u00e9f\u00e9r\u00e9 \u00e9couter les v\u00f4tres ! Alors d\u00e9couvrez celle de Ibtissam \ud83d\udc46\ud83c\udffc\" \/>\n<meta property=\"og:url\" content=\"https:\/\/cheerz.wpengine.com\/actualites\/maman-raconte-portrait-de-ibtissam\/\" \/>\n<meta property=\"og:site_name\" content=\"Blog Cheerz\" \/>\n<meta property=\"article:published_time\" content=\"2021-03-30T08:16:20+00:00\" \/>\n<meta property=\"article:modified_time\" content=\"2021-05-11T10:30:34+00:00\" \/>\n<meta property=\"og:image\" content=\"https:\/\/cheerz.wpengine.com\/wp-content\/uploads\/2021\/03\/headerv2-1.png\" \/>\n\t<meta property=\"og:image:width\" content=\"1200\" \/>\n\t<meta property=\"og:image:height\" content=\"800\" \/>\n\t<meta property=\"og:image:type\" content=\"image\/png\" \/>\n<meta name=\"author\" content=\"Sandra Hebben\" \/>\n<meta name=\"twitter:card\" content=\"summary_large_image\" \/>\n<meta name=\"twitter:label1\" content=\"\u00c9crit par\" \/>\n\t<meta name=\"twitter:data1\" content=\"Sandra Hebben\" \/>\n\t<meta name=\"twitter:label2\" content=\"Dur\u00e9e de lecture estim\u00e9e\" \/>\n\t<meta name=\"twitter:data2\" content=\"4 minutes\" \/>\n<script type=\"application\/ld+json\" class=\"yoast-schema-graph\">{\"@context\":\"https:\\\/\\\/schema.org\",\"@graph\":[{\"@type\":\"Article\",\"@id\":\"https:\\\/\\\/cheerz.wpengine.com\\\/actualites\\\/maman-raconte-portrait-de-ibtissam\\\/#article\",\"isPartOf\":{\"@id\":\"https:\\\/\\\/cheerz.wpengine.com\\\/actualites\\\/maman-raconte-portrait-de-ibtissam\\\/\"},\"author\":{\"name\":\"Sandra Hebben\",\"@id\":\"https:\\\/\\\/cheerz.wpengine.com\\\/#\\\/schema\\\/person\\\/7b9bde04783642a12683670a1fe86309\"},\"headline\":\"Maman raconte&#8230; | Portrait de Ibtissam\",\"datePublished\":\"2021-03-30T08:16:20+00:00\",\"dateModified\":\"2021-05-11T10:30:34+00:00\",\"mainEntityOfPage\":{\"@id\":\"https:\\\/\\\/cheerz.wpengine.com\\\/actualites\\\/maman-raconte-portrait-de-ibtissam\\\/\"},\"wordCount\":818,\"image\":{\"@id\":\"https:\\\/\\\/cheerz.wpengine.com\\\/actualites\\\/maman-raconte-portrait-de-ibtissam\\\/#primaryimage\"},\"thumbnailUrl\":\"https:\\\/\\\/cheerz.wpengine.com\\\/wp-content\\\/uploads\\\/2021\\\/03\\\/headerv2-1.png\",\"articleSection\":[\"Actus\"],\"inLanguage\":\"fr-FR\"},{\"@type\":\"WebPage\",\"@id\":\"https:\\\/\\\/cheerz.wpengine.com\\\/actualites\\\/maman-raconte-portrait-de-ibtissam\\\/\",\"url\":\"https:\\\/\\\/cheerz.wpengine.com\\\/actualites\\\/maman-raconte-portrait-de-ibtissam\\\/\",\"name\":\"Maman raconte... | Portrait de Ibtissam - Blog Cheerz\",\"isPartOf\":{\"@id\":\"https:\\\/\\\/cheerz.wpengine.com\\\/#website\"},\"primaryImageOfPage\":{\"@id\":\"https:\\\/\\\/cheerz.wpengine.com\\\/actualites\\\/maman-raconte-portrait-de-ibtissam\\\/#primaryimage\"},\"image\":{\"@id\":\"https:\\\/\\\/cheerz.wpengine.com\\\/actualites\\\/maman-raconte-portrait-de-ibtissam\\\/#primaryimage\"},\"thumbnailUrl\":\"https:\\\/\\\/cheerz.wpengine.com\\\/wp-content\\\/uploads\\\/2021\\\/03\\\/headerv2-1.png\",\"datePublished\":\"2021-03-30T08:16:20+00:00\",\"dateModified\":\"2021-05-11T10:30:34+00:00\",\"author\":{\"@id\":\"https:\\\/\\\/cheerz.wpengine.com\\\/#\\\/schema\\\/person\\\/7b9bde04783642a12683670a1fe86309\"},\"description\":\"Cette ann\u00e9e pour la f\u00eate des m\u00e8res, plut\u00f4t qu'imaginer des histoires, on a pr\u00e9f\u00e9r\u00e9 \u00e9couter les v\u00f4tres ! Alors d\u00e9couvrez celle de Ibtissam \ud83d\udc46\ud83c\udffc\",\"breadcrumb\":{\"@id\":\"https:\\\/\\\/cheerz.wpengine.com\\\/actualites\\\/maman-raconte-portrait-de-ibtissam\\\/#breadcrumb\"},\"inLanguage\":\"fr-FR\",\"potentialAction\":[{\"@type\":\"ReadAction\",\"target\":[\"https:\\\/\\\/cheerz.wpengine.com\\\/actualites\\\/maman-raconte-portrait-de-ibtissam\\\/\"]}]},{\"@type\":\"ImageObject\",\"inLanguage\":\"fr-FR\",\"@id\":\"https:\\\/\\\/cheerz.wpengine.com\\\/actualites\\\/maman-raconte-portrait-de-ibtissam\\\/#primaryimage\",\"url\":\"https:\\\/\\\/cheerz.wpengine.com\\\/wp-content\\\/uploads\\\/2021\\\/03\\\/headerv2-1.png\",\"contentUrl\":\"https:\\\/\\\/cheerz.wpengine.com\\\/wp-content\\\/uploads\\\/2021\\\/03\\\/headerv2-1.png\",\"width\":1200,\"height\":800,\"caption\":\"cheerz f\u00eate des M\u00e8res interview\"},{\"@type\":\"BreadcrumbList\",\"@id\":\"https:\\\/\\\/cheerz.wpengine.com\\\/actualites\\\/maman-raconte-portrait-de-ibtissam\\\/#breadcrumb\",\"itemListElement\":[{\"@type\":\"ListItem\",\"position\":1,\"name\":\"Royal Cheerz\",\"item\":\"https:\\\/\\\/cheerz.wpengine.com\\\/\"},{\"@type\":\"ListItem\",\"position\":2,\"name\":\"Actus\",\"item\":\"https:\\\/\\\/cheerz.wpengine.com\\\/categorie\\\/actualites\\\/\"},{\"@type\":\"ListItem\",\"position\":3,\"name\":\"Maman raconte&#8230; | Portrait de Ibtissam\"}]},{\"@type\":\"WebSite\",\"@id\":\"https:\\\/\\\/cheerz.wpengine.com\\\/#website\",\"url\":\"https:\\\/\\\/cheerz.wpengine.com\\\/\",\"name\":\"Blog Cheerz\",\"description\":\"Imprimeur de sourires\",\"potentialAction\":[{\"@type\":\"SearchAction\",\"target\":{\"@type\":\"EntryPoint\",\"urlTemplate\":\"https:\\\/\\\/cheerz.wpengine.com\\\/?s={search_term_string}\"},\"query-input\":{\"@type\":\"PropertyValueSpecification\",\"valueRequired\":true,\"valueName\":\"search_term_string\"}}],\"inLanguage\":\"fr-FR\"},{\"@type\":\"Person\",\"@id\":\"https:\\\/\\\/cheerz.wpengine.com\\\/#\\\/schema\\\/person\\\/7b9bde04783642a12683670a1fe86309\",\"name\":\"Sandra Hebben\",\"image\":{\"@type\":\"ImageObject\",\"inLanguage\":\"fr-FR\",\"@id\":\"https:\\\/\\\/secure.gravatar.com\\\/avatar\\\/78e6628b74fca1a9893c89902dbbd52e8a7b93a9994991ed346b5ad52c6b84a8?s=96&d=mm&r=g\",\"url\":\"https:\\\/\\\/secure.gravatar.com\\\/avatar\\\/78e6628b74fca1a9893c89902dbbd52e8a7b93a9994991ed346b5ad52c6b84a8?s=96&d=mm&r=g\",\"contentUrl\":\"https:\\\/\\\/secure.gravatar.com\\\/avatar\\\/78e6628b74fca1a9893c89902dbbd52e8a7b93a9994991ed346b5ad52c6b84a8?s=96&d=mm&r=g\",\"caption\":\"Sandra Hebben\"},\"url\":\"https:\\\/\\\/cheerz.wpengine.com\\\/author\\\/sandra-hebbencheerz-com\\\/\"}]}<\/script>\n<!-- \/ Yoast SEO plugin. -->","yoast_head_json":{"title":"Maman raconte... | Portrait de Ibtissam - Blog Cheerz","description":"Cette ann\u00e9e pour la f\u00eate des m\u00e8res, plut\u00f4t qu'imaginer des histoires, on a pr\u00e9f\u00e9r\u00e9 \u00e9couter les v\u00f4tres ! Alors d\u00e9couvrez celle de Ibtissam \ud83d\udc46\ud83c\udffc","robots":{"index":"index","follow":"follow","max-snippet":"max-snippet:-1","max-image-preview":"max-image-preview:large","max-video-preview":"max-video-preview:-1"},"canonical":"https:\/\/cheerz.wpengine.com\/actualites\/maman-raconte-portrait-de-ibtissam\/","og_locale":"fr_FR","og_type":"article","og_title":"Maman raconte... | Portrait de Ibtissam - Blog Cheerz","og_description":"Cette ann\u00e9e pour la f\u00eate des m\u00e8res, plut\u00f4t qu'imaginer des histoires, on a pr\u00e9f\u00e9r\u00e9 \u00e9couter les v\u00f4tres ! Alors d\u00e9couvrez celle de Ibtissam \ud83d\udc46\ud83c\udffc","og_url":"https:\/\/cheerz.wpengine.com\/actualites\/maman-raconte-portrait-de-ibtissam\/","og_site_name":"Blog Cheerz","article_published_time":"2021-03-30T08:16:20+00:00","article_modified_time":"2021-05-11T10:30:34+00:00","og_image":[{"width":1200,"height":800,"url":"https:\/\/cheerz.wpengine.com\/wp-content\/uploads\/2021\/03\/headerv2-1.png","type":"image\/png"}],"author":"Sandra Hebben","twitter_card":"summary_large_image","twitter_misc":{"\u00c9crit par":"Sandra Hebben","Dur\u00e9e de lecture estim\u00e9e":"4 minutes"},"schema":{"@context":"https:\/\/schema.org","@graph":[{"@type":"Article","@id":"https:\/\/cheerz.wpengine.com\/actualites\/maman-raconte-portrait-de-ibtissam\/#article","isPartOf":{"@id":"https:\/\/cheerz.wpengine.com\/actualites\/maman-raconte-portrait-de-ibtissam\/"},"author":{"name":"Sandra Hebben","@id":"https:\/\/cheerz.wpengine.com\/#\/schema\/person\/7b9bde04783642a12683670a1fe86309"},"headline":"Maman raconte&#8230; | Portrait de Ibtissam","datePublished":"2021-03-30T08:16:20+00:00","dateModified":"2021-05-11T10:30:34+00:00","mainEntityOfPage":{"@id":"https:\/\/cheerz.wpengine.com\/actualites\/maman-raconte-portrait-de-ibtissam\/"},"wordCount":818,"image":{"@id":"https:\/\/cheerz.wpengine.com\/actualites\/maman-raconte-portrait-de-ibtissam\/#primaryimage"},"thumbnailUrl":"https:\/\/cheerz.wpengine.com\/wp-content\/uploads\/2021\/03\/headerv2-1.png","articleSection":["Actus"],"inLanguage":"fr-FR"},{"@type":"WebPage","@id":"https:\/\/cheerz.wpengine.com\/actualites\/maman-raconte-portrait-de-ibtissam\/","url":"https:\/\/cheerz.wpengine.com\/actualites\/maman-raconte-portrait-de-ibtissam\/","name":"Maman raconte... | Portrait de Ibtissam - Blog Cheerz","isPartOf":{"@id":"https:\/\/cheerz.wpengine.com\/#website"},"primaryImageOfPage":{"@id":"https:\/\/cheerz.wpengine.com\/actualites\/maman-raconte-portrait-de-ibtissam\/#primaryimage"},"image":{"@id":"https:\/\/cheerz.wpengine.com\/actualites\/maman-raconte-portrait-de-ibtissam\/#primaryimage"},"thumbnailUrl":"https:\/\/cheerz.wpengine.com\/wp-content\/uploads\/2021\/03\/headerv2-1.png","datePublished":"2021-03-30T08:16:20+00:00","dateModified":"2021-05-11T10:30:34+00:00","author":{"@id":"https:\/\/cheerz.wpengine.com\/#\/schema\/person\/7b9bde04783642a12683670a1fe86309"},"description":"Cette ann\u00e9e pour la f\u00eate des m\u00e8res, plut\u00f4t qu'imaginer des histoires, on a pr\u00e9f\u00e9r\u00e9 \u00e9couter les v\u00f4tres ! Alors d\u00e9couvrez celle de Ibtissam \ud83d\udc46\ud83c\udffc","breadcrumb":{"@id":"https:\/\/cheerz.wpengine.com\/actualites\/maman-raconte-portrait-de-ibtissam\/#breadcrumb"},"inLanguage":"fr-FR","potentialAction":[{"@type":"ReadAction","target":["https:\/\/cheerz.wpengine.com\/actualites\/maman-raconte-portrait-de-ibtissam\/"]}]},{"@type":"ImageObject","inLanguage":"fr-FR","@id":"https:\/\/cheerz.wpengine.com\/actualites\/maman-raconte-portrait-de-ibtissam\/#primaryimage","url":"https:\/\/cheerz.wpengine.com\/wp-content\/uploads\/2021\/03\/headerv2-1.png","contentUrl":"https:\/\/cheerz.wpengine.com\/wp-content\/uploads\/2021\/03\/headerv2-1.png","width":1200,"height":800,"caption":"cheerz f\u00eate des M\u00e8res interview"},{"@type":"BreadcrumbList","@id":"https:\/\/cheerz.wpengine.com\/actualites\/maman-raconte-portrait-de-ibtissam\/#breadcrumb","itemListElement":[{"@type":"ListItem","position":1,"name":"Royal Cheerz","item":"https:\/\/cheerz.wpengine.com\/"},{"@type":"ListItem","position":2,"name":"Actus","item":"https:\/\/cheerz.wpengine.com\/categorie\/actualites\/"},{"@type":"ListItem","position":3,"name":"Maman raconte&#8230; | Portrait de Ibtissam"}]},{"@type":"WebSite","@id":"https:\/\/cheerz.wpengine.com\/#website","url":"https:\/\/cheerz.wpengine.com\/","name":"Blog Cheerz","description":"Imprimeur de sourires","potentialAction":[{"@type":"SearchAction","target":{"@type":"EntryPoint","urlTemplate":"https:\/\/cheerz.wpengine.com\/?s={search_term_string}"},"query-input":{"@type":"PropertyValueSpecification","valueRequired":true,"valueName":"search_term_string"}}],"inLanguage":"fr-FR"},{"@type":"Person","@id":"https:\/\/cheerz.wpengine.com\/#\/schema\/person\/7b9bde04783642a12683670a1fe86309","name":"Sandra Hebben","image":{"@type":"ImageObject","inLanguage":"fr-FR","@id":"https:\/\/secure.gravatar.com\/avatar\/78e6628b74fca1a9893c89902dbbd52e8a7b93a9994991ed346b5ad52c6b84a8?s=96&d=mm&r=g","url":"https:\/\/secure.gravatar.com\/avatar\/78e6628b74fca1a9893c89902dbbd52e8a7b93a9994991ed346b5ad52c6b84a8?s=96&d=mm&r=g","contentUrl":"https:\/\/secure.gravatar.com\/avatar\/78e6628b74fca1a9893c89902dbbd52e8a7b93a9994991ed346b5ad52c6b84a8?s=96&d=mm&r=g","caption":"Sandra Hebben"},"url":"https:\/\/cheerz.wpengine.com\/author\/sandra-hebbencheerz-com\/"}]}},"modified_by":null,"_links":{"self":[{"href":"https:\/\/cheerz.wpengine.com\/wp-json\/wp\/v2\/posts\/16724","targetHints":{"allow":["GET"]}}],"collection":[{"href":"https:\/\/cheerz.wpengine.com\/wp-json\/wp\/v2\/posts"}],"about":[{"href":"https:\/\/cheerz.wpengine.com\/wp-json\/wp\/v2\/types\/post"}],"author":[{"embeddable":true,"href":"https:\/\/cheerz.wpengine.com\/wp-json\/wp\/v2\/users\/19"}],"replies":[{"embeddable":true,"href":"https:\/\/cheerz.wpengine.com\/wp-json\/wp\/v2\/comments?post=16724"}],"version-history":[{"count":0,"href":"https:\/\/cheerz.wpengine.com\/wp-json\/wp\/v2\/posts\/16724\/revisions"}],"wp:featuredmedia":[{"embeddable":true,"href":"https:\/\/cheerz.wpengine.com\/wp-json\/wp\/v2\/media\/16846"}],"wp:attachment":[{"href":"https:\/\/cheerz.wpengine.com\/wp-json\/wp\/v2\/media?parent=16724"}],"wp:term":[{"taxonomy":"category","embeddable":true,"href":"https:\/\/cheerz.wpengine.com\/wp-json\/wp\/v2\/categories?post=16724"},{"taxonomy":"post_tag","embeddable":true,"href":"https:\/\/cheerz.wpengine.com\/wp-json\/wp\/v2\/tags?post=16724"}],"curies":[{"name":"wp","href":"https:\/\/api.w.org\/{rel}","templated":true}]}}