
{"id":16722,"date":"2021-03-30T10:18:33","date_gmt":"2021-03-30T08:18:33","guid":{"rendered":"https:\/\/royal.cheerz.com\/?p=16722"},"modified":"2021-05-11T11:54:53","modified_gmt":"2021-05-11T09:54:53","slug":"papa-raconte-portrait-de-david","status":"publish","type":"post","link":"https:\/\/cheerz.wpengine.com\/actualites\/papa-raconte-portrait-de-david\/","title":{"rendered":"Papa raconte&#8230; | Portrait de David"},"content":{"rendered":"<h1>Papa raconte<\/h1>\n<p>S&rsquo;il y a une chose que nous aura confirm\u00e9e cette dr\u00f4le d&rsquo;ann\u00e9e, c&rsquo;est bien l&rsquo;importance de la famille, qu&rsquo;elle soit de coeur ou de sang, les moments pass\u00e9s ensemble n&rsquo;ont pas de prix. Alors, \u00e0 l&rsquo;approche de la f\u00eate des m\u00e8res, on a eu envie chez Cheerz de c\u00e9l\u00e9brer la famille au sens large \u00e0 travers vos souvenirs, vos histoires et vos anecdotes et puis on s&rsquo;est dit : qui de mieux que vous pour les raconter ?<\/p>\n<p>Voil\u00e0 comment suite \u00e0 un appel \u00e0 candidatures, on est parti \u00e0 votre rencontre<span style=\"font-weight: 400;\">\u00a0pour papoter sur l\u2019ann\u00e9e pass\u00e9e, le<\/span><span style=\"font-weight: 400;\">s ann\u00e9es \u00e9coul\u00e9es, la grossesse, leur rapport \u00e0 la photo et \u00e9crire ensemble l\u2019histoire de cette campagne de la f\u00eate des m\u00e8res.\u00a0<\/span><\/p>\n<p>Alors sans plus tarder, on embarque pour l&rsquo;histoire de David, aussi connu pour \u00eatre Mister Green chez Cheerz ! Heureux papa\u00a0de deux petites frimousses, il nous raconte&#8230;<\/p>\n<h2>Portrait de David<\/h2>\n<p><strong>Hello David, comment \u00e7a va ?<\/strong><\/p>\n<p><em><span style=\"font-weight: 400;\">Hello ! au top, et vous ??<\/span><\/em><\/p>\n<p><strong>Si tu devais te pr\u00e9senter en une seule photo tu choisirais laquelle et pourquoi ?<\/strong><\/p>\n<p><em><span style=\"font-weight: 400;\">Un photomontage -oui, je triche d\u00e8s la premi\u00e8re question- avec toutes les personnes qui m\u2019entourent au quotidien : ma femme, mes enfants, ma famille et mes amis. C\u2019est une composante essentielle de qui je suis aujourd\u2019hui.<\/span><\/em><\/p>\n<p><strong>Tu fais quoi chez Cheerz ?<\/strong><\/p>\n<p><em><span style=\"font-weight: 400;\">J\u2019ai la chance d\u2019\u00eatre en charge du p\u00f4le strat\u00e9gie, finance &amp; data \ud83d\ude42<\/span><\/em><\/p>\n<p><strong>Pour toi, c\u2019est quoi la d\u00e9finition du mot \u201cmaman\u201d ?<\/strong><\/p>\n<p><em><span style=\"font-weight: 400;\">Un r\u00e9servoir in\u00e9puisable de tendresse (j\u2019ai \u00e9t\u00e9 v\u00e9rifier je ne suis pas hyper raccord avec le Larousse&#8230;)<\/span><\/em><\/p>\n<p><strong>Tu te souviens comment ta femme t\u2019as annonc\u00e9 que tu allais \u00eatre papa ?<\/strong><\/p>\n<p><em><span style=\"font-weight: 400;\">Of course ! Elle m\u2019a apport\u00e9 un test de grossesse avec un sourire jusqu\u2019aux oreilles. J\u2019ai tout de suite compris que c\u2019\u00e9tait positif (gr\u00e2ce \u00e0 son sourire, parce qu\u2019un test de grossesse sans mode d\u2019emploi\u2026 ce n\u2019est pas \u00e9vident !)<\/span><\/em><\/p>\n<p><strong>C\u2019est qui la premi\u00e8re personne \u00e0 qui toi tu l\u2019as ensuite annonc\u00e9 ?<\/strong><\/p>\n<p><em><span style=\"font-weight: 400;\">Nous l\u2019avons annonc\u00e9 \u00e0 l\u2019occasion d\u2019un d\u00e9jeuner en famille \u00e0 mes parents, ma s\u0153ur a\u00een\u00e9e et son conjoint. Ces derniers nous ont r\u00e9pondu qu\u2019ils attendaient \u00e9galement un enfant pour le m\u00eame terme : journ\u00e9e intense en \u00e9motions ! Nos enfants sont n\u00e9s avec une semaine d\u2019\u00e9cart.<\/span><\/em><\/p>\n<p><strong>Le truc qui te fait penser \u00e0 ta maman imm\u00e9diatement c\u2019est quoi ?<\/strong><\/p>\n<p><em><span style=\"font-weight: 400;\">Une multitude de petites choses du quotidien : un plat qui aurait \u00e9t\u00e9 meilleur pr\u00e9par\u00e9 par elle #tarteaucintronmeringu\u00e9e, la chanson d\u2019un artiste qu\u2019elle m\u2019a fait d\u00e9couvrir dans ma jeunesse #heartofgold, un lieu qu\u2019elle affectionne particuli\u00e8rement #c\u00f4tedazur<\/span><\/em><\/p>\n<p><strong>La derni\u00e8re impression photo que tu as faite chez Cheerz, c\u2019\u00e9tait quoi ?<\/strong><\/p>\n<p><em><span style=\"font-weight: 400;\">Une petite attention \u00e0 l\u2019occasion de la journ\u00e9e de la femme adress\u00e9e \u00e0 ma femme et ma fille de la part de mon fils et moi.<\/span><\/em><\/p>\n<p><strong>On dit souvent que les moments o\u00f9 nous sommes jeunes parents sont ceux de notre vie o\u00f9 l&rsquo;on prend le plus de photos, c\u2019est le cas pour toi ? Tu prends quoi comme photo ?<\/strong><\/p>\n<p><em><span style=\"font-weight: 400;\">C\u2019est tout \u00e0 fait juste et ce dans des proportions d\u00e9raisonnables ! Je mitraille mes enfants dans tous les petits moments du quotidien qui font g\u00e9n\u00e9ralement les meilleurs souvenirs et qui figureront en bonne place dans un produit photo.<\/span><\/em><\/p>\n<p><strong>C\u2019est quoi la derni\u00e8re photo que tu as prise ?<\/strong><\/p>\n<p><em><span style=\"font-weight: 400;\">La photo date de ce matin : mes enfants au r\u00e9veil s&rsquo;amusent \u00e0 taper des deux mains sur la vitre pour faire le plus de bruit possible\u2026 !<\/span><\/em><\/p>\n<p><img loading=\"lazy\" decoding=\"async\" class=\"alignnone size-full wp-image-16723\" src=\"https:\/\/royal.cheerz.com\/wp-content\/uploads\/2021\/03\/enfants.png\" alt=\"\" width=\"1000\" height=\"600\" srcset=\"https:\/\/cheerz.wpengine.com\/wp-content\/uploads\/2021\/03\/enfants.png 1000w, https:\/\/cheerz.wpengine.com\/wp-content\/uploads\/2021\/03\/enfants-300x180.png 300w, https:\/\/cheerz.wpengine.com\/wp-content\/uploads\/2021\/03\/enfants-768x461.png 768w\" sizes=\"auto, (max-width: 1000px) 100vw, 1000px\" \/><\/p>\n<p><strong>Quand les enfants sont petits, c\u2019est souvent papa qui orchestre la f\u00eate des m\u00e8res dans l\u2019ombre, c\u2019est quoi toi ton programme cette ann\u00e9e ?<\/strong><\/p>\n<p><em><span style=\"font-weight: 400;\">Grasse mat\u2019 (au moins pour la maman, pour moi \u00e7a d\u00e9pend des enfants), brunch en famille, un superbe album photo Cheerz et un joli bouquet de fleurs !<\/span><\/em><\/p>\n<p><strong>Qui est-ce qui prend le plus de photos entre maman et papa ?<\/strong><\/p>\n<p><em><span style=\"font-weight: 400;\">Papa (surtout depuis que maman a satur\u00e9 son espace de stockage sur son t\u00e9l\u00e9phone en prenant trop de photos de ses enfants)<\/span><\/em><\/p>\n<p><strong>C\u2019est quoi ou plut\u00f4t c\u2019est qui ton fond d\u2019\u00e9cran ?<\/strong><\/p>\n<p><em><span style=\"font-weight: 400;\">Une photo de mon fils (2 ans) qui est tr\u00e8s concentr\u00e9 car il tient dans ses bras sa petite soeur (6 mois)<\/span><\/em><\/p>\n<p><strong>Est-ce qu&rsquo;\u00e0 partir d\u2019une photo de ton choix tu peux nous raconter un souvenir marquant, une anecdote, un bon moment\u2026 sur ta vie de parents ?<\/strong><\/p>\n<p><em><span style=\"font-weight: 400;\">J\u2019aime particuli\u00e8rement celle du retour de la maternit\u00e9 avec ma fille. C\u2019est une photo qui me touche beaucoup, car c\u2019est la premi\u00e8re fois que mes enfants se rencontrent et que mon fils embrasse sa petite s\u0153ur : bienvenue dans la famille !<\/span><\/em><\/p>\n<p><strong>Merci David d\u2019avoir r\u00e9pondu \u00e0 toutes nos curiosit\u00e9s, c\u2019\u00e9tait un plaisir d\u2019\u00e9changer avec toi on vous \u00a0souhaite de passer une excellente f\u00eate des m\u00e8res tous les 4 !\u00a0<\/strong><\/p>\n","protected":false},"excerpt":{"rendered":"<p>Papa raconte S&rsquo;il y a une chose que nous aura confirm\u00e9e cette dr\u00f4le d&rsquo;ann\u00e9e, c&rsquo;est bien l&rsquo;importance de la famille, qu&rsquo;elle soit de coeur ou de sang, les moments pass\u00e9s ensemble n&rsquo;ont pas de prix. Alors, \u00e0 l&rsquo;approche de la f\u00eate des m\u00e8res, on a eu envie chez Cheerz de c\u00e9l\u00e9brer la famille au sens [&hellip;]<\/p>\n","protected":false},"author":19,"featured_media":16734,"comment_status":"closed","ping_status":"closed","sticky":false,"template":"","format":"standard","meta":{"_acf_changed":false,"_lmt_disableupdate":"","_lmt_disable":"","iawp_total_views":26,"footnotes":""},"categories":[71],"tags":[],"class_list":["post-16722","post","type-post","status-publish","format-standard","has-post-thumbnail","hentry","category-actualites"],"acf":[],"yoast_head":"<!-- This site is optimized with the Yoast SEO plugin v27.5 - https:\/\/yoast.com\/product\/yoast-seo-wordpress\/ -->\n<title>Papa raconte... | Portrait de David - Blog Cheerz<\/title>\n<meta name=\"description\" content=\"Cette ann\u00e9e pour la f\u00eate des m\u00e8res, plut\u00f4t que cr\u00e9er des histoires, on a pr\u00e9f\u00e9r\u00e9 \u00e9couter les v\u00f4tres ! Alors sans plus tarder d\u00e9couvrez celle de David \ud83d\udc46\ud83c\udffc\" \/>\n<meta name=\"robots\" content=\"index, follow, max-snippet:-1, max-image-preview:large, max-video-preview:-1\" \/>\n<link rel=\"canonical\" href=\"https:\/\/cheerz.wpengine.com\/actualites\/papa-raconte-portrait-de-david\/\" \/>\n<meta property=\"og:locale\" content=\"fr_FR\" \/>\n<meta property=\"og:type\" content=\"article\" \/>\n<meta property=\"og:title\" content=\"Papa raconte... | Portrait de David - Blog Cheerz\" \/>\n<meta property=\"og:description\" content=\"Cette ann\u00e9e pour la f\u00eate des m\u00e8res, plut\u00f4t que cr\u00e9er des histoires, on a pr\u00e9f\u00e9r\u00e9 \u00e9couter les v\u00f4tres ! Alors sans plus tarder d\u00e9couvrez celle de David \ud83d\udc46\ud83c\udffc\" \/>\n<meta property=\"og:url\" content=\"https:\/\/cheerz.wpengine.com\/actualites\/papa-raconte-portrait-de-david\/\" \/>\n<meta property=\"og:site_name\" content=\"Blog Cheerz\" \/>\n<meta property=\"article:published_time\" content=\"2021-03-30T08:18:33+00:00\" \/>\n<meta property=\"article:modified_time\" content=\"2021-05-11T09:54:53+00:00\" \/>\n<meta property=\"og:image\" content=\"https:\/\/cheerz.wpengine.com\/wp-content\/uploads\/2021\/03\/header.jpg\" \/>\n\t<meta property=\"og:image:width\" content=\"1200\" \/>\n\t<meta property=\"og:image:height\" content=\"800\" \/>\n\t<meta property=\"og:image:type\" content=\"image\/jpeg\" \/>\n<meta name=\"author\" content=\"Sandra Hebben\" \/>\n<meta name=\"twitter:card\" content=\"summary_large_image\" \/>\n<meta name=\"twitter:label1\" content=\"\u00c9crit par\" \/>\n\t<meta name=\"twitter:data1\" content=\"Sandra Hebben\" \/>\n\t<meta name=\"twitter:label2\" content=\"Dur\u00e9e de lecture estim\u00e9e\" \/>\n\t<meta name=\"twitter:data2\" content=\"4 minutes\" \/>\n<script type=\"application\/ld+json\" class=\"yoast-schema-graph\">{\"@context\":\"https:\\\/\\\/schema.org\",\"@graph\":[{\"@type\":\"Article\",\"@id\":\"https:\\\/\\\/cheerz.wpengine.com\\\/actualites\\\/papa-raconte-portrait-de-david\\\/#article\",\"isPartOf\":{\"@id\":\"https:\\\/\\\/cheerz.wpengine.com\\\/actualites\\\/papa-raconte-portrait-de-david\\\/\"},\"author\":{\"name\":\"Sandra Hebben\",\"@id\":\"https:\\\/\\\/cheerz.wpengine.com\\\/#\\\/schema\\\/person\\\/7b9bde04783642a12683670a1fe86309\"},\"headline\":\"Papa raconte&#8230; | Portrait de David\",\"datePublished\":\"2021-03-30T08:18:33+00:00\",\"dateModified\":\"2021-05-11T09:54:53+00:00\",\"mainEntityOfPage\":{\"@id\":\"https:\\\/\\\/cheerz.wpengine.com\\\/actualites\\\/papa-raconte-portrait-de-david\\\/\"},\"wordCount\":852,\"image\":{\"@id\":\"https:\\\/\\\/cheerz.wpengine.com\\\/actualites\\\/papa-raconte-portrait-de-david\\\/#primaryimage\"},\"thumbnailUrl\":\"https:\\\/\\\/cheerz.wpengine.com\\\/wp-content\\\/uploads\\\/2021\\\/03\\\/header.jpg\",\"articleSection\":[\"Actus\"],\"inLanguage\":\"fr-FR\"},{\"@type\":\"WebPage\",\"@id\":\"https:\\\/\\\/cheerz.wpengine.com\\\/actualites\\\/papa-raconte-portrait-de-david\\\/\",\"url\":\"https:\\\/\\\/cheerz.wpengine.com\\\/actualites\\\/papa-raconte-portrait-de-david\\\/\",\"name\":\"Papa raconte... | Portrait de David - Blog Cheerz\",\"isPartOf\":{\"@id\":\"https:\\\/\\\/cheerz.wpengine.com\\\/#website\"},\"primaryImageOfPage\":{\"@id\":\"https:\\\/\\\/cheerz.wpengine.com\\\/actualites\\\/papa-raconte-portrait-de-david\\\/#primaryimage\"},\"image\":{\"@id\":\"https:\\\/\\\/cheerz.wpengine.com\\\/actualites\\\/papa-raconte-portrait-de-david\\\/#primaryimage\"},\"thumbnailUrl\":\"https:\\\/\\\/cheerz.wpengine.com\\\/wp-content\\\/uploads\\\/2021\\\/03\\\/header.jpg\",\"datePublished\":\"2021-03-30T08:18:33+00:00\",\"dateModified\":\"2021-05-11T09:54:53+00:00\",\"author\":{\"@id\":\"https:\\\/\\\/cheerz.wpengine.com\\\/#\\\/schema\\\/person\\\/7b9bde04783642a12683670a1fe86309\"},\"description\":\"Cette ann\u00e9e pour la f\u00eate des m\u00e8res, plut\u00f4t que cr\u00e9er des histoires, on a pr\u00e9f\u00e9r\u00e9 \u00e9couter les v\u00f4tres ! Alors sans plus tarder d\u00e9couvrez celle de David \ud83d\udc46\ud83c\udffc\",\"breadcrumb\":{\"@id\":\"https:\\\/\\\/cheerz.wpengine.com\\\/actualites\\\/papa-raconte-portrait-de-david\\\/#breadcrumb\"},\"inLanguage\":\"fr-FR\",\"potentialAction\":[{\"@type\":\"ReadAction\",\"target\":[\"https:\\\/\\\/cheerz.wpengine.com\\\/actualites\\\/papa-raconte-portrait-de-david\\\/\"]}]},{\"@type\":\"ImageObject\",\"inLanguage\":\"fr-FR\",\"@id\":\"https:\\\/\\\/cheerz.wpengine.com\\\/actualites\\\/papa-raconte-portrait-de-david\\\/#primaryimage\",\"url\":\"https:\\\/\\\/cheerz.wpengine.com\\\/wp-content\\\/uploads\\\/2021\\\/03\\\/header.jpg\",\"contentUrl\":\"https:\\\/\\\/cheerz.wpengine.com\\\/wp-content\\\/uploads\\\/2021\\\/03\\\/header.jpg\",\"width\":1200,\"height\":800},{\"@type\":\"BreadcrumbList\",\"@id\":\"https:\\\/\\\/cheerz.wpengine.com\\\/actualites\\\/papa-raconte-portrait-de-david\\\/#breadcrumb\",\"itemListElement\":[{\"@type\":\"ListItem\",\"position\":1,\"name\":\"Royal Cheerz\",\"item\":\"https:\\\/\\\/cheerz.wpengine.com\\\/\"},{\"@type\":\"ListItem\",\"position\":2,\"name\":\"Actus\",\"item\":\"https:\\\/\\\/cheerz.wpengine.com\\\/categorie\\\/actualites\\\/\"},{\"@type\":\"ListItem\",\"position\":3,\"name\":\"Papa raconte&#8230; | Portrait de David\"}]},{\"@type\":\"WebSite\",\"@id\":\"https:\\\/\\\/cheerz.wpengine.com\\\/#website\",\"url\":\"https:\\\/\\\/cheerz.wpengine.com\\\/\",\"name\":\"Blog Cheerz\",\"description\":\"Imprimeur de sourires\",\"potentialAction\":[{\"@type\":\"SearchAction\",\"target\":{\"@type\":\"EntryPoint\",\"urlTemplate\":\"https:\\\/\\\/cheerz.wpengine.com\\\/?s={search_term_string}\"},\"query-input\":{\"@type\":\"PropertyValueSpecification\",\"valueRequired\":true,\"valueName\":\"search_term_string\"}}],\"inLanguage\":\"fr-FR\"},{\"@type\":\"Person\",\"@id\":\"https:\\\/\\\/cheerz.wpengine.com\\\/#\\\/schema\\\/person\\\/7b9bde04783642a12683670a1fe86309\",\"name\":\"Sandra Hebben\",\"image\":{\"@type\":\"ImageObject\",\"inLanguage\":\"fr-FR\",\"@id\":\"https:\\\/\\\/secure.gravatar.com\\\/avatar\\\/78e6628b74fca1a9893c89902dbbd52e8a7b93a9994991ed346b5ad52c6b84a8?s=96&d=mm&r=g\",\"url\":\"https:\\\/\\\/secure.gravatar.com\\\/avatar\\\/78e6628b74fca1a9893c89902dbbd52e8a7b93a9994991ed346b5ad52c6b84a8?s=96&d=mm&r=g\",\"contentUrl\":\"https:\\\/\\\/secure.gravatar.com\\\/avatar\\\/78e6628b74fca1a9893c89902dbbd52e8a7b93a9994991ed346b5ad52c6b84a8?s=96&d=mm&r=g\",\"caption\":\"Sandra Hebben\"},\"url\":\"https:\\\/\\\/cheerz.wpengine.com\\\/author\\\/sandra-hebbencheerz-com\\\/\"}]}<\/script>\n<!-- \/ Yoast SEO plugin. -->","yoast_head_json":{"title":"Papa raconte... | Portrait de David - Blog Cheerz","description":"Cette ann\u00e9e pour la f\u00eate des m\u00e8res, plut\u00f4t que cr\u00e9er des histoires, on a pr\u00e9f\u00e9r\u00e9 \u00e9couter les v\u00f4tres ! Alors sans plus tarder d\u00e9couvrez celle de David \ud83d\udc46\ud83c\udffc","robots":{"index":"index","follow":"follow","max-snippet":"max-snippet:-1","max-image-preview":"max-image-preview:large","max-video-preview":"max-video-preview:-1"},"canonical":"https:\/\/cheerz.wpengine.com\/actualites\/papa-raconte-portrait-de-david\/","og_locale":"fr_FR","og_type":"article","og_title":"Papa raconte... | Portrait de David - Blog Cheerz","og_description":"Cette ann\u00e9e pour la f\u00eate des m\u00e8res, plut\u00f4t que cr\u00e9er des histoires, on a pr\u00e9f\u00e9r\u00e9 \u00e9couter les v\u00f4tres ! Alors sans plus tarder d\u00e9couvrez celle de David \ud83d\udc46\ud83c\udffc","og_url":"https:\/\/cheerz.wpengine.com\/actualites\/papa-raconte-portrait-de-david\/","og_site_name":"Blog Cheerz","article_published_time":"2021-03-30T08:18:33+00:00","article_modified_time":"2021-05-11T09:54:53+00:00","og_image":[{"width":1200,"height":800,"url":"https:\/\/cheerz.wpengine.com\/wp-content\/uploads\/2021\/03\/header.jpg","type":"image\/jpeg"}],"author":"Sandra Hebben","twitter_card":"summary_large_image","twitter_misc":{"\u00c9crit par":"Sandra Hebben","Dur\u00e9e de lecture estim\u00e9e":"4 minutes"},"schema":{"@context":"https:\/\/schema.org","@graph":[{"@type":"Article","@id":"https:\/\/cheerz.wpengine.com\/actualites\/papa-raconte-portrait-de-david\/#article","isPartOf":{"@id":"https:\/\/cheerz.wpengine.com\/actualites\/papa-raconte-portrait-de-david\/"},"author":{"name":"Sandra Hebben","@id":"https:\/\/cheerz.wpengine.com\/#\/schema\/person\/7b9bde04783642a12683670a1fe86309"},"headline":"Papa raconte&#8230; | Portrait de David","datePublished":"2021-03-30T08:18:33+00:00","dateModified":"2021-05-11T09:54:53+00:00","mainEntityOfPage":{"@id":"https:\/\/cheerz.wpengine.com\/actualites\/papa-raconte-portrait-de-david\/"},"wordCount":852,"image":{"@id":"https:\/\/cheerz.wpengine.com\/actualites\/papa-raconte-portrait-de-david\/#primaryimage"},"thumbnailUrl":"https:\/\/cheerz.wpengine.com\/wp-content\/uploads\/2021\/03\/header.jpg","articleSection":["Actus"],"inLanguage":"fr-FR"},{"@type":"WebPage","@id":"https:\/\/cheerz.wpengine.com\/actualites\/papa-raconte-portrait-de-david\/","url":"https:\/\/cheerz.wpengine.com\/actualites\/papa-raconte-portrait-de-david\/","name":"Papa raconte... | Portrait de David - Blog Cheerz","isPartOf":{"@id":"https:\/\/cheerz.wpengine.com\/#website"},"primaryImageOfPage":{"@id":"https:\/\/cheerz.wpengine.com\/actualites\/papa-raconte-portrait-de-david\/#primaryimage"},"image":{"@id":"https:\/\/cheerz.wpengine.com\/actualites\/papa-raconte-portrait-de-david\/#primaryimage"},"thumbnailUrl":"https:\/\/cheerz.wpengine.com\/wp-content\/uploads\/2021\/03\/header.jpg","datePublished":"2021-03-30T08:18:33+00:00","dateModified":"2021-05-11T09:54:53+00:00","author":{"@id":"https:\/\/cheerz.wpengine.com\/#\/schema\/person\/7b9bde04783642a12683670a1fe86309"},"description":"Cette ann\u00e9e pour la f\u00eate des m\u00e8res, plut\u00f4t que cr\u00e9er des histoires, on a pr\u00e9f\u00e9r\u00e9 \u00e9couter les v\u00f4tres ! Alors sans plus tarder d\u00e9couvrez celle de David \ud83d\udc46\ud83c\udffc","breadcrumb":{"@id":"https:\/\/cheerz.wpengine.com\/actualites\/papa-raconte-portrait-de-david\/#breadcrumb"},"inLanguage":"fr-FR","potentialAction":[{"@type":"ReadAction","target":["https:\/\/cheerz.wpengine.com\/actualites\/papa-raconte-portrait-de-david\/"]}]},{"@type":"ImageObject","inLanguage":"fr-FR","@id":"https:\/\/cheerz.wpengine.com\/actualites\/papa-raconte-portrait-de-david\/#primaryimage","url":"https:\/\/cheerz.wpengine.com\/wp-content\/uploads\/2021\/03\/header.jpg","contentUrl":"https:\/\/cheerz.wpengine.com\/wp-content\/uploads\/2021\/03\/header.jpg","width":1200,"height":800},{"@type":"BreadcrumbList","@id":"https:\/\/cheerz.wpengine.com\/actualites\/papa-raconte-portrait-de-david\/#breadcrumb","itemListElement":[{"@type":"ListItem","position":1,"name":"Royal Cheerz","item":"https:\/\/cheerz.wpengine.com\/"},{"@type":"ListItem","position":2,"name":"Actus","item":"https:\/\/cheerz.wpengine.com\/categorie\/actualites\/"},{"@type":"ListItem","position":3,"name":"Papa raconte&#8230; | Portrait de David"}]},{"@type":"WebSite","@id":"https:\/\/cheerz.wpengine.com\/#website","url":"https:\/\/cheerz.wpengine.com\/","name":"Blog Cheerz","description":"Imprimeur de sourires","potentialAction":[{"@type":"SearchAction","target":{"@type":"EntryPoint","urlTemplate":"https:\/\/cheerz.wpengine.com\/?s={search_term_string}"},"query-input":{"@type":"PropertyValueSpecification","valueRequired":true,"valueName":"search_term_string"}}],"inLanguage":"fr-FR"},{"@type":"Person","@id":"https:\/\/cheerz.wpengine.com\/#\/schema\/person\/7b9bde04783642a12683670a1fe86309","name":"Sandra Hebben","image":{"@type":"ImageObject","inLanguage":"fr-FR","@id":"https:\/\/secure.gravatar.com\/avatar\/78e6628b74fca1a9893c89902dbbd52e8a7b93a9994991ed346b5ad52c6b84a8?s=96&d=mm&r=g","url":"https:\/\/secure.gravatar.com\/avatar\/78e6628b74fca1a9893c89902dbbd52e8a7b93a9994991ed346b5ad52c6b84a8?s=96&d=mm&r=g","contentUrl":"https:\/\/secure.gravatar.com\/avatar\/78e6628b74fca1a9893c89902dbbd52e8a7b93a9994991ed346b5ad52c6b84a8?s=96&d=mm&r=g","caption":"Sandra Hebben"},"url":"https:\/\/cheerz.wpengine.com\/author\/sandra-hebbencheerz-com\/"}]}},"modified_by":null,"_links":{"self":[{"href":"https:\/\/cheerz.wpengine.com\/wp-json\/wp\/v2\/posts\/16722","targetHints":{"allow":["GET"]}}],"collection":[{"href":"https:\/\/cheerz.wpengine.com\/wp-json\/wp\/v2\/posts"}],"about":[{"href":"https:\/\/cheerz.wpengine.com\/wp-json\/wp\/v2\/types\/post"}],"author":[{"embeddable":true,"href":"https:\/\/cheerz.wpengine.com\/wp-json\/wp\/v2\/users\/19"}],"replies":[{"embeddable":true,"href":"https:\/\/cheerz.wpengine.com\/wp-json\/wp\/v2\/comments?post=16722"}],"version-history":[{"count":0,"href":"https:\/\/cheerz.wpengine.com\/wp-json\/wp\/v2\/posts\/16722\/revisions"}],"wp:featuredmedia":[{"embeddable":true,"href":"https:\/\/cheerz.wpengine.com\/wp-json\/wp\/v2\/media\/16734"}],"wp:attachment":[{"href":"https:\/\/cheerz.wpengine.com\/wp-json\/wp\/v2\/media?parent=16722"}],"wp:term":[{"taxonomy":"category","embeddable":true,"href":"https:\/\/cheerz.wpengine.com\/wp-json\/wp\/v2\/categories?post=16722"},{"taxonomy":"post_tag","embeddable":true,"href":"https:\/\/cheerz.wpengine.com\/wp-json\/wp\/v2\/tags?post=16722"}],"curies":[{"name":"wp","href":"https:\/\/api.w.org\/{rel}","templated":true}]}}