
{"id":16705,"date":"2021-03-30T10:19:20","date_gmt":"2021-03-30T08:19:20","guid":{"rendered":"https:\/\/royal.cheerz.com\/?p=16705"},"modified":"2021-05-11T12:02:06","modified_gmt":"2021-05-11T10:02:06","slug":"maman-raconte-portrait-de-chloe","status":"publish","type":"post","link":"https:\/\/cheerz.wpengine.com\/actualites\/maman-raconte-portrait-de-chloe\/","title":{"rendered":"Maman raconte&#8230; | Portrait de Chlo\u00e9"},"content":{"rendered":"<h1>Maman raconte<\/h1>\n<p>S\u2019il y a une chose que nous aura confirm\u00e9e cette dr\u00f4le d\u2019ann\u00e9e, c\u2019est bien l\u2019importance de la famille, qu\u2019elle soit de coeur ou de sang, les moments pass\u00e9s ensemble n\u2019ont pas de prix. Alors, \u00e0 l\u2019approche de la f\u00eate des M\u00e8res, on a eu envie chez Cheerz de c\u00e9l\u00e9brer la famille au sens large \u00e0 travers vos souvenirs, vos histoires et vos anecdotes et puis on s\u2019est dit : qui de mieux que vous pour les raconter ?<\/p>\n<p>Voil\u00e0 comment apr\u00e8s un appel \u00e0 candidatures, on est parti \u00e0 la rencontre des m\u00e8res, futures m\u00e8res et p\u00e8res de notre communaut\u00e9 pour papoter sur les ann\u00e9es \u00e9coul\u00e9es, la grossesse, la photo\u2026 et \u00e9crire ainsi ensemble l\u2019histoire de notre ou plut\u00f4t votre campagne de f\u00eate des M\u00e8res.<\/p>\n<p>Alors sans plus tarder, on vous laisse avec l\u2019histoire de Chlo\u00e9. Maman de deux petites frimousses, elle nous raconte\u2026<\/p>\n<h2>Portrait de Chlo\u00e9<\/h2>\n<p><strong>Hello Chlo\u00e9, comment \u00e7a va ?<\/strong><\/p>\n<p><em>Hello ! \u00c7a va tr\u00e8s bien merci. Je ne dirais pas non \u00e0 14h de sommeil en plus \ud83d\ude09<\/em><br \/>\n<em>Et vous\u00a0?<\/em><\/p>\n<p><strong>Nous \u00e7a au top ! Si tu devais te pr\u00e9senter en une photo tu choisirais laquelle ?<\/strong><\/p>\n<p><img loading=\"lazy\" decoding=\"async\" class=\"alignnone wp-image-16706 size-full\" src=\"https:\/\/royal.cheerz.com\/wp-content\/uploads\/2021\/03\/Chloe\u0301_20101113-scaled.jpg\" alt=\"\" width=\"2048\" height=\"1360\" srcset=\"https:\/\/cheerz.wpengine.com\/wp-content\/uploads\/2021\/03\/Chloe\u0301_20101113-scaled.jpg 2048w, https:\/\/cheerz.wpengine.com\/wp-content\/uploads\/2021\/03\/Chloe\u0301_20101113-300x199.jpg 300w, https:\/\/cheerz.wpengine.com\/wp-content\/uploads\/2021\/03\/Chloe\u0301_20101113-1024x680.jpg 1024w, https:\/\/cheerz.wpengine.com\/wp-content\/uploads\/2021\/03\/Chloe\u0301_20101113-768x510.jpg 768w, https:\/\/cheerz.wpengine.com\/wp-content\/uploads\/2021\/03\/Chloe\u0301_20101113-1536x1020.jpg 1536w, https:\/\/cheerz.wpengine.com\/wp-content\/uploads\/2021\/03\/Chloe\u0301_20101113-1000x664.jpg 1000w, https:\/\/cheerz.wpengine.com\/wp-content\/uploads\/2021\/03\/Chloe\u0301_20101113-272x182.jpg 272w\" sizes=\"auto, (max-width: 2048px) 100vw, 2048px\" \/><\/p>\n<p><em>La photo date un peu mais elle me repr\u00e9sente bien. J\u2019adore prendre des photos et je prends du plaisir \u00e0 les regarder plus tard en me rappelant ces moments. D\u2019un autre c\u00f4t\u00e9 je n\u2019aime pas \u00eatre particuli\u00e8rement dans la lumi\u00e8re et je d\u00e9teste \u00eatre prise en photo, alors mon mari est oblig\u00e9 de me tendre des pi\u00e8ges. J\u2019ai beaucoup de photos de moi en train de prendre une photo\u00a0!<\/em><\/p>\n<p><strong>C\u2019est quoi ta d\u00e9finition du mot \u201cmaman\u201d ?<\/strong><\/p>\n<p><em>Je viens de demander \u00e0 mon fils en esp\u00e9rant une r\u00e9ponse choute et po\u00e9tique et il m\u2019a r\u00e9pondu : \u201cC\u2019est une dame qui a des enfants\u201d \u2026 \u2639\ufe0f<\/em><\/p>\n<p><em>C\u2019est celle qui sera toujours l\u00e0 quelle que soit la situation pour faire des bisous et des c\u00e2lins, dire des mots d\u2019amour et soigner les bobos, qu\u2019on ait 2 ans ou 32 ans.<\/em><\/p>\n<p><strong>Tu te souviens de la premi\u00e8re personne \u00e0 qui tu avais annonc\u00e9 ta grossesse ?<\/strong><\/p>\n<p><em>La premi\u00e8re personne\u2026 mon mari, vu qu\u2019il \u00e9tait un peu impliqu\u00e9 dans l\u2019histoire\u00a0\ud83d\ude0a. Mais sinon \u00e0 ma petite s\u0153ur.<\/em><\/p>\n<p><strong>Tu lui avais annonc\u00e9 comment ?<\/strong><\/p>\n<p><em>Mon mari par SMS. Ce n\u2019\u00e9tait pas l\u2019annonce la plus glamour de la terre mais je partais en d\u00e9placement professionnel et je n\u2019ai pas pu attendre mon retour pour lui annoncer. J\u2019ai envoy\u00e9 un SMS et une photo du test pour \u00eatre s\u00fbr que je ne me trompais pas ahah. Pour ma s\u0153ur, c\u2019\u00e9tait au cours d\u2019un d\u00e9jeuner au restaurant (quand on avait encore des restaurants).<\/em><\/p>\n<p><strong>C\u2019est quoi, ou c\u2019est qui ton fond d\u2019\u00e9cran ?<\/strong><\/p>\n<p><img loading=\"lazy\" decoding=\"async\" class=\"alignnone size-full wp-image-16711\" src=\"https:\/\/royal.cheerz.com\/wp-content\/uploads\/2021\/03\/fondecran-1.png\" alt=\"fond d'\u00e9cran\" width=\"1000\" height=\"600\" srcset=\"https:\/\/cheerz.wpengine.com\/wp-content\/uploads\/2021\/03\/fondecran-1.png 1000w, https:\/\/cheerz.wpengine.com\/wp-content\/uploads\/2021\/03\/fondecran-1-300x180.png 300w, https:\/\/cheerz.wpengine.com\/wp-content\/uploads\/2021\/03\/fondecran-1-768x461.png 768w\" sizes=\"auto, (max-width: 1000px) 100vw, 1000px\" \/><\/p>\n<p><em>Mon fond d\u2019\u00e9cran c\u2019est le fond d\u2019\u00e9cran du mois de Mars de @morguix. J\u2019adore ses cr\u00e9ations color\u00e9es et pleines de good vibes\u00a0! Et comme j\u2019aime bien le changement, j\u2019attends impatiemment le 1<sup>er<\/sup> de chaque mois avant de d\u00e9couvrir le nouveau fond d&rsquo;\u00e9cran que je m\u2019empresse de t\u00e9l\u00e9charger\u00a0!<\/em><\/p>\n<p><strong>\u00catre maman c\u2019est une \u00e9tape importante dans la vie d\u2019une femme. On ne r\u00e9alise pas forc\u00e9ment tout de suite ce qui se passe, qu\u2019est-ce qui t\u2019a fait r\u00e9aliser toi que tu \u00e9tais maman ?<\/strong><\/p>\n<p><em>Je vais peut-\u00eatre dire quelque chose de bateau mais pour moi il y a eu deux moments particuli\u00e8rement forts lors de ma grossesse. La premi\u00e8re \u00e9chographie o\u00f9 j\u2019ai d\u00e9couvert sa petite bouille. C\u2019est l\u00e0 o\u00f9 je me suis vraiment rendue compte que j\u2019\u00e9tais une maman, c\u2019est incroyable. Et puis \u00e9videmment quand je l\u2019ai senti bouger et mettre des petits coups de pieds (je pense que mon grand sera champion du monde de Karat\u00e9 avec les coups qu\u2019il mettait).<\/em><\/p>\n<p><strong>Le truc qui te fait penser \u00e0 ta maman imm\u00e9diatement c\u2019est quoi ?<\/strong><\/p>\n<p><em>La marbr\u00e9 au chocolat. Le sien marche \u00e0 tous les coups, je n\u2019en ai jamais mang\u00e9 un aussi bon.<\/em><\/p>\n<p><strong>C\u2019\u00e9tait quoi la derni\u00e8re impression photo que tu as faite chez Cheerz ? Tu nous montres ?<\/strong><\/p>\n<p><img loading=\"lazy\" decoding=\"async\" class=\"alignnone size-full wp-image-16713\" src=\"https:\/\/royal.cheerz.com\/wp-content\/uploads\/2021\/03\/album2.png\" alt=\"\" width=\"1000\" height=\"600\" srcset=\"https:\/\/cheerz.wpengine.com\/wp-content\/uploads\/2021\/03\/album2.png 1000w, https:\/\/cheerz.wpengine.com\/wp-content\/uploads\/2021\/03\/album2-300x180.png 300w, https:\/\/cheerz.wpengine.com\/wp-content\/uploads\/2021\/03\/album2-768x461.png 768w\" sizes=\"auto, (max-width: 1000px) 100vw, 1000px\" \/><\/p>\n<p><em>J\u2019ai r\u00e9alis\u00e9 un livre photo sur notre dernier \u00e9t\u00e9 en Bretagne (la collab\u2019 avec Mathilde Cabanas, trop de love &lt;3). Chaque ann\u00e9e on fait une s\u00e9ance photo avec @cecile_schuhmann, \u00e7a nous fait plein de super photos \u00e0 imprimer.<\/em><\/p>\n<p><img loading=\"lazy\" decoding=\"async\" class=\"alignnone size-full wp-image-16714\" src=\"https:\/\/royal.cheerz.com\/wp-content\/uploads\/2021\/03\/lpa.png\" alt=\"\" width=\"1000\" height=\"500\" srcset=\"https:\/\/cheerz.wpengine.com\/wp-content\/uploads\/2021\/03\/lpa.png 1000w, https:\/\/cheerz.wpengine.com\/wp-content\/uploads\/2021\/03\/lpa-300x150.png 300w, https:\/\/cheerz.wpengine.com\/wp-content\/uploads\/2021\/03\/lpa-768x384.png 768w\" sizes=\"auto, (max-width: 1000px) 100vw, 1000px\" \/><\/p>\n<p><em>J\u2019ai aussi re\u00e7u r\u00e9cemment de la part de ma meilleure amie une petite attention pour la journ\u00e9e internationale des droits des femmes.<\/em><\/p>\n<p><strong>On dit souvent que les moments o\u00f9 nous sommes jeunes parents sont les moments de notre vie o\u00f9 l&rsquo;on prend le plus de photos, c\u2019est le cas pour toi ? <\/strong><\/p>\n<p><em>Quand je regarde mes photos j\u2019ai des journ\u00e9es \u00e0 150 photos de mes enfants et une dizaine de vid\u00e9os de 5 minutes.<\/em><\/p>\n<p><strong>Tu prends quoi comme photo ?<\/strong><\/p>\n<p><em>\u00c0 peu pr\u00e8s tout. J\u2019aime capturer l\u2019instant. Je prends derni\u00e8rement surtout des photos de mes enfants, je suis leur plus grande fan\u00a0ahah !<\/em><\/p>\n<p><strong>T\u2019as pris quoi comme photo hier ?\u00a0<\/strong><\/p>\n<p><img loading=\"lazy\" decoding=\"async\" class=\"alignnone wp-image-16709 size-full\" src=\"https:\/\/royal.cheerz.com\/wp-content\/uploads\/2021\/03\/E\u0301loi-au-chocolat_20210321.jpg\" alt=\"\" width=\"1600\" height=\"1200\" srcset=\"https:\/\/cheerz.wpengine.com\/wp-content\/uploads\/2021\/03\/E\u0301loi-au-chocolat_20210321.jpg 1600w, https:\/\/cheerz.wpengine.com\/wp-content\/uploads\/2021\/03\/E\u0301loi-au-chocolat_20210321-300x225.jpg 300w, https:\/\/cheerz.wpengine.com\/wp-content\/uploads\/2021\/03\/E\u0301loi-au-chocolat_20210321-1024x768.jpg 1024w, https:\/\/cheerz.wpengine.com\/wp-content\/uploads\/2021\/03\/E\u0301loi-au-chocolat_20210321-768x576.jpg 768w, https:\/\/cheerz.wpengine.com\/wp-content\/uploads\/2021\/03\/E\u0301loi-au-chocolat_20210321-1536x1152.jpg 1536w, https:\/\/cheerz.wpengine.com\/wp-content\/uploads\/2021\/03\/E\u0301loi-au-chocolat_20210321-1000x750.jpg 1000w\" sizes=\"auto, (max-width: 1600px) 100vw, 1600px\" \/><\/p>\n<p><em>Une photo de mes enfants quand ils mangent\u2026 Ils s\u2019en mettent partout, c\u2019est tellement chou.<\/em><\/p>\n<p><strong>Qui de vous deux prend le plus de photos ?<\/strong><\/p>\n<p><em>D\u00e9finitivement moi, sans aucun doute.<\/em><\/p>\n<p><strong>C\u2019est quoi ton programme pour la f\u00eate des m\u00e8res ?\u00a0<\/strong><\/p>\n<p><em>C\u2019est la surprise mais s\u00fbrement quelque chose comme ma viennoiserie pr\u00e9f\u00e9r\u00e9e pour le petit d\u00e9jeuner, une distribution de cadeaux h\u00e9t\u00e9roclites (genre amas de gommettes et coloriage, \u201ccollier\u201d, et gros bisous) et esp\u00e9rons une surprise de mon amoureux.<\/em><\/p>\n<p><em>Et puis je passe voir ma maman pour le d\u00e9jeuner, lui faire un bisou et lui donner un petit cadeau (mais pas un collier de p\u00e2tes).<\/em><\/p>\n<p><strong>Est-ce qu\u2019\u00e0 partir d\u2019une photo de ton choix tu peux nous raconter un souvenir marquant, une anecdote, un bon moment\u2026 sur ta vie de maman ?<\/strong><\/p>\n<p><img loading=\"lazy\" decoding=\"async\" class=\"alignnone wp-image-16712 size-full\" src=\"https:\/\/royal.cheerz.com\/wp-content\/uploads\/2021\/03\/e\u0301cole.png\" alt=\"\" width=\"1000\" height=\"600\" srcset=\"https:\/\/cheerz.wpengine.com\/wp-content\/uploads\/2021\/03\/e\u0301cole.png 1000w, https:\/\/cheerz.wpengine.com\/wp-content\/uploads\/2021\/03\/e\u0301cole-300x180.png 300w, https:\/\/cheerz.wpengine.com\/wp-content\/uploads\/2021\/03\/e\u0301cole-768x461.png 768w\" sizes=\"auto, (max-width: 1000px) 100vw, 1000px\" \/><\/p>\n<p><em>C\u2019\u00e9tait le premier jour de petite section de mon grand. Je ne sais pas si c\u2019\u00e9tait plus dur pour lui ou pour moi la s\u00e9paration et la rentr\u00e9e \u00e0 l\u2019\u00e9cole mais j\u2019\u00e9tais vraiment super fi\u00e8re de lui. Je suis toujours fi\u00e8re de lui de toute fa\u00e7on. &lt;3<\/em><\/p>\n<p><strong>Merci Chlo\u00e9 d\u2019avoir r\u00e9pondu \u00e0 toutes nos curiosit\u00e9s, c\u2019\u00e9tait un plaisir d\u2019\u00e9changer avec toi on vous souhaite de passer une excellente f\u00eate des m\u00e8res tous les 4 !<\/strong><\/p>\n","protected":false},"excerpt":{"rendered":"<p>Maman raconte S\u2019il y a une chose que nous aura confirm\u00e9e cette dr\u00f4le d\u2019ann\u00e9e, c\u2019est bien l\u2019importance de la famille, qu\u2019elle soit de coeur ou de sang, les moments pass\u00e9s ensemble n\u2019ont pas de prix. Alors, \u00e0 l\u2019approche de la f\u00eate des M\u00e8res, on a eu envie chez Cheerz de c\u00e9l\u00e9brer la famille au sens [&hellip;]<\/p>\n","protected":false},"author":19,"featured_media":16738,"comment_status":"closed","ping_status":"closed","sticky":false,"template":"","format":"standard","meta":{"_acf_changed":false,"_lmt_disableupdate":"","_lmt_disable":"","iawp_total_views":17,"footnotes":""},"categories":[71],"tags":[],"class_list":["post-16705","post","type-post","status-publish","format-standard","has-post-thumbnail","hentry","category-actualites"],"acf":[],"yoast_head":"<!-- This site is optimized with the Yoast SEO plugin v27.5 - https:\/\/yoast.com\/product\/yoast-seo-wordpress\/ -->\n<title>Maman raconte... | Portrait de Chlo\u00e9 - Blog Cheerz<\/title>\n<meta name=\"description\" content=\"Cette ann\u00e9e pour la f\u00eate des m\u00e8res, plut\u00f4t que cr\u00e9er des histoires, on a pr\u00e9f\u00e9r\u00e9 \u00e9couter les v\u00f4tres ! Alors sans plus tarder d\u00e9couvrez celle de Chlo\u00e9 \ud83d\udc46\ud83c\udffc\" \/>\n<meta name=\"robots\" content=\"index, follow, max-snippet:-1, max-image-preview:large, max-video-preview:-1\" \/>\n<link rel=\"canonical\" href=\"https:\/\/cheerz.wpengine.com\/actualites\/maman-raconte-portrait-de-chloe\/\" \/>\n<meta property=\"og:locale\" content=\"fr_FR\" \/>\n<meta property=\"og:type\" content=\"article\" \/>\n<meta property=\"og:title\" content=\"Maman raconte... | Portrait de Chlo\u00e9 - Blog Cheerz\" \/>\n<meta property=\"og:description\" content=\"Cette ann\u00e9e pour la f\u00eate des m\u00e8res, plut\u00f4t que cr\u00e9er des histoires, on a pr\u00e9f\u00e9r\u00e9 \u00e9couter les v\u00f4tres ! Alors sans plus tarder d\u00e9couvrez celle de Chlo\u00e9 \ud83d\udc46\ud83c\udffc\" \/>\n<meta property=\"og:url\" content=\"https:\/\/cheerz.wpengine.com\/actualites\/maman-raconte-portrait-de-chloe\/\" \/>\n<meta property=\"og:site_name\" content=\"Blog Cheerz\" \/>\n<meta property=\"article:published_time\" content=\"2021-03-30T08:19:20+00:00\" \/>\n<meta property=\"article:modified_time\" content=\"2021-05-11T10:02:06+00:00\" \/>\n<meta property=\"og:image\" content=\"https:\/\/cheerz.wpengine.com\/wp-content\/uploads\/2021\/03\/header-4.jpg\" \/>\n\t<meta property=\"og:image:width\" content=\"1200\" \/>\n\t<meta property=\"og:image:height\" content=\"800\" \/>\n\t<meta property=\"og:image:type\" content=\"image\/jpeg\" \/>\n<meta name=\"author\" content=\"Sandra Hebben\" \/>\n<meta name=\"twitter:card\" content=\"summary_large_image\" \/>\n<meta name=\"twitter:label1\" content=\"\u00c9crit par\" \/>\n\t<meta name=\"twitter:data1\" content=\"Sandra Hebben\" \/>\n\t<meta name=\"twitter:label2\" content=\"Dur\u00e9e de lecture estim\u00e9e\" \/>\n\t<meta name=\"twitter:data2\" content=\"6 minutes\" \/>\n<script type=\"application\/ld+json\" class=\"yoast-schema-graph\">{\"@context\":\"https:\\\/\\\/schema.org\",\"@graph\":[{\"@type\":\"Article\",\"@id\":\"https:\\\/\\\/cheerz.wpengine.com\\\/actualites\\\/maman-raconte-portrait-de-chloe\\\/#article\",\"isPartOf\":{\"@id\":\"https:\\\/\\\/cheerz.wpengine.com\\\/actualites\\\/maman-raconte-portrait-de-chloe\\\/\"},\"author\":{\"name\":\"Sandra Hebben\",\"@id\":\"https:\\\/\\\/cheerz.wpengine.com\\\/#\\\/schema\\\/person\\\/7b9bde04783642a12683670a1fe86309\"},\"headline\":\"Maman raconte&#8230; | Portrait de Chlo\u00e9\",\"datePublished\":\"2021-03-30T08:19:20+00:00\",\"dateModified\":\"2021-05-11T10:02:06+00:00\",\"mainEntityOfPage\":{\"@id\":\"https:\\\/\\\/cheerz.wpengine.com\\\/actualites\\\/maman-raconte-portrait-de-chloe\\\/\"},\"wordCount\":1121,\"image\":{\"@id\":\"https:\\\/\\\/cheerz.wpengine.com\\\/actualites\\\/maman-raconte-portrait-de-chloe\\\/#primaryimage\"},\"thumbnailUrl\":\"https:\\\/\\\/cheerz.wpengine.com\\\/wp-content\\\/uploads\\\/2021\\\/03\\\/header-4.jpg\",\"articleSection\":[\"Actus\"],\"inLanguage\":\"fr-FR\"},{\"@type\":\"WebPage\",\"@id\":\"https:\\\/\\\/cheerz.wpengine.com\\\/actualites\\\/maman-raconte-portrait-de-chloe\\\/\",\"url\":\"https:\\\/\\\/cheerz.wpengine.com\\\/actualites\\\/maman-raconte-portrait-de-chloe\\\/\",\"name\":\"Maman raconte... | Portrait de Chlo\u00e9 - Blog Cheerz\",\"isPartOf\":{\"@id\":\"https:\\\/\\\/cheerz.wpengine.com\\\/#website\"},\"primaryImageOfPage\":{\"@id\":\"https:\\\/\\\/cheerz.wpengine.com\\\/actualites\\\/maman-raconte-portrait-de-chloe\\\/#primaryimage\"},\"image\":{\"@id\":\"https:\\\/\\\/cheerz.wpengine.com\\\/actualites\\\/maman-raconte-portrait-de-chloe\\\/#primaryimage\"},\"thumbnailUrl\":\"https:\\\/\\\/cheerz.wpengine.com\\\/wp-content\\\/uploads\\\/2021\\\/03\\\/header-4.jpg\",\"datePublished\":\"2021-03-30T08:19:20+00:00\",\"dateModified\":\"2021-05-11T10:02:06+00:00\",\"author\":{\"@id\":\"https:\\\/\\\/cheerz.wpengine.com\\\/#\\\/schema\\\/person\\\/7b9bde04783642a12683670a1fe86309\"},\"description\":\"Cette ann\u00e9e pour la f\u00eate des m\u00e8res, plut\u00f4t que cr\u00e9er des histoires, on a pr\u00e9f\u00e9r\u00e9 \u00e9couter les v\u00f4tres ! Alors sans plus tarder d\u00e9couvrez celle de Chlo\u00e9 \ud83d\udc46\ud83c\udffc\",\"breadcrumb\":{\"@id\":\"https:\\\/\\\/cheerz.wpengine.com\\\/actualites\\\/maman-raconte-portrait-de-chloe\\\/#breadcrumb\"},\"inLanguage\":\"fr-FR\",\"potentialAction\":[{\"@type\":\"ReadAction\",\"target\":[\"https:\\\/\\\/cheerz.wpengine.com\\\/actualites\\\/maman-raconte-portrait-de-chloe\\\/\"]}]},{\"@type\":\"ImageObject\",\"inLanguage\":\"fr-FR\",\"@id\":\"https:\\\/\\\/cheerz.wpengine.com\\\/actualites\\\/maman-raconte-portrait-de-chloe\\\/#primaryimage\",\"url\":\"https:\\\/\\\/cheerz.wpengine.com\\\/wp-content\\\/uploads\\\/2021\\\/03\\\/header-4.jpg\",\"contentUrl\":\"https:\\\/\\\/cheerz.wpengine.com\\\/wp-content\\\/uploads\\\/2021\\\/03\\\/header-4.jpg\",\"width\":1200,\"height\":800,\"caption\":\"interview Chlo\u00e9 maman raconte Cheerz f\u00eate des m\u00e8res\"},{\"@type\":\"BreadcrumbList\",\"@id\":\"https:\\\/\\\/cheerz.wpengine.com\\\/actualites\\\/maman-raconte-portrait-de-chloe\\\/#breadcrumb\",\"itemListElement\":[{\"@type\":\"ListItem\",\"position\":1,\"name\":\"Royal Cheerz\",\"item\":\"https:\\\/\\\/cheerz.wpengine.com\\\/\"},{\"@type\":\"ListItem\",\"position\":2,\"name\":\"Actus\",\"item\":\"https:\\\/\\\/cheerz.wpengine.com\\\/categorie\\\/actualites\\\/\"},{\"@type\":\"ListItem\",\"position\":3,\"name\":\"Maman raconte&#8230; | Portrait de Chlo\u00e9\"}]},{\"@type\":\"WebSite\",\"@id\":\"https:\\\/\\\/cheerz.wpengine.com\\\/#website\",\"url\":\"https:\\\/\\\/cheerz.wpengine.com\\\/\",\"name\":\"Blog Cheerz\",\"description\":\"Imprimeur de sourires\",\"potentialAction\":[{\"@type\":\"SearchAction\",\"target\":{\"@type\":\"EntryPoint\",\"urlTemplate\":\"https:\\\/\\\/cheerz.wpengine.com\\\/?s={search_term_string}\"},\"query-input\":{\"@type\":\"PropertyValueSpecification\",\"valueRequired\":true,\"valueName\":\"search_term_string\"}}],\"inLanguage\":\"fr-FR\"},{\"@type\":\"Person\",\"@id\":\"https:\\\/\\\/cheerz.wpengine.com\\\/#\\\/schema\\\/person\\\/7b9bde04783642a12683670a1fe86309\",\"name\":\"Sandra Hebben\",\"image\":{\"@type\":\"ImageObject\",\"inLanguage\":\"fr-FR\",\"@id\":\"https:\\\/\\\/secure.gravatar.com\\\/avatar\\\/78e6628b74fca1a9893c89902dbbd52e8a7b93a9994991ed346b5ad52c6b84a8?s=96&d=mm&r=g\",\"url\":\"https:\\\/\\\/secure.gravatar.com\\\/avatar\\\/78e6628b74fca1a9893c89902dbbd52e8a7b93a9994991ed346b5ad52c6b84a8?s=96&d=mm&r=g\",\"contentUrl\":\"https:\\\/\\\/secure.gravatar.com\\\/avatar\\\/78e6628b74fca1a9893c89902dbbd52e8a7b93a9994991ed346b5ad52c6b84a8?s=96&d=mm&r=g\",\"caption\":\"Sandra Hebben\"},\"url\":\"https:\\\/\\\/cheerz.wpengine.com\\\/author\\\/sandra-hebbencheerz-com\\\/\"}]}<\/script>\n<!-- \/ Yoast SEO plugin. -->","yoast_head_json":{"title":"Maman raconte... | Portrait de Chlo\u00e9 - Blog Cheerz","description":"Cette ann\u00e9e pour la f\u00eate des m\u00e8res, plut\u00f4t que cr\u00e9er des histoires, on a pr\u00e9f\u00e9r\u00e9 \u00e9couter les v\u00f4tres ! Alors sans plus tarder d\u00e9couvrez celle de Chlo\u00e9 \ud83d\udc46\ud83c\udffc","robots":{"index":"index","follow":"follow","max-snippet":"max-snippet:-1","max-image-preview":"max-image-preview:large","max-video-preview":"max-video-preview:-1"},"canonical":"https:\/\/cheerz.wpengine.com\/actualites\/maman-raconte-portrait-de-chloe\/","og_locale":"fr_FR","og_type":"article","og_title":"Maman raconte... | Portrait de Chlo\u00e9 - Blog Cheerz","og_description":"Cette ann\u00e9e pour la f\u00eate des m\u00e8res, plut\u00f4t que cr\u00e9er des histoires, on a pr\u00e9f\u00e9r\u00e9 \u00e9couter les v\u00f4tres ! Alors sans plus tarder d\u00e9couvrez celle de Chlo\u00e9 \ud83d\udc46\ud83c\udffc","og_url":"https:\/\/cheerz.wpengine.com\/actualites\/maman-raconte-portrait-de-chloe\/","og_site_name":"Blog Cheerz","article_published_time":"2021-03-30T08:19:20+00:00","article_modified_time":"2021-05-11T10:02:06+00:00","og_image":[{"width":1200,"height":800,"url":"https:\/\/cheerz.wpengine.com\/wp-content\/uploads\/2021\/03\/header-4.jpg","type":"image\/jpeg"}],"author":"Sandra Hebben","twitter_card":"summary_large_image","twitter_misc":{"\u00c9crit par":"Sandra Hebben","Dur\u00e9e de lecture estim\u00e9e":"6 minutes"},"schema":{"@context":"https:\/\/schema.org","@graph":[{"@type":"Article","@id":"https:\/\/cheerz.wpengine.com\/actualites\/maman-raconte-portrait-de-chloe\/#article","isPartOf":{"@id":"https:\/\/cheerz.wpengine.com\/actualites\/maman-raconte-portrait-de-chloe\/"},"author":{"name":"Sandra Hebben","@id":"https:\/\/cheerz.wpengine.com\/#\/schema\/person\/7b9bde04783642a12683670a1fe86309"},"headline":"Maman raconte&#8230; | Portrait de Chlo\u00e9","datePublished":"2021-03-30T08:19:20+00:00","dateModified":"2021-05-11T10:02:06+00:00","mainEntityOfPage":{"@id":"https:\/\/cheerz.wpengine.com\/actualites\/maman-raconte-portrait-de-chloe\/"},"wordCount":1121,"image":{"@id":"https:\/\/cheerz.wpengine.com\/actualites\/maman-raconte-portrait-de-chloe\/#primaryimage"},"thumbnailUrl":"https:\/\/cheerz.wpengine.com\/wp-content\/uploads\/2021\/03\/header-4.jpg","articleSection":["Actus"],"inLanguage":"fr-FR"},{"@type":"WebPage","@id":"https:\/\/cheerz.wpengine.com\/actualites\/maman-raconte-portrait-de-chloe\/","url":"https:\/\/cheerz.wpengine.com\/actualites\/maman-raconte-portrait-de-chloe\/","name":"Maman raconte... | Portrait de Chlo\u00e9 - Blog Cheerz","isPartOf":{"@id":"https:\/\/cheerz.wpengine.com\/#website"},"primaryImageOfPage":{"@id":"https:\/\/cheerz.wpengine.com\/actualites\/maman-raconte-portrait-de-chloe\/#primaryimage"},"image":{"@id":"https:\/\/cheerz.wpengine.com\/actualites\/maman-raconte-portrait-de-chloe\/#primaryimage"},"thumbnailUrl":"https:\/\/cheerz.wpengine.com\/wp-content\/uploads\/2021\/03\/header-4.jpg","datePublished":"2021-03-30T08:19:20+00:00","dateModified":"2021-05-11T10:02:06+00:00","author":{"@id":"https:\/\/cheerz.wpengine.com\/#\/schema\/person\/7b9bde04783642a12683670a1fe86309"},"description":"Cette ann\u00e9e pour la f\u00eate des m\u00e8res, plut\u00f4t que cr\u00e9er des histoires, on a pr\u00e9f\u00e9r\u00e9 \u00e9couter les v\u00f4tres ! Alors sans plus tarder d\u00e9couvrez celle de Chlo\u00e9 \ud83d\udc46\ud83c\udffc","breadcrumb":{"@id":"https:\/\/cheerz.wpengine.com\/actualites\/maman-raconte-portrait-de-chloe\/#breadcrumb"},"inLanguage":"fr-FR","potentialAction":[{"@type":"ReadAction","target":["https:\/\/cheerz.wpengine.com\/actualites\/maman-raconte-portrait-de-chloe\/"]}]},{"@type":"ImageObject","inLanguage":"fr-FR","@id":"https:\/\/cheerz.wpengine.com\/actualites\/maman-raconte-portrait-de-chloe\/#primaryimage","url":"https:\/\/cheerz.wpengine.com\/wp-content\/uploads\/2021\/03\/header-4.jpg","contentUrl":"https:\/\/cheerz.wpengine.com\/wp-content\/uploads\/2021\/03\/header-4.jpg","width":1200,"height":800,"caption":"interview Chlo\u00e9 maman raconte Cheerz f\u00eate des m\u00e8res"},{"@type":"BreadcrumbList","@id":"https:\/\/cheerz.wpengine.com\/actualites\/maman-raconte-portrait-de-chloe\/#breadcrumb","itemListElement":[{"@type":"ListItem","position":1,"name":"Royal Cheerz","item":"https:\/\/cheerz.wpengine.com\/"},{"@type":"ListItem","position":2,"name":"Actus","item":"https:\/\/cheerz.wpengine.com\/categorie\/actualites\/"},{"@type":"ListItem","position":3,"name":"Maman raconte&#8230; | Portrait de Chlo\u00e9"}]},{"@type":"WebSite","@id":"https:\/\/cheerz.wpengine.com\/#website","url":"https:\/\/cheerz.wpengine.com\/","name":"Blog Cheerz","description":"Imprimeur de sourires","potentialAction":[{"@type":"SearchAction","target":{"@type":"EntryPoint","urlTemplate":"https:\/\/cheerz.wpengine.com\/?s={search_term_string}"},"query-input":{"@type":"PropertyValueSpecification","valueRequired":true,"valueName":"search_term_string"}}],"inLanguage":"fr-FR"},{"@type":"Person","@id":"https:\/\/cheerz.wpengine.com\/#\/schema\/person\/7b9bde04783642a12683670a1fe86309","name":"Sandra Hebben","image":{"@type":"ImageObject","inLanguage":"fr-FR","@id":"https:\/\/secure.gravatar.com\/avatar\/78e6628b74fca1a9893c89902dbbd52e8a7b93a9994991ed346b5ad52c6b84a8?s=96&d=mm&r=g","url":"https:\/\/secure.gravatar.com\/avatar\/78e6628b74fca1a9893c89902dbbd52e8a7b93a9994991ed346b5ad52c6b84a8?s=96&d=mm&r=g","contentUrl":"https:\/\/secure.gravatar.com\/avatar\/78e6628b74fca1a9893c89902dbbd52e8a7b93a9994991ed346b5ad52c6b84a8?s=96&d=mm&r=g","caption":"Sandra Hebben"},"url":"https:\/\/cheerz.wpengine.com\/author\/sandra-hebbencheerz-com\/"}]}},"modified_by":null,"_links":{"self":[{"href":"https:\/\/cheerz.wpengine.com\/wp-json\/wp\/v2\/posts\/16705","targetHints":{"allow":["GET"]}}],"collection":[{"href":"https:\/\/cheerz.wpengine.com\/wp-json\/wp\/v2\/posts"}],"about":[{"href":"https:\/\/cheerz.wpengine.com\/wp-json\/wp\/v2\/types\/post"}],"author":[{"embeddable":true,"href":"https:\/\/cheerz.wpengine.com\/wp-json\/wp\/v2\/users\/19"}],"replies":[{"embeddable":true,"href":"https:\/\/cheerz.wpengine.com\/wp-json\/wp\/v2\/comments?post=16705"}],"version-history":[{"count":0,"href":"https:\/\/cheerz.wpengine.com\/wp-json\/wp\/v2\/posts\/16705\/revisions"}],"wp:featuredmedia":[{"embeddable":true,"href":"https:\/\/cheerz.wpengine.com\/wp-json\/wp\/v2\/media\/16738"}],"wp:attachment":[{"href":"https:\/\/cheerz.wpengine.com\/wp-json\/wp\/v2\/media?parent=16705"}],"wp:term":[{"taxonomy":"category","embeddable":true,"href":"https:\/\/cheerz.wpengine.com\/wp-json\/wp\/v2\/categories?post=16705"},{"taxonomy":"post_tag","embeddable":true,"href":"https:\/\/cheerz.wpengine.com\/wp-json\/wp\/v2\/tags?post=16705"}],"curies":[{"name":"wp","href":"https:\/\/api.w.org\/{rel}","templated":true}]}}