
{"id":16624,"date":"2021-02-02T18:42:12","date_gmt":"2021-02-02T17:42:12","guid":{"rendered":"https:\/\/royal.cheerz.com\/?p=16624"},"modified":"2024-08-22T16:48:54","modified_gmt":"2024-08-22T14:48:54","slug":"dans-la-pellicule-de-mathilde-cabanas-a-la-folie","status":"publish","type":"post","link":"https:\/\/cheerz.wpengine.com\/actualites\/dans-la-pellicule-de-mathilde-cabanas-a-la-folie\/","title":{"rendered":"Dans la pellicule de Mathilde Cabanas | \u00e0 la folie"},"content":{"rendered":"<h2><strong>L&rsquo;interview de Mathilde Cabanas, reine des bisous et partenaire de notre album Saint Valentin \u00ab\u00a0\u00e0 la folie\u00a0\u00bb<\/strong><\/h2>\n<p>Un peu, beaucoup, passionn\u00e9ment&#8230; \u00c0 la folie !<\/p>\n<p>Quand on y r\u00e9fl\u00e9chit, s&rsquo;aimer, c&rsquo;est de la folie. Non mais c&rsquo;est vrai vous ne croyez pas ?<span class=\"Apple-converted-space\">\u00a0<\/span>S\u2019aimer c\u2019est se dire oui pour toute la vie, c&rsquo;est se confiner \u00e0 deux dans quelques m\u00e8tres carr\u00e9s, c\u2019est faire des selfies \u00e0 tout va, se trouver beau au r\u00e9veil, \u00eatre ensemble depuis des ann\u00e9es\u2026 bref, s\u2019aimer c\u2019est fou, non ?<\/p>\n<p><img loading=\"lazy\" decoding=\"async\" class=\"aligncenter wp-image-16633 size-large\" src=\"https:\/\/royal.cheerz.com\/wp-content\/uploads\/2021\/02\/2H4A8639-1024x683.jpg\" alt=\"\" width=\"1024\" height=\"683\" srcset=\"https:\/\/cheerz.wpengine.com\/wp-content\/uploads\/2021\/02\/2H4A8639-1024x683.jpg 1024w, https:\/\/cheerz.wpengine.com\/wp-content\/uploads\/2021\/02\/2H4A8639-300x200.jpg 300w, https:\/\/cheerz.wpengine.com\/wp-content\/uploads\/2021\/02\/2H4A8639-768x512.jpg 768w, https:\/\/cheerz.wpengine.com\/wp-content\/uploads\/2021\/02\/2H4A8639-1536x1024.jpg 1536w, https:\/\/cheerz.wpengine.com\/wp-content\/uploads\/2021\/02\/2H4A8639-scaled.jpg 2048w, https:\/\/cheerz.wpengine.com\/wp-content\/uploads\/2021\/02\/2H4A8639-1000x667.jpg 1000w, https:\/\/cheerz.wpengine.com\/wp-content\/uploads\/2021\/02\/2H4A8639-272x182.jpg 272w\" sizes=\"auto, (max-width: 1024px) 100vw, 1024px\" \/><\/p>\n<p><b>Notre collaboration sp\u00e9ciale Saint Valentin<\/b><\/p>\n<p>L\u2019album <i>\u00c0 la folie<\/i>, c\u2019est l\u2019histoire d\u2019une rencontre entre la reine des bisous, Mathilde Cabanas, et toutes vos photos \u00e0 croquer. Le r\u00e9sultat ? Une couverture d\u2019album irr\u00e9sistible disponible en \u00e9dition limit\u00e9e et dessin\u00e9e par la superbe illustratrice Mathilde Cabanas \u00e0 l\u2019univers pop et color\u00e9 ! <span class=\"Apple-converted-space\">\u00a0<\/span><\/p>\n<p><img loading=\"lazy\" decoding=\"async\" class=\"aligncenter wp-image-16637 size-large\" src=\"https:\/\/royal.cheerz.com\/wp-content\/uploads\/2021\/02\/FPaBJnyg-1024x683.png\" alt=\"\" width=\"1024\" height=\"683\" srcset=\"https:\/\/cheerz.wpengine.com\/wp-content\/uploads\/2021\/02\/FPaBJnyg-1024x683.png 1024w, https:\/\/cheerz.wpengine.com\/wp-content\/uploads\/2021\/02\/FPaBJnyg-300x200.png 300w, https:\/\/cheerz.wpengine.com\/wp-content\/uploads\/2021\/02\/FPaBJnyg-768x512.png 768w, https:\/\/cheerz.wpengine.com\/wp-content\/uploads\/2021\/02\/FPaBJnyg-1000x667.png 1000w, https:\/\/cheerz.wpengine.com\/wp-content\/uploads\/2021\/02\/FPaBJnyg-272x182.png 272w, https:\/\/cheerz.wpengine.com\/wp-content\/uploads\/2021\/02\/FPaBJnyg.png 1200w\" sizes=\"auto, (max-width: 1024px) 100vw, 1024px\" \/><\/p>\n<p>Pour vous pr\u00e9senter cet album <i>\u00c0 la folie<\/i>, on a d\u2019abord pens\u00e9 \u00e0 Beyonc\u00e9, queen du <i>Crazy in love, <\/i>et puis on s\u2019est dit :<i> <\/i>qui de mieux que Mathilde Cabanas, elle m\u00eame, pour vous en parler ?<span class=\"Apple-converted-space\">\u00a0<\/span><\/p>\n<p><b><span class=\"Apple-converted-space\">\u00a0<\/span><\/b>Alors voil\u00e0, on vous laisse faire sa connaissance.<\/p>\n<h2><b>L\u2019interview \u00ab\u00a0\u00e0 la folie\u00a0\u00bb de Mathilde Cabanas<\/b><\/h2>\n<p><b>Hello Mathilde, \u00e7a va ?<\/b><\/p>\n<p><i>Toujours !\u00a0<\/i><\/p>\n<p><b>Si tu devais te pr\u00e9senter en une seule photo tu choisirais laquelle et pourquoi ?<\/b><\/p>\n<p><img loading=\"lazy\" decoding=\"async\" class=\"aligncenter wp-image-16625 size-large\" src=\"https:\/\/royal.cheerz.com\/wp-content\/uploads\/2021\/02\/1-photo-qui-me-represenete-685x1024.jpg\" alt=\"\" width=\"685\" height=\"1024\" srcset=\"https:\/\/cheerz.wpengine.com\/wp-content\/uploads\/2021\/02\/1-photo-qui-me-represenete-685x1024.jpg 685w, https:\/\/cheerz.wpengine.com\/wp-content\/uploads\/2021\/02\/1-photo-qui-me-represenete-201x300.jpg 201w, https:\/\/cheerz.wpengine.com\/wp-content\/uploads\/2021\/02\/1-photo-qui-me-represenete-768x1148.jpg 768w, https:\/\/cheerz.wpengine.com\/wp-content\/uploads\/2021\/02\/1-photo-qui-me-represenete-1028x1536.jpg 1028w, https:\/\/cheerz.wpengine.com\/wp-content\/uploads\/2021\/02\/1-photo-qui-me-represenete-scaled.jpg 1370w, https:\/\/cheerz.wpengine.com\/wp-content\/uploads\/2021\/02\/1-photo-qui-me-represenete-1000x1494.jpg 1000w\" sizes=\"auto, (max-width: 685px) 100vw, 685px\" \/><br \/>\n<em>Quand j\u2019\u00e9tais petite on m\u2019appelait Mimi cracra toujours les mains dans la patouille. \u00c7a n\u2019a pas trop chang\u00e9 aujourd\u2019hui, je suis hyper manuelle, c\u2019est tr\u00e8s rare que je ne crayonne pas quelque part.<\/em><\/p>\n<p><b>Chez Cheerz &#8211; tu dois commencer \u00e0 le savoir et on ne doit pas \u00eatre les seuls &#8211; on te surnomme la \u201creine du bisou\u201d. Et on se demandait, c\u2019est quoi la signification de tous ces bisous ? Tu les adresses \u00e0 qui ?<\/b><\/p>\n<p><em>Le Bisou c\u2019est le petit mot court et doux<span class=\"Apple-converted-space\">\u00a0 <\/span>que tout le monde aime utiliser. C\u2019est un mot d\u2019amour, positif et rassurant surtout en cette p\u00e9riode tourment\u00e9e que nous vivons. Donc Bisou pour tous\u00a0!<\/em><\/p>\n<p><b>Qu\u2019est-ce qui t\u2019inspire au quotidien ?<\/b><\/p>\n<p><em>La litt\u00e9rature jeunesse, le vintage, les vieilles publicit\u00e9s des ann\u00e9es 50\/ 60\/70, et bien s\u00fbr les images que je trouve en fouillant sur internet.<\/em><\/p>\n<p><b>Si tu devais d\u00e9finir ton univers artistique en une photo, \u00e7a serait laquelle et pourquoi ?<\/b><\/p>\n<p><em><img loading=\"lazy\" decoding=\"async\" class=\"aligncenter wp-image-16626 size-large\" src=\"https:\/\/royal.cheerz.com\/wp-content\/uploads\/2021\/02\/2-mon-univers-826x1024.jpg\" alt=\"\" width=\"826\" height=\"1024\" srcset=\"https:\/\/cheerz.wpengine.com\/wp-content\/uploads\/2021\/02\/2-mon-univers-826x1024.jpg 826w, https:\/\/cheerz.wpengine.com\/wp-content\/uploads\/2021\/02\/2-mon-univers-242x300.jpg 242w, https:\/\/cheerz.wpengine.com\/wp-content\/uploads\/2021\/02\/2-mon-univers-768x952.jpg 768w, https:\/\/cheerz.wpengine.com\/wp-content\/uploads\/2021\/02\/2-mon-univers.jpg 828w\" sizes=\"auto, (max-width: 826px) 100vw, 826px\" \/> <\/em><\/p>\n<p><em>La sup\u00e9rette Mathilde Cabanas, notre stand d\u2019un salon Maison et Objet. Je trouve que \u00e7a repr\u00e9sente bien mon univers. Un joyeux bazar, color\u00e9 et fun. <span class=\"Apple-converted-space\">\u00a0<\/span><\/em><\/p>\n<p><b>Quand tu dessines tu penses \u00e0 quoi ?<\/b><\/p>\n<p><em>\u00c0 rien et c\u2019est \u00e7a qui est bien. C\u2019est ma m\u00e9ditation.<\/em><\/p>\n<p><b>Une photo qui te fait sourire \u00e0 coup s\u00fbr ?<\/b><\/p>\n<p><img loading=\"lazy\" decoding=\"async\" class=\"aligncenter wp-image-16627 size-large\" src=\"https:\/\/royal.cheerz.com\/wp-content\/uploads\/2021\/02\/3-photo-sourire-768x1024.jpg\" alt=\"\" width=\"768\" height=\"1024\" srcset=\"https:\/\/cheerz.wpengine.com\/wp-content\/uploads\/2021\/02\/3-photo-sourire-768x1024.jpg 768w, https:\/\/cheerz.wpengine.com\/wp-content\/uploads\/2021\/02\/3-photo-sourire-225x300.jpg 225w, https:\/\/cheerz.wpengine.com\/wp-content\/uploads\/2021\/02\/3-photo-sourire-1152x1536.jpg 1152w, https:\/\/cheerz.wpengine.com\/wp-content\/uploads\/2021\/02\/3-photo-sourire-scaled.jpg 1536w, https:\/\/cheerz.wpengine.com\/wp-content\/uploads\/2021\/02\/3-photo-sourire-1000x1333.jpg 1000w\" sizes=\"auto, (max-width: 768px) 100vw, 768px\" \/><\/p>\n<p><b>C\u2019est quoi ton fond d\u2019\u00e9cran ?<\/b><\/p>\n<p><em><img loading=\"lazy\" decoding=\"async\" class=\"aligncenter wp-image-16628 size-large\" src=\"https:\/\/royal.cheerz.com\/wp-content\/uploads\/2021\/02\/4-fond-ecran-473x1024.jpeg\" alt=\"\" width=\"473\" height=\"1024\" srcset=\"https:\/\/cheerz.wpengine.com\/wp-content\/uploads\/2021\/02\/4-fond-ecran-473x1024.jpeg 473w, https:\/\/cheerz.wpengine.com\/wp-content\/uploads\/2021\/02\/4-fond-ecran-139x300.jpeg 139w, https:\/\/cheerz.wpengine.com\/wp-content\/uploads\/2021\/02\/4-fond-ecran-768x1662.jpeg 768w, https:\/\/cheerz.wpengine.com\/wp-content\/uploads\/2021\/02\/4-fond-ecran-710x1536.jpeg 710w, https:\/\/cheerz.wpengine.com\/wp-content\/uploads\/2021\/02\/4-fond-ecran.jpeg 828w\" sizes=\"auto, (max-width: 473px) 100vw, 473px\" \/> <\/em><\/p>\n<p><em>L\u2019imprim\u00e9 fleurs de mes papiers peints cr\u00e9\u00e9s avec @BonjourGeorges<\/em><\/p>\n<p><b>Quel est ton rapport \u00e0 la photo ? Toi aussi, tu es team \u201cespace de stockage satur\u00e9\u201d ?<\/b><\/p>\n<p><em>Oui surtout avec 3 enfants que je mitraille constamment. Je suis aussi pas mal team captures d\u2019\u00e9cran\u00a0<\/em><\/p>\n<p><b>T\u2019as pris quoi en photo hier ?<\/b><\/p>\n<p><em><img loading=\"lazy\" decoding=\"async\" class=\"aligncenter wp-image-16629 size-large\" src=\"https:\/\/royal.cheerz.com\/wp-content\/uploads\/2021\/02\/5-photo-hier-768x1024.jpg\" alt=\"\" width=\"768\" height=\"1024\" srcset=\"https:\/\/cheerz.wpengine.com\/wp-content\/uploads\/2021\/02\/5-photo-hier-768x1024.jpg 768w, https:\/\/cheerz.wpengine.com\/wp-content\/uploads\/2021\/02\/5-photo-hier-225x300.jpg 225w, https:\/\/cheerz.wpengine.com\/wp-content\/uploads\/2021\/02\/5-photo-hier-1152x1536.jpg 1152w, https:\/\/cheerz.wpengine.com\/wp-content\/uploads\/2021\/02\/5-photo-hier-scaled.jpg 1536w, https:\/\/cheerz.wpengine.com\/wp-content\/uploads\/2021\/02\/5-photo-hier-1000x1333.jpg 1000w\" sizes=\"auto, (max-width: 768px) 100vw, 768px\" \/> <\/em><\/p>\n<p><em>Les petits v\u00eatements vintage que je venais de recevoir<\/em><\/p>\n<p><b>Et du coup, plut\u00f4t avec ou sans filtre ?<\/b><\/p>\n<p><em>Avec\u00a0! Surtout les filtres stories, il y en a des trop chouettes.<\/em><\/p>\n<p><b>C\u2019est qui ton\/ta partner in crimes de selfies ?<\/b><\/p>\n<p><em>@alexre<\/em><\/p>\n<p><b>La derni\u00e8re photo que vous avez prise ensemble, c\u2019\u00e9tait quoi ?<\/b><\/p>\n<p><b><img loading=\"lazy\" decoding=\"async\" class=\"aligncenter wp-image-16630 size-large\" src=\"https:\/\/royal.cheerz.com\/wp-content\/uploads\/2021\/02\/6-dernier-selfie-768x1024.jpg\" alt=\"\" width=\"768\" height=\"1024\" srcset=\"https:\/\/cheerz.wpengine.com\/wp-content\/uploads\/2021\/02\/6-dernier-selfie-768x1024.jpg 768w, https:\/\/cheerz.wpengine.com\/wp-content\/uploads\/2021\/02\/6-dernier-selfie-225x300.jpg 225w, https:\/\/cheerz.wpengine.com\/wp-content\/uploads\/2021\/02\/6-dernier-selfie-1152x1536.jpg 1152w, https:\/\/cheerz.wpengine.com\/wp-content\/uploads\/2021\/02\/6-dernier-selfie-scaled.jpg 1536w, https:\/\/cheerz.wpengine.com\/wp-content\/uploads\/2021\/02\/6-dernier-selfie-1000x1333.jpg 1000w\" sizes=\"auto, (max-width: 768px) 100vw, 768px\" \/> <\/b><\/p>\n<p><b>Une photo que tu aimes \u00e0 la folie ?<span class=\"Apple-converted-space\">\u00a0<\/span><\/b><\/p>\n<p><b><img loading=\"lazy\" decoding=\"async\" class=\"aligncenter wp-image-16631 size-large\" src=\"https:\/\/royal.cheerz.com\/wp-content\/uploads\/2021\/02\/7-photo-que-jmalafolie-1024x768.jpg\" alt=\"\" width=\"1024\" height=\"768\" srcset=\"https:\/\/cheerz.wpengine.com\/wp-content\/uploads\/2021\/02\/7-photo-que-jmalafolie-1024x768.jpg 1024w, https:\/\/cheerz.wpengine.com\/wp-content\/uploads\/2021\/02\/7-photo-que-jmalafolie-300x225.jpg 300w, https:\/\/cheerz.wpengine.com\/wp-content\/uploads\/2021\/02\/7-photo-que-jmalafolie-768x576.jpg 768w, https:\/\/cheerz.wpengine.com\/wp-content\/uploads\/2021\/02\/7-photo-que-jmalafolie-1536x1152.jpg 1536w, https:\/\/cheerz.wpengine.com\/wp-content\/uploads\/2021\/02\/7-photo-que-jmalafolie-scaled.jpg 2048w, https:\/\/cheerz.wpengine.com\/wp-content\/uploads\/2021\/02\/7-photo-que-jmalafolie-1000x750.jpg 1000w\" sizes=\"auto, (max-width: 1024px) 100vw, 1024px\" \/><\/b><\/p>\n<p><b>Et si cette photo \u00e9tait accompagn\u00e9e d\u2019une musique, \u00e7a serait laquelle ?<\/b><\/p>\n<p><em>Felicita \u2013 Al Bano<\/em><\/p>\n<p><b>D\u2019ailleurs, \u00e7a veut dire quoi \u201caimer \u00e0 la folie\u201d pour toi ?<\/b><\/p>\n<p><em>Demande \u00e0 mon mari\u00a0\u263a<span class=\"Apple-converted-space\">\u00a0<\/span><\/em><\/p>\n<p><b>C\u2019est comment la Saint Valentin de Mathilde Cabanas ? Sans les enfants ? tous ensemble ? ou comme d\u2019habitude ?<\/b><\/p>\n<p><em>Comme d\u2019habitude. L\u2019amour chez nous c\u2019est tous les jours.<\/em><\/p>\n<p><b>Ta petite folie du moment, c\u2019est quoi ?<span class=\"Apple-converted-space\">\u00a0<\/span><\/b><\/p>\n<p><em>De dormir tout le temps haha\u00a0!<\/em><\/p>\n<p><b>Ensemble on a cr\u00e9\u00e9 un album \u201c\u00e0 la folie\u201d (qu\u2019on adooooore), tu glisserais quoi toi comme photos dans cet album <i>\u00c0 la folie <\/i>?<span class=\"Apple-converted-space\">\u00a0<\/span><\/b><\/p>\n<p><em>J\u2019aimerai bien un album de tous mes souvenirs avec Alex depuis qu\u2019on est associ\u00e9es dans la folle aventure de la marque Mathilde Cabanas.<\/em><\/p>\n<p><b>Et tu l\u2019offrirais \u00e0 qui ?<\/b><\/p>\n<p><em>\u00c0 moi m\u00eame #selfcadeau<\/em><\/p>\n<p><b>Tu nous fais un selfie bisou en partant ?<\/b><\/p>\n<p><em>Claro<\/em><\/p>\n<p><img loading=\"lazy\" decoding=\"async\" class=\"alignnone wp-image-16632 size-large\" src=\"https:\/\/royal.cheerz.com\/wp-content\/uploads\/2021\/02\/8-selfie-bisou-768x1024.jpg\" alt=\"\" width=\"768\" height=\"1024\" srcset=\"https:\/\/cheerz.wpengine.com\/wp-content\/uploads\/2021\/02\/8-selfie-bisou-768x1024.jpg 768w, https:\/\/cheerz.wpengine.com\/wp-content\/uploads\/2021\/02\/8-selfie-bisou-225x300.jpg 225w, https:\/\/cheerz.wpengine.com\/wp-content\/uploads\/2021\/02\/8-selfie-bisou-1152x1536.jpg 1152w, https:\/\/cheerz.wpengine.com\/wp-content\/uploads\/2021\/02\/8-selfie-bisou-scaled.jpg 1536w, https:\/\/cheerz.wpengine.com\/wp-content\/uploads\/2021\/02\/8-selfie-bisou-1000x1333.jpg 1000w\" sizes=\"auto, (max-width: 768px) 100vw, 768px\" \/><\/p>\n<p>Merci Mathilde pour ce joli partage, on est tr\u00e8s heureux de cette superbe collaboration ! Encore un grand merci, et plein de bisous (de loin) de la part de toute la Cheerz family \ud83d\udc8b<\/p>\n","protected":false},"excerpt":{"rendered":"<p>L&rsquo;interview de Mathilde Cabanas, reine des bisous et partenaire de notre album Saint Valentin \u00ab\u00a0\u00e0 la folie\u00a0\u00bb Un peu, beaucoup, passionn\u00e9ment&#8230; \u00c0 la folie ! Quand on y r\u00e9fl\u00e9chit, s&rsquo;aimer, c&rsquo;est de la folie. Non mais c&rsquo;est vrai vous ne croyez pas ?\u00a0S\u2019aimer c\u2019est se dire oui pour toute la vie, c&rsquo;est se confiner \u00e0 [&hellip;]<\/p>\n","protected":false},"author":19,"featured_media":16638,"comment_status":"closed","ping_status":"closed","sticky":false,"template":"","format":"standard","meta":{"_acf_changed":false,"_lmt_disableupdate":"","_lmt_disable":"","iawp_total_views":33,"footnotes":""},"categories":[71],"tags":[1445],"class_list":["post-16624","post","type-post","status-publish","format-standard","has-post-thumbnail","hentry","category-actualites","tag-revivre"],"acf":[],"yoast_head":"<!-- This site is optimized with the Yoast SEO plugin v27.5 - https:\/\/yoast.com\/product\/yoast-seo-wordpress\/ -->\n<title>Dans la pellicule de Mathilde Cabanas | \u00e0 la folie - Blog Cheerz<\/title>\n<meta name=\"description\" content=\"Reine des bisous, illustratrice de talent et dessinatrice de notre couverture d&#039;album Saint Valentin : d\u00e9couvrez l&#039;interview \u00e0 la folie de Mathilde Cabanas\" \/>\n<meta name=\"robots\" content=\"index, follow, max-snippet:-1, max-image-preview:large, max-video-preview:-1\" \/>\n<link rel=\"canonical\" href=\"https:\/\/cheerz.wpengine.com\/actualites\/dans-la-pellicule-de-mathilde-cabanas-a-la-folie\/\" \/>\n<meta property=\"og:locale\" content=\"fr_FR\" \/>\n<meta property=\"og:type\" content=\"article\" \/>\n<meta property=\"og:title\" content=\"Dans la pellicule de Mathilde Cabanas | \u00e0 la folie - Blog Cheerz\" \/>\n<meta property=\"og:description\" content=\"Reine des bisous, illustratrice de talent et dessinatrice de notre couverture d&#039;album Saint Valentin : d\u00e9couvrez l&#039;interview \u00e0 la folie de Mathilde Cabanas\" \/>\n<meta property=\"og:url\" content=\"https:\/\/cheerz.wpengine.com\/actualites\/dans-la-pellicule-de-mathilde-cabanas-a-la-folie\/\" \/>\n<meta property=\"og:site_name\" content=\"Blog Cheerz\" \/>\n<meta property=\"article:published_time\" content=\"2021-02-02T17:42:12+00:00\" \/>\n<meta property=\"article:modified_time\" content=\"2024-08-22T14:48:54+00:00\" \/>\n<meta property=\"og:image\" content=\"https:\/\/cheerz.wpengine.com\/wp-content\/uploads\/2021\/02\/header-2-copie.png\" \/>\n\t<meta property=\"og:image:width\" content=\"1200\" \/>\n\t<meta property=\"og:image:height\" content=\"800\" \/>\n\t<meta property=\"og:image:type\" content=\"image\/png\" \/>\n<meta name=\"author\" content=\"Sandra Hebben\" \/>\n<meta name=\"twitter:card\" content=\"summary_large_image\" \/>\n<meta name=\"twitter:label1\" content=\"\u00c9crit par\" \/>\n\t<meta name=\"twitter:data1\" content=\"Sandra Hebben\" \/>\n\t<meta name=\"twitter:label2\" content=\"Dur\u00e9e de lecture estim\u00e9e\" \/>\n\t<meta name=\"twitter:data2\" content=\"4 minutes\" \/>\n<script type=\"application\/ld+json\" class=\"yoast-schema-graph\">{\"@context\":\"https:\\\/\\\/schema.org\",\"@graph\":[{\"@type\":\"Article\",\"@id\":\"https:\\\/\\\/cheerz.wpengine.com\\\/actualites\\\/dans-la-pellicule-de-mathilde-cabanas-a-la-folie\\\/#article\",\"isPartOf\":{\"@id\":\"https:\\\/\\\/cheerz.wpengine.com\\\/actualites\\\/dans-la-pellicule-de-mathilde-cabanas-a-la-folie\\\/\"},\"author\":{\"name\":\"Sandra Hebben\",\"@id\":\"https:\\\/\\\/cheerz.wpengine.com\\\/#\\\/schema\\\/person\\\/7b9bde04783642a12683670a1fe86309\"},\"headline\":\"Dans la pellicule de Mathilde Cabanas | \u00e0 la folie\",\"datePublished\":\"2021-02-02T17:42:12+00:00\",\"dateModified\":\"2024-08-22T14:48:54+00:00\",\"mainEntityOfPage\":{\"@id\":\"https:\\\/\\\/cheerz.wpengine.com\\\/actualites\\\/dans-la-pellicule-de-mathilde-cabanas-a-la-folie\\\/\"},\"wordCount\":742,\"image\":{\"@id\":\"https:\\\/\\\/cheerz.wpengine.com\\\/actualites\\\/dans-la-pellicule-de-mathilde-cabanas-a-la-folie\\\/#primaryimage\"},\"thumbnailUrl\":\"https:\\\/\\\/cheerz.wpengine.com\\\/wp-content\\\/uploads\\\/2021\\\/02\\\/header-2-copie.png\",\"keywords\":[\"revivre\"],\"articleSection\":[\"Actus\"],\"inLanguage\":\"fr-FR\"},{\"@type\":\"WebPage\",\"@id\":\"https:\\\/\\\/cheerz.wpengine.com\\\/actualites\\\/dans-la-pellicule-de-mathilde-cabanas-a-la-folie\\\/\",\"url\":\"https:\\\/\\\/cheerz.wpengine.com\\\/actualites\\\/dans-la-pellicule-de-mathilde-cabanas-a-la-folie\\\/\",\"name\":\"Dans la pellicule de Mathilde Cabanas | \u00e0 la folie - Blog Cheerz\",\"isPartOf\":{\"@id\":\"https:\\\/\\\/cheerz.wpengine.com\\\/#website\"},\"primaryImageOfPage\":{\"@id\":\"https:\\\/\\\/cheerz.wpengine.com\\\/actualites\\\/dans-la-pellicule-de-mathilde-cabanas-a-la-folie\\\/#primaryimage\"},\"image\":{\"@id\":\"https:\\\/\\\/cheerz.wpengine.com\\\/actualites\\\/dans-la-pellicule-de-mathilde-cabanas-a-la-folie\\\/#primaryimage\"},\"thumbnailUrl\":\"https:\\\/\\\/cheerz.wpengine.com\\\/wp-content\\\/uploads\\\/2021\\\/02\\\/header-2-copie.png\",\"datePublished\":\"2021-02-02T17:42:12+00:00\",\"dateModified\":\"2024-08-22T14:48:54+00:00\",\"author\":{\"@id\":\"https:\\\/\\\/cheerz.wpengine.com\\\/#\\\/schema\\\/person\\\/7b9bde04783642a12683670a1fe86309\"},\"description\":\"Reine des bisous, illustratrice de talent et dessinatrice de notre couverture d'album Saint Valentin : d\u00e9couvrez l'interview \u00e0 la folie de Mathilde Cabanas\",\"breadcrumb\":{\"@id\":\"https:\\\/\\\/cheerz.wpengine.com\\\/actualites\\\/dans-la-pellicule-de-mathilde-cabanas-a-la-folie\\\/#breadcrumb\"},\"inLanguage\":\"fr-FR\",\"potentialAction\":[{\"@type\":\"ReadAction\",\"target\":[\"https:\\\/\\\/cheerz.wpengine.com\\\/actualites\\\/dans-la-pellicule-de-mathilde-cabanas-a-la-folie\\\/\"]}]},{\"@type\":\"ImageObject\",\"inLanguage\":\"fr-FR\",\"@id\":\"https:\\\/\\\/cheerz.wpengine.com\\\/actualites\\\/dans-la-pellicule-de-mathilde-cabanas-a-la-folie\\\/#primaryimage\",\"url\":\"https:\\\/\\\/cheerz.wpengine.com\\\/wp-content\\\/uploads\\\/2021\\\/02\\\/header-2-copie.png\",\"contentUrl\":\"https:\\\/\\\/cheerz.wpengine.com\\\/wp-content\\\/uploads\\\/2021\\\/02\\\/header-2-copie.png\",\"width\":1200,\"height\":800},{\"@type\":\"BreadcrumbList\",\"@id\":\"https:\\\/\\\/cheerz.wpengine.com\\\/actualites\\\/dans-la-pellicule-de-mathilde-cabanas-a-la-folie\\\/#breadcrumb\",\"itemListElement\":[{\"@type\":\"ListItem\",\"position\":1,\"name\":\"Royal Cheerz\",\"item\":\"https:\\\/\\\/cheerz.wpengine.com\\\/\"},{\"@type\":\"ListItem\",\"position\":2,\"name\":\"Actus\",\"item\":\"https:\\\/\\\/cheerz.wpengine.com\\\/categorie\\\/actualites\\\/\"},{\"@type\":\"ListItem\",\"position\":3,\"name\":\"Dans la pellicule de Mathilde Cabanas | \u00e0 la folie\"}]},{\"@type\":\"WebSite\",\"@id\":\"https:\\\/\\\/cheerz.wpengine.com\\\/#website\",\"url\":\"https:\\\/\\\/cheerz.wpengine.com\\\/\",\"name\":\"Blog Cheerz\",\"description\":\"Imprimeur de sourires\",\"potentialAction\":[{\"@type\":\"SearchAction\",\"target\":{\"@type\":\"EntryPoint\",\"urlTemplate\":\"https:\\\/\\\/cheerz.wpengine.com\\\/?s={search_term_string}\"},\"query-input\":{\"@type\":\"PropertyValueSpecification\",\"valueRequired\":true,\"valueName\":\"search_term_string\"}}],\"inLanguage\":\"fr-FR\"},{\"@type\":\"Person\",\"@id\":\"https:\\\/\\\/cheerz.wpengine.com\\\/#\\\/schema\\\/person\\\/7b9bde04783642a12683670a1fe86309\",\"name\":\"Sandra Hebben\",\"image\":{\"@type\":\"ImageObject\",\"inLanguage\":\"fr-FR\",\"@id\":\"https:\\\/\\\/secure.gravatar.com\\\/avatar\\\/78e6628b74fca1a9893c89902dbbd52e8a7b93a9994991ed346b5ad52c6b84a8?s=96&d=mm&r=g\",\"url\":\"https:\\\/\\\/secure.gravatar.com\\\/avatar\\\/78e6628b74fca1a9893c89902dbbd52e8a7b93a9994991ed346b5ad52c6b84a8?s=96&d=mm&r=g\",\"contentUrl\":\"https:\\\/\\\/secure.gravatar.com\\\/avatar\\\/78e6628b74fca1a9893c89902dbbd52e8a7b93a9994991ed346b5ad52c6b84a8?s=96&d=mm&r=g\",\"caption\":\"Sandra Hebben\"},\"url\":\"https:\\\/\\\/cheerz.wpengine.com\\\/author\\\/sandra-hebbencheerz-com\\\/\"}]}<\/script>\n<!-- \/ Yoast SEO plugin. -->","yoast_head_json":{"title":"Dans la pellicule de Mathilde Cabanas | \u00e0 la folie - Blog Cheerz","description":"Reine des bisous, illustratrice de talent et dessinatrice de notre couverture d'album Saint Valentin : d\u00e9couvrez l'interview \u00e0 la folie de Mathilde Cabanas","robots":{"index":"index","follow":"follow","max-snippet":"max-snippet:-1","max-image-preview":"max-image-preview:large","max-video-preview":"max-video-preview:-1"},"canonical":"https:\/\/cheerz.wpengine.com\/actualites\/dans-la-pellicule-de-mathilde-cabanas-a-la-folie\/","og_locale":"fr_FR","og_type":"article","og_title":"Dans la pellicule de Mathilde Cabanas | \u00e0 la folie - Blog Cheerz","og_description":"Reine des bisous, illustratrice de talent et dessinatrice de notre couverture d'album Saint Valentin : d\u00e9couvrez l'interview \u00e0 la folie de Mathilde Cabanas","og_url":"https:\/\/cheerz.wpengine.com\/actualites\/dans-la-pellicule-de-mathilde-cabanas-a-la-folie\/","og_site_name":"Blog Cheerz","article_published_time":"2021-02-02T17:42:12+00:00","article_modified_time":"2024-08-22T14:48:54+00:00","og_image":[{"width":1200,"height":800,"url":"https:\/\/cheerz.wpengine.com\/wp-content\/uploads\/2021\/02\/header-2-copie.png","type":"image\/png"}],"author":"Sandra Hebben","twitter_card":"summary_large_image","twitter_misc":{"\u00c9crit par":"Sandra Hebben","Dur\u00e9e de lecture estim\u00e9e":"4 minutes"},"schema":{"@context":"https:\/\/schema.org","@graph":[{"@type":"Article","@id":"https:\/\/cheerz.wpengine.com\/actualites\/dans-la-pellicule-de-mathilde-cabanas-a-la-folie\/#article","isPartOf":{"@id":"https:\/\/cheerz.wpengine.com\/actualites\/dans-la-pellicule-de-mathilde-cabanas-a-la-folie\/"},"author":{"name":"Sandra Hebben","@id":"https:\/\/cheerz.wpengine.com\/#\/schema\/person\/7b9bde04783642a12683670a1fe86309"},"headline":"Dans la pellicule de Mathilde Cabanas | \u00e0 la folie","datePublished":"2021-02-02T17:42:12+00:00","dateModified":"2024-08-22T14:48:54+00:00","mainEntityOfPage":{"@id":"https:\/\/cheerz.wpengine.com\/actualites\/dans-la-pellicule-de-mathilde-cabanas-a-la-folie\/"},"wordCount":742,"image":{"@id":"https:\/\/cheerz.wpengine.com\/actualites\/dans-la-pellicule-de-mathilde-cabanas-a-la-folie\/#primaryimage"},"thumbnailUrl":"https:\/\/cheerz.wpengine.com\/wp-content\/uploads\/2021\/02\/header-2-copie.png","keywords":["revivre"],"articleSection":["Actus"],"inLanguage":"fr-FR"},{"@type":"WebPage","@id":"https:\/\/cheerz.wpengine.com\/actualites\/dans-la-pellicule-de-mathilde-cabanas-a-la-folie\/","url":"https:\/\/cheerz.wpengine.com\/actualites\/dans-la-pellicule-de-mathilde-cabanas-a-la-folie\/","name":"Dans la pellicule de Mathilde Cabanas | \u00e0 la folie - Blog Cheerz","isPartOf":{"@id":"https:\/\/cheerz.wpengine.com\/#website"},"primaryImageOfPage":{"@id":"https:\/\/cheerz.wpengine.com\/actualites\/dans-la-pellicule-de-mathilde-cabanas-a-la-folie\/#primaryimage"},"image":{"@id":"https:\/\/cheerz.wpengine.com\/actualites\/dans-la-pellicule-de-mathilde-cabanas-a-la-folie\/#primaryimage"},"thumbnailUrl":"https:\/\/cheerz.wpengine.com\/wp-content\/uploads\/2021\/02\/header-2-copie.png","datePublished":"2021-02-02T17:42:12+00:00","dateModified":"2024-08-22T14:48:54+00:00","author":{"@id":"https:\/\/cheerz.wpengine.com\/#\/schema\/person\/7b9bde04783642a12683670a1fe86309"},"description":"Reine des bisous, illustratrice de talent et dessinatrice de notre couverture d'album Saint Valentin : d\u00e9couvrez l'interview \u00e0 la folie de Mathilde Cabanas","breadcrumb":{"@id":"https:\/\/cheerz.wpengine.com\/actualites\/dans-la-pellicule-de-mathilde-cabanas-a-la-folie\/#breadcrumb"},"inLanguage":"fr-FR","potentialAction":[{"@type":"ReadAction","target":["https:\/\/cheerz.wpengine.com\/actualites\/dans-la-pellicule-de-mathilde-cabanas-a-la-folie\/"]}]},{"@type":"ImageObject","inLanguage":"fr-FR","@id":"https:\/\/cheerz.wpengine.com\/actualites\/dans-la-pellicule-de-mathilde-cabanas-a-la-folie\/#primaryimage","url":"https:\/\/cheerz.wpengine.com\/wp-content\/uploads\/2021\/02\/header-2-copie.png","contentUrl":"https:\/\/cheerz.wpengine.com\/wp-content\/uploads\/2021\/02\/header-2-copie.png","width":1200,"height":800},{"@type":"BreadcrumbList","@id":"https:\/\/cheerz.wpengine.com\/actualites\/dans-la-pellicule-de-mathilde-cabanas-a-la-folie\/#breadcrumb","itemListElement":[{"@type":"ListItem","position":1,"name":"Royal Cheerz","item":"https:\/\/cheerz.wpengine.com\/"},{"@type":"ListItem","position":2,"name":"Actus","item":"https:\/\/cheerz.wpengine.com\/categorie\/actualites\/"},{"@type":"ListItem","position":3,"name":"Dans la pellicule de Mathilde Cabanas | \u00e0 la folie"}]},{"@type":"WebSite","@id":"https:\/\/cheerz.wpengine.com\/#website","url":"https:\/\/cheerz.wpengine.com\/","name":"Blog Cheerz","description":"Imprimeur de sourires","potentialAction":[{"@type":"SearchAction","target":{"@type":"EntryPoint","urlTemplate":"https:\/\/cheerz.wpengine.com\/?s={search_term_string}"},"query-input":{"@type":"PropertyValueSpecification","valueRequired":true,"valueName":"search_term_string"}}],"inLanguage":"fr-FR"},{"@type":"Person","@id":"https:\/\/cheerz.wpengine.com\/#\/schema\/person\/7b9bde04783642a12683670a1fe86309","name":"Sandra Hebben","image":{"@type":"ImageObject","inLanguage":"fr-FR","@id":"https:\/\/secure.gravatar.com\/avatar\/78e6628b74fca1a9893c89902dbbd52e8a7b93a9994991ed346b5ad52c6b84a8?s=96&d=mm&r=g","url":"https:\/\/secure.gravatar.com\/avatar\/78e6628b74fca1a9893c89902dbbd52e8a7b93a9994991ed346b5ad52c6b84a8?s=96&d=mm&r=g","contentUrl":"https:\/\/secure.gravatar.com\/avatar\/78e6628b74fca1a9893c89902dbbd52e8a7b93a9994991ed346b5ad52c6b84a8?s=96&d=mm&r=g","caption":"Sandra Hebben"},"url":"https:\/\/cheerz.wpengine.com\/author\/sandra-hebbencheerz-com\/"}]}},"modified_by":"Marie Gingault","_links":{"self":[{"href":"https:\/\/cheerz.wpengine.com\/wp-json\/wp\/v2\/posts\/16624","targetHints":{"allow":["GET"]}}],"collection":[{"href":"https:\/\/cheerz.wpengine.com\/wp-json\/wp\/v2\/posts"}],"about":[{"href":"https:\/\/cheerz.wpengine.com\/wp-json\/wp\/v2\/types\/post"}],"author":[{"embeddable":true,"href":"https:\/\/cheerz.wpengine.com\/wp-json\/wp\/v2\/users\/19"}],"replies":[{"embeddable":true,"href":"https:\/\/cheerz.wpengine.com\/wp-json\/wp\/v2\/comments?post=16624"}],"version-history":[{"count":0,"href":"https:\/\/cheerz.wpengine.com\/wp-json\/wp\/v2\/posts\/16624\/revisions"}],"wp:featuredmedia":[{"embeddable":true,"href":"https:\/\/cheerz.wpengine.com\/wp-json\/wp\/v2\/media\/16638"}],"wp:attachment":[{"href":"https:\/\/cheerz.wpengine.com\/wp-json\/wp\/v2\/media?parent=16624"}],"wp:term":[{"taxonomy":"category","embeddable":true,"href":"https:\/\/cheerz.wpengine.com\/wp-json\/wp\/v2\/categories?post=16624"},{"taxonomy":"post_tag","embeddable":true,"href":"https:\/\/cheerz.wpengine.com\/wp-json\/wp\/v2\/tags?post=16624"}],"curies":[{"name":"wp","href":"https:\/\/api.w.org\/{rel}","templated":true}]}}