
{"id":16618,"date":"2021-01-22T18:39:59","date_gmt":"2021-01-22T17:39:59","guid":{"rendered":"https:\/\/royal.cheerz.com\/?p=16618"},"modified":"2025-05-20T16:35:04","modified_gmt":"2025-05-20T14:35:04","slug":"notre-troisieme-journee-du-sourire","status":"publish","type":"post","link":"https:\/\/cheerz.wpengine.com\/actualites\/notre-troisieme-journee-du-sourire\/","title":{"rendered":"Notre troisi\u00e8me journ\u00e9e du sourire"},"content":{"rendered":"<h2><b>La journ\u00e9e du sourire x <a href=\"https:\/\/www.petitsfreresdespauvres.fr\/\">les Petits Fr\u00e8res des Pauvres<\/a><\/b><\/h2>\n<p><span style=\"font-weight: 400;\">Dans la vie il y a des choses qui nous donnent le sourire comme les soir\u00e9es cr\u00eapes, la phrase \u201ct\u2019avais raison\u201d et C\u00e9line Dion (toujours). Et puis il y a celles qui nous font vraiment, mais alors vraiment, sourire comme de contribuer ensemble \u00e0 offrir quelques instants de bonheur aux personnes \u00e2g\u00e9es isol\u00e9es.\u00a0<\/span><\/p>\n<p><span style=\"font-weight: 400;\">C\u2019est ce que nous avons r\u00e9alis\u00e9 gr\u00e2ce \u00e0 vous ce <\/span><b>mercredi 20 janvier<\/b><span style=\"font-weight: 400;\"> lors de notre <\/span><a href=\"https:\/\/www.petitsfreresdespauvres.fr\/informer\/nos-actualites\/grace-a-vos-achats-sur-cheerz-le-20-janvier-des-moments-de-bonheur-pour-nos-aines-isoles\"><b>troisi\u00e8me Journ\u00e9e du sourire<\/b><\/a><span style=\"font-weight: 400;\">. Pendant 24 heures nous avons revers\u00e9 <\/span><b>10 % de notre chiffre d&rsquo;affaires<\/b><span style=\"font-weight: 400;\"> \u00e0 l\u2019association <\/span><a href=\"https:\/\/www.petitsfreresdespauvres.fr\/\"><b>Petits Fr\u00e8res des Pauvres.\u00a0<\/b><\/a><\/p>\n<p><span style=\"font-weight: 400;\">Cr\u00e9\u00e9e en 1946, l\u2019association <a href=\"https:\/\/www.petitsfreresdespauvres.fr\/\">Petits Fr\u00e8res des Pauvres<\/a> lutte contre l\u2019isolement et la solitude des personnes \u00e2g\u00e9es. \u00c0 travers plusieurs actions elle aide ces personnes particuli\u00e8rement d\u00e9munies \u00e0 vivre et profiter, tout simplement. En d\u00e9cembre, nous les avons accompagn\u00e9 dans une<a href=\"https:\/\/www.oneheart.fr\/articles\/cette-association-se-transforme-en-facteur-pour-distribuer-des-cartes-de-v-ux-a-des-personnes-en-situation-de-precarite-24885\"> initiative solidaire<\/a> pour <\/span><b>offrir <a href=\"https:\/\/www.cheerz.com\/fr\/products\/memories-pocket\">1000 Pochettes Souvenirs<\/a><\/b><span style=\"font-weight: 400;\"> (une photo accompagn\u00e9e d\u2019un petit mot) \u00e0 des personnes isol\u00e9es pendant les f\u00eates. Une fa\u00e7on pour nous, de leur souhaiter une bonne ann\u00e9e et leur envoyer un peu de joie.\u00a0<\/span><\/p>\n<p><a href=\"https:\/\/www.petitsfreresdespauvres.fr\/informer\/nos-actualites\/grace-a-vos-achats-sur-cheerz-le-20-janvier-des-moments-de-bonheur-pour-nos-aines-isoles\"><img loading=\"lazy\" decoding=\"async\" class=\"alignnone size-full wp-image-16620\" src=\"https:\/\/royal.cheerz.com\/wp-content\/uploads\/2021\/01\/LPA-X-PFP-1-scaled.jpeg\" alt=\"cheerz solidaire la petite attention\" width=\"2048\" height=\"1536\" srcset=\"https:\/\/cheerz.wpengine.com\/wp-content\/uploads\/2021\/01\/LPA-X-PFP-1-scaled.jpeg 2048w, https:\/\/cheerz.wpengine.com\/wp-content\/uploads\/2021\/01\/LPA-X-PFP-1-300x225.jpeg 300w, https:\/\/cheerz.wpengine.com\/wp-content\/uploads\/2021\/01\/LPA-X-PFP-1-1024x768.jpeg 1024w, https:\/\/cheerz.wpengine.com\/wp-content\/uploads\/2021\/01\/LPA-X-PFP-1-768x576.jpeg 768w, https:\/\/cheerz.wpengine.com\/wp-content\/uploads\/2021\/01\/LPA-X-PFP-1-1536x1152.jpeg 1536w, https:\/\/cheerz.wpengine.com\/wp-content\/uploads\/2021\/01\/LPA-X-PFP-1-1000x750.jpeg 1000w\" sizes=\"auto, (max-width: 2048px) 100vw, 2048px\" \/><\/a><\/p>\n<p><span style=\"font-weight: 400;\">Convaincus, comme nous, que le lien social, l\u2019\u00e9coute et la pr\u00e9sence sont clefs \u00e0 l\u2019\u00e9panouissement personnel, l\u2019association Petits Fr\u00e8res des Pauvres multiplie les initiatives comme celle-ci et nous sommes heureux de les soutenir \u00e0 nouveau aujourd\u2019hui avec cette journ\u00e9e du sourire.\u00a0<\/span><\/p>\n<h3><b>Qu\u2019est-ce que \u00ab les journ\u00e9es du sourire \u00bb ?<\/b><\/h3>\n<p><span style=\"font-weight: 400;\">Les \u00ab journ\u00e9es du sourire \u00bb sont l\u2019un des piliers du<a href=\"https:\/\/www.cheerz.com\/fr\/blog\/actualites\/de-notre-mieux-nos-engagements-solidaires\/\"> programme solidaire #denotremieux<\/a>, programme d\u2019actions et d\u2019engagements que nous avons cr\u00e9\u00e9 lors du premier confinement avec une ambition : donner ou redonner le sourire \u00e0 ceux qui en ont besoin. Ces journ\u00e9es ont lieu tous les deux mois et sont organis\u00e9es en partenariat avec des associations dont les valeurs sont au diapason des n\u00f4tres afin de les accompagner vers un objectif pr\u00e9cis.\u00a0<\/span><\/p>\n<p><span style=\"font-weight: 400;\">\u00c0 l\u2019issue de cette troisi\u00e8me journ\u00e9e du sourire, les fonds revers\u00e9s \u00e0 l\u2019association <\/span><a href=\"https:\/\/www.petitsfreresdespauvres.fr\/\"><b>Petits Fr\u00e8res des Pauvres<\/b><\/a><span style=\"font-weight: 400;\"> serviront \u00e0 la cr\u00e9ation de moments de bonheur, sortes de \u201cbulles temporelles\u201d pour <\/span><b>favoriser le lien social de 33 personnes \u00e2g\u00e9es <\/b><span style=\"font-weight: 400;\">autour de divers ateliers cr\u00e9atifs, de bien-\u00eatre et de partage.\u00a0<\/span><\/p>\n<h3><b>Le r\u00e9sultat de cette journ\u00e9e ?<\/b><\/h3>\n<p><span style=\"font-weight: 400;\">En reversant tout au long de la journ\u00e9e 10 % de notre chiffre d\u2019affaires c\u2019est au total <strong>5 500 \u20ac<\/strong> que nous avons collect\u00e9 pour aider ces personnes isol\u00e9es \u00e0 recr\u00e9er du lien social et reprendre go\u00fbt \u00e0 la vie.\u00a0<\/span><\/p>\n<p><span style=\"font-weight: 400;\">5 500 \u20ac qui, gr\u00e2ce \u00e0 votre engagement, votre mobilisation et votre soutien, pourront offrir quelques moments de bonheur \u00e0 nos a\u00een\u00e9s et rompre leur solitude le temps d\u2019un instant.<\/span><\/p>\n<p><span style=\"font-weight: 400;\">Alors pour tout \u00e7a, merci<\/span><span style=\"font-weight: 400;\"> \u2764\ufe0f<\/span><\/p>\n<h3><b>La prochaine \u00e9tape<\/b><\/h3>\n<p><span style=\"font-weight: 400;\">Sortez vos agendas (ou vos <a href=\"https:\/\/www.cheerz.com\/fr\/categories\/calendar\">calendriers photos<\/a> si vous \u00eates des vrais), on vous donne rendez-vous en mars, pour notre quatri\u00e8me journ\u00e9e du sourire en partenariat avec l\u2019association <\/span><a href=\"https:\/\/assolerocher.org\/antennes\/paris\/\"><b>Le Rocher, Oasis des cit\u00e9s<\/b><\/a><span style=\"font-weight: 400;\">. Une journ\u00e9e dont l\u2019objectif ne change pas : r\u00e9colter des fonds pour diffuser un maximum de sourires sur le visage, cette fois, de familles au c\u0153ur des cit\u00e9s et des quartiers populaires fran\u00e7ais.<\/span><\/p>\n","protected":false},"excerpt":{"rendered":"<p>La journ\u00e9e du sourire x les Petits Fr\u00e8res des Pauvres Dans la vie il y a des choses qui nous donnent le sourire comme les soir\u00e9es cr\u00eapes, la phrase \u201ct\u2019avais raison\u201d et C\u00e9line Dion (toujours). Et puis il y a celles qui nous font vraiment, mais alors vraiment, sourire comme de contribuer ensemble \u00e0 offrir [&hellip;]<\/p>\n","protected":false},"author":19,"featured_media":16619,"comment_status":"closed","ping_status":"closed","sticky":false,"template":"","format":"standard","meta":{"_acf_changed":false,"_lmt_disableupdate":"","_lmt_disable":"","iawp_total_views":24,"footnotes":""},"categories":[71],"tags":[],"class_list":["post-16618","post","type-post","status-publish","format-standard","has-post-thumbnail","hentry","category-actualites"],"acf":[],"yoast_head":"<!-- This site is optimized with the Yoast SEO plugin v27.5 - https:\/\/yoast.com\/product\/yoast-seo-wordpress\/ -->\n<title>Notre troisi\u00e8me journ\u00e9e du sourire - Blog Cheerz<\/title>\n<meta name=\"description\" content=\"24 heures pendant lesquelles nous avons revers\u00e9 10 % de notre chiffre d&#039;affaires \u00e0 l&#039;association les Petits Fr\u00e8res des Pauvres !\" \/>\n<meta name=\"robots\" content=\"index, follow, max-snippet:-1, max-image-preview:large, max-video-preview:-1\" \/>\n<link rel=\"canonical\" href=\"https:\/\/cheerz.wpengine.com\/actualites\/notre-troisieme-journee-du-sourire\/\" \/>\n<meta property=\"og:locale\" content=\"fr_FR\" \/>\n<meta property=\"og:type\" content=\"article\" \/>\n<meta property=\"og:title\" content=\"Notre troisi\u00e8me journ\u00e9e du sourire - Blog Cheerz\" \/>\n<meta property=\"og:description\" content=\"24 heures pendant lesquelles nous avons revers\u00e9 10 % de notre chiffre d&#039;affaires \u00e0 l&#039;association les Petits Fr\u00e8res des Pauvres !\" \/>\n<meta property=\"og:url\" content=\"https:\/\/cheerz.wpengine.com\/actualites\/notre-troisieme-journee-du-sourire\/\" \/>\n<meta property=\"og:site_name\" content=\"Blog Cheerz\" \/>\n<meta property=\"article:published_time\" content=\"2021-01-22T17:39:59+00:00\" \/>\n<meta property=\"article:modified_time\" content=\"2025-05-20T14:35:04+00:00\" \/>\n<meta property=\"og:image\" content=\"https:\/\/cheerz.wpengine.com\/wp-content\/uploads\/2021\/01\/header-2.png\" \/>\n\t<meta property=\"og:image:width\" content=\"1200\" \/>\n\t<meta property=\"og:image:height\" content=\"800\" \/>\n\t<meta property=\"og:image:type\" content=\"image\/png\" \/>\n<meta name=\"author\" content=\"Sandra Hebben\" \/>\n<meta name=\"twitter:card\" content=\"summary_large_image\" \/>\n<meta name=\"twitter:label1\" content=\"\u00c9crit par\" \/>\n\t<meta name=\"twitter:data1\" content=\"Sandra Hebben\" \/>\n\t<meta name=\"twitter:label2\" content=\"Dur\u00e9e de lecture estim\u00e9e\" \/>\n\t<meta name=\"twitter:data2\" content=\"3 minutes\" \/>\n<script type=\"application\/ld+json\" class=\"yoast-schema-graph\">{\"@context\":\"https:\\\/\\\/schema.org\",\"@graph\":[{\"@type\":\"Article\",\"@id\":\"https:\\\/\\\/cheerz.wpengine.com\\\/actualites\\\/notre-troisieme-journee-du-sourire\\\/#article\",\"isPartOf\":{\"@id\":\"https:\\\/\\\/cheerz.wpengine.com\\\/actualites\\\/notre-troisieme-journee-du-sourire\\\/\"},\"author\":{\"name\":\"Sandra Hebben\",\"@id\":\"https:\\\/\\\/cheerz.wpengine.com\\\/#\\\/schema\\\/person\\\/7b9bde04783642a12683670a1fe86309\"},\"headline\":\"Notre troisi\u00e8me journ\u00e9e du sourire\",\"datePublished\":\"2021-01-22T17:39:59+00:00\",\"dateModified\":\"2025-05-20T14:35:04+00:00\",\"mainEntityOfPage\":{\"@id\":\"https:\\\/\\\/cheerz.wpengine.com\\\/actualites\\\/notre-troisieme-journee-du-sourire\\\/\"},\"wordCount\":546,\"image\":{\"@id\":\"https:\\\/\\\/cheerz.wpengine.com\\\/actualites\\\/notre-troisieme-journee-du-sourire\\\/#primaryimage\"},\"thumbnailUrl\":\"https:\\\/\\\/cheerz.wpengine.com\\\/wp-content\\\/uploads\\\/2021\\\/01\\\/header-2.png\",\"articleSection\":[\"Actus\"],\"inLanguage\":\"fr-FR\"},{\"@type\":\"WebPage\",\"@id\":\"https:\\\/\\\/cheerz.wpengine.com\\\/actualites\\\/notre-troisieme-journee-du-sourire\\\/\",\"url\":\"https:\\\/\\\/cheerz.wpengine.com\\\/actualites\\\/notre-troisieme-journee-du-sourire\\\/\",\"name\":\"Notre troisi\u00e8me journ\u00e9e du sourire - Blog Cheerz\",\"isPartOf\":{\"@id\":\"https:\\\/\\\/cheerz.wpengine.com\\\/#website\"},\"primaryImageOfPage\":{\"@id\":\"https:\\\/\\\/cheerz.wpengine.com\\\/actualites\\\/notre-troisieme-journee-du-sourire\\\/#primaryimage\"},\"image\":{\"@id\":\"https:\\\/\\\/cheerz.wpengine.com\\\/actualites\\\/notre-troisieme-journee-du-sourire\\\/#primaryimage\"},\"thumbnailUrl\":\"https:\\\/\\\/cheerz.wpengine.com\\\/wp-content\\\/uploads\\\/2021\\\/01\\\/header-2.png\",\"datePublished\":\"2021-01-22T17:39:59+00:00\",\"dateModified\":\"2025-05-20T14:35:04+00:00\",\"author\":{\"@id\":\"https:\\\/\\\/cheerz.wpengine.com\\\/#\\\/schema\\\/person\\\/7b9bde04783642a12683670a1fe86309\"},\"description\":\"24 heures pendant lesquelles nous avons revers\u00e9 10 % de notre chiffre d'affaires \u00e0 l'association les Petits Fr\u00e8res des Pauvres !\",\"breadcrumb\":{\"@id\":\"https:\\\/\\\/cheerz.wpengine.com\\\/actualites\\\/notre-troisieme-journee-du-sourire\\\/#breadcrumb\"},\"inLanguage\":\"fr-FR\",\"potentialAction\":[{\"@type\":\"ReadAction\",\"target\":[\"https:\\\/\\\/cheerz.wpengine.com\\\/actualites\\\/notre-troisieme-journee-du-sourire\\\/\"]}]},{\"@type\":\"ImageObject\",\"inLanguage\":\"fr-FR\",\"@id\":\"https:\\\/\\\/cheerz.wpengine.com\\\/actualites\\\/notre-troisieme-journee-du-sourire\\\/#primaryimage\",\"url\":\"https:\\\/\\\/cheerz.wpengine.com\\\/wp-content\\\/uploads\\\/2021\\\/01\\\/header-2.png\",\"contentUrl\":\"https:\\\/\\\/cheerz.wpengine.com\\\/wp-content\\\/uploads\\\/2021\\\/01\\\/header-2.png\",\"width\":1200,\"height\":800,\"caption\":\"cheerz x Petits Fr\u00e8res des Pauvres la journ\u00e9e du sourire photos impressions album\"},{\"@type\":\"BreadcrumbList\",\"@id\":\"https:\\\/\\\/cheerz.wpengine.com\\\/actualites\\\/notre-troisieme-journee-du-sourire\\\/#breadcrumb\",\"itemListElement\":[{\"@type\":\"ListItem\",\"position\":1,\"name\":\"Royal Cheerz\",\"item\":\"https:\\\/\\\/cheerz.wpengine.com\\\/\"},{\"@type\":\"ListItem\",\"position\":2,\"name\":\"Actus\",\"item\":\"https:\\\/\\\/cheerz.wpengine.com\\\/categorie\\\/actualites\\\/\"},{\"@type\":\"ListItem\",\"position\":3,\"name\":\"Notre troisi\u00e8me journ\u00e9e du sourire\"}]},{\"@type\":\"WebSite\",\"@id\":\"https:\\\/\\\/cheerz.wpengine.com\\\/#website\",\"url\":\"https:\\\/\\\/cheerz.wpengine.com\\\/\",\"name\":\"Blog Cheerz\",\"description\":\"Imprimeur de sourires\",\"potentialAction\":[{\"@type\":\"SearchAction\",\"target\":{\"@type\":\"EntryPoint\",\"urlTemplate\":\"https:\\\/\\\/cheerz.wpengine.com\\\/?s={search_term_string}\"},\"query-input\":{\"@type\":\"PropertyValueSpecification\",\"valueRequired\":true,\"valueName\":\"search_term_string\"}}],\"inLanguage\":\"fr-FR\"},{\"@type\":\"Person\",\"@id\":\"https:\\\/\\\/cheerz.wpengine.com\\\/#\\\/schema\\\/person\\\/7b9bde04783642a12683670a1fe86309\",\"name\":\"Sandra Hebben\",\"image\":{\"@type\":\"ImageObject\",\"inLanguage\":\"fr-FR\",\"@id\":\"https:\\\/\\\/secure.gravatar.com\\\/avatar\\\/78e6628b74fca1a9893c89902dbbd52e8a7b93a9994991ed346b5ad52c6b84a8?s=96&d=mm&r=g\",\"url\":\"https:\\\/\\\/secure.gravatar.com\\\/avatar\\\/78e6628b74fca1a9893c89902dbbd52e8a7b93a9994991ed346b5ad52c6b84a8?s=96&d=mm&r=g\",\"contentUrl\":\"https:\\\/\\\/secure.gravatar.com\\\/avatar\\\/78e6628b74fca1a9893c89902dbbd52e8a7b93a9994991ed346b5ad52c6b84a8?s=96&d=mm&r=g\",\"caption\":\"Sandra Hebben\"},\"url\":\"https:\\\/\\\/cheerz.wpengine.com\\\/author\\\/sandra-hebbencheerz-com\\\/\"}]}<\/script>\n<!-- \/ Yoast SEO plugin. -->","yoast_head_json":{"title":"Notre troisi\u00e8me journ\u00e9e du sourire - Blog Cheerz","description":"24 heures pendant lesquelles nous avons revers\u00e9 10 % de notre chiffre d'affaires \u00e0 l'association les Petits Fr\u00e8res des Pauvres !","robots":{"index":"index","follow":"follow","max-snippet":"max-snippet:-1","max-image-preview":"max-image-preview:large","max-video-preview":"max-video-preview:-1"},"canonical":"https:\/\/cheerz.wpengine.com\/actualites\/notre-troisieme-journee-du-sourire\/","og_locale":"fr_FR","og_type":"article","og_title":"Notre troisi\u00e8me journ\u00e9e du sourire - Blog Cheerz","og_description":"24 heures pendant lesquelles nous avons revers\u00e9 10 % de notre chiffre d'affaires \u00e0 l'association les Petits Fr\u00e8res des Pauvres !","og_url":"https:\/\/cheerz.wpengine.com\/actualites\/notre-troisieme-journee-du-sourire\/","og_site_name":"Blog Cheerz","article_published_time":"2021-01-22T17:39:59+00:00","article_modified_time":"2025-05-20T14:35:04+00:00","og_image":[{"width":1200,"height":800,"url":"https:\/\/cheerz.wpengine.com\/wp-content\/uploads\/2021\/01\/header-2.png","type":"image\/png"}],"author":"Sandra Hebben","twitter_card":"summary_large_image","twitter_misc":{"\u00c9crit par":"Sandra Hebben","Dur\u00e9e de lecture estim\u00e9e":"3 minutes"},"schema":{"@context":"https:\/\/schema.org","@graph":[{"@type":"Article","@id":"https:\/\/cheerz.wpengine.com\/actualites\/notre-troisieme-journee-du-sourire\/#article","isPartOf":{"@id":"https:\/\/cheerz.wpengine.com\/actualites\/notre-troisieme-journee-du-sourire\/"},"author":{"name":"Sandra Hebben","@id":"https:\/\/cheerz.wpengine.com\/#\/schema\/person\/7b9bde04783642a12683670a1fe86309"},"headline":"Notre troisi\u00e8me journ\u00e9e du sourire","datePublished":"2021-01-22T17:39:59+00:00","dateModified":"2025-05-20T14:35:04+00:00","mainEntityOfPage":{"@id":"https:\/\/cheerz.wpengine.com\/actualites\/notre-troisieme-journee-du-sourire\/"},"wordCount":546,"image":{"@id":"https:\/\/cheerz.wpengine.com\/actualites\/notre-troisieme-journee-du-sourire\/#primaryimage"},"thumbnailUrl":"https:\/\/cheerz.wpengine.com\/wp-content\/uploads\/2021\/01\/header-2.png","articleSection":["Actus"],"inLanguage":"fr-FR"},{"@type":"WebPage","@id":"https:\/\/cheerz.wpengine.com\/actualites\/notre-troisieme-journee-du-sourire\/","url":"https:\/\/cheerz.wpengine.com\/actualites\/notre-troisieme-journee-du-sourire\/","name":"Notre troisi\u00e8me journ\u00e9e du sourire - Blog Cheerz","isPartOf":{"@id":"https:\/\/cheerz.wpengine.com\/#website"},"primaryImageOfPage":{"@id":"https:\/\/cheerz.wpengine.com\/actualites\/notre-troisieme-journee-du-sourire\/#primaryimage"},"image":{"@id":"https:\/\/cheerz.wpengine.com\/actualites\/notre-troisieme-journee-du-sourire\/#primaryimage"},"thumbnailUrl":"https:\/\/cheerz.wpengine.com\/wp-content\/uploads\/2021\/01\/header-2.png","datePublished":"2021-01-22T17:39:59+00:00","dateModified":"2025-05-20T14:35:04+00:00","author":{"@id":"https:\/\/cheerz.wpengine.com\/#\/schema\/person\/7b9bde04783642a12683670a1fe86309"},"description":"24 heures pendant lesquelles nous avons revers\u00e9 10 % de notre chiffre d'affaires \u00e0 l'association les Petits Fr\u00e8res des Pauvres !","breadcrumb":{"@id":"https:\/\/cheerz.wpengine.com\/actualites\/notre-troisieme-journee-du-sourire\/#breadcrumb"},"inLanguage":"fr-FR","potentialAction":[{"@type":"ReadAction","target":["https:\/\/cheerz.wpengine.com\/actualites\/notre-troisieme-journee-du-sourire\/"]}]},{"@type":"ImageObject","inLanguage":"fr-FR","@id":"https:\/\/cheerz.wpengine.com\/actualites\/notre-troisieme-journee-du-sourire\/#primaryimage","url":"https:\/\/cheerz.wpengine.com\/wp-content\/uploads\/2021\/01\/header-2.png","contentUrl":"https:\/\/cheerz.wpengine.com\/wp-content\/uploads\/2021\/01\/header-2.png","width":1200,"height":800,"caption":"cheerz x Petits Fr\u00e8res des Pauvres la journ\u00e9e du sourire photos impressions album"},{"@type":"BreadcrumbList","@id":"https:\/\/cheerz.wpengine.com\/actualites\/notre-troisieme-journee-du-sourire\/#breadcrumb","itemListElement":[{"@type":"ListItem","position":1,"name":"Royal Cheerz","item":"https:\/\/cheerz.wpengine.com\/"},{"@type":"ListItem","position":2,"name":"Actus","item":"https:\/\/cheerz.wpengine.com\/categorie\/actualites\/"},{"@type":"ListItem","position":3,"name":"Notre troisi\u00e8me journ\u00e9e du sourire"}]},{"@type":"WebSite","@id":"https:\/\/cheerz.wpengine.com\/#website","url":"https:\/\/cheerz.wpengine.com\/","name":"Blog Cheerz","description":"Imprimeur de sourires","potentialAction":[{"@type":"SearchAction","target":{"@type":"EntryPoint","urlTemplate":"https:\/\/cheerz.wpengine.com\/?s={search_term_string}"},"query-input":{"@type":"PropertyValueSpecification","valueRequired":true,"valueName":"search_term_string"}}],"inLanguage":"fr-FR"},{"@type":"Person","@id":"https:\/\/cheerz.wpengine.com\/#\/schema\/person\/7b9bde04783642a12683670a1fe86309","name":"Sandra Hebben","image":{"@type":"ImageObject","inLanguage":"fr-FR","@id":"https:\/\/secure.gravatar.com\/avatar\/78e6628b74fca1a9893c89902dbbd52e8a7b93a9994991ed346b5ad52c6b84a8?s=96&d=mm&r=g","url":"https:\/\/secure.gravatar.com\/avatar\/78e6628b74fca1a9893c89902dbbd52e8a7b93a9994991ed346b5ad52c6b84a8?s=96&d=mm&r=g","contentUrl":"https:\/\/secure.gravatar.com\/avatar\/78e6628b74fca1a9893c89902dbbd52e8a7b93a9994991ed346b5ad52c6b84a8?s=96&d=mm&r=g","caption":"Sandra Hebben"},"url":"https:\/\/cheerz.wpengine.com\/author\/sandra-hebbencheerz-com\/"}]}},"modified_by":"Baptiste Dubuc","_links":{"self":[{"href":"https:\/\/cheerz.wpengine.com\/wp-json\/wp\/v2\/posts\/16618","targetHints":{"allow":["GET"]}}],"collection":[{"href":"https:\/\/cheerz.wpengine.com\/wp-json\/wp\/v2\/posts"}],"about":[{"href":"https:\/\/cheerz.wpengine.com\/wp-json\/wp\/v2\/types\/post"}],"author":[{"embeddable":true,"href":"https:\/\/cheerz.wpengine.com\/wp-json\/wp\/v2\/users\/19"}],"replies":[{"embeddable":true,"href":"https:\/\/cheerz.wpengine.com\/wp-json\/wp\/v2\/comments?post=16618"}],"version-history":[{"count":0,"href":"https:\/\/cheerz.wpengine.com\/wp-json\/wp\/v2\/posts\/16618\/revisions"}],"wp:featuredmedia":[{"embeddable":true,"href":"https:\/\/cheerz.wpengine.com\/wp-json\/wp\/v2\/media\/16619"}],"wp:attachment":[{"href":"https:\/\/cheerz.wpengine.com\/wp-json\/wp\/v2\/media?parent=16618"}],"wp:term":[{"taxonomy":"category","embeddable":true,"href":"https:\/\/cheerz.wpengine.com\/wp-json\/wp\/v2\/categories?post=16618"},{"taxonomy":"post_tag","embeddable":true,"href":"https:\/\/cheerz.wpengine.com\/wp-json\/wp\/v2\/tags?post=16618"}],"curies":[{"name":"wp","href":"https:\/\/api.w.org\/{rel}","templated":true}]}}