
{"id":16505,"date":"2020-12-01T10:54:58","date_gmt":"2020-12-01T09:54:58","guid":{"rendered":"https:\/\/royal.cheerz.com\/?p=16505"},"modified":"2023-02-21T11:14:33","modified_gmt":"2023-02-21T10:14:33","slug":"creer-un-calendrier-photo-en-ligne","status":"publish","type":"post","link":"https:\/\/cheerz.wpengine.com\/tutos\/creer-un-calendrier-photo-en-ligne\/","title":{"rendered":"Comment cr\u00e9er un calendrier photo en ligne ?"},"content":{"rendered":"<div class=\"sommaire_content\"><u><strong>Sommaire :<\/strong><\/u><\/div>\n<ul class=\"sommaire_ul_content\">\n<li style=\"list-style-type: none;\">\n<ul class=\"sommaire_ul_content\">\n<li style=\"text-align: justify;\"><a href=\"#how-nbsp\">Comment cr\u00e9er un calendrier photo personnalis\u00e9<\/a><\/li>\n<li style=\"text-align: justify;\"><a href=\"#pro-nbsp\">Trier ses photos comme un pro<\/a><\/li>\n<li style=\"text-align: justify;\"><a href=\"#format-nbsp\">Comment choisir le format de mon calendrier photo ?<\/a><\/li>\n<li style=\"text-align: justify;\"><a href=\"#perso-nbsp\">Comment personnaliser votre calendrier photo? <\/a><\/li>\n<li style=\"text-align: justify;\"><a href=\"#dates-nbsp\">Comment se souvenir des dates les plus importantes ?<\/a><\/li>\n<li style=\"text-align: justify;\"><a href=\"#go-nbsp\">\u00c0 nous de jouer ! <\/a><\/li>\n<\/ul>\n<\/li>\n<\/ul>\n<h2 id=\"how-nbsp\"><strong>Comment cr\u00e9er un calendrier photo personnalis\u00e9<\/strong><\/h2>\n<p>&nbsp;<\/p>\n<p><em><span style=\"font-weight: 400;\">\u201coups\u201d\u00a0 \u201cj\u2019ai compl\u00e8tement oubli\u00e9\u201d \u201cet mince\u201d \u201cah, c\u2019\u00e9tait hier ??\u201d<\/span> <\/em><span style=\"font-weight: 400;\"><em> \u00a0<\/em> \u00a0 \u00a0 \u00a0 \u00a0 \u00a0 \u00a0 <\/span><br \/>\n<span style=\"font-weight: 400;\">Fini les oublis, les excuses et les tracas, cette ann\u00e9e, <strong>devenez ma\u00eetre de l\u2019organisation<\/strong> !\u00a0<\/span><\/p>\n<p><span style=\"font-weight: 400;\">Un mur blanc \u00e0 d\u00e9corer dans votre cuisine ? Un <strong>cadeau original et personnalis\u00e9<\/strong> \u00e0 offrir \u00e0 vos proches pour No\u00ebl ? Vous \u00eates au bon endroit ! Aujourd\u2019hui, on vous d\u00e9voile notre tuto pour r\u00e9aliser le plus beau des <a href=\"https:\/\/www.cheerz.com\/fr\/categories\/calendar\">calendriers photo<\/a> : le v\u00f4tre. Alors, \u00e0<\/span><span style=\"font-weight: 400;\">\u00a0vos stylos, c\u2019est parti !<\/span><\/p>\n<h3 id=\"pro-nbsp\"><b>#1 : Trier ses photos comme un pro<\/b><\/h3>\n<p><span style=\"font-weight: 400;\">Votre smartphone contient des milliers de photos ? Vous \u00eates un photographe compulsif ? <\/span><span style=\"font-weight: 400;\"><br \/>\n<\/span><span style=\"font-weight: 400;\">Cette \u00e9tape est faite pour vous ! <strong>Bien s\u00e9lectionner vos photos est primordial<\/strong>, \u00e7a peut para\u00eetre long, mais on a quelques petits conseils pour vous aider.<\/span><\/p>\n<ol>\n<li style=\"font-weight: 400;\"><span style=\"font-weight: 400;\">Commencez par <strong>\u00e9liminer toutes les photos mal cadr\u00e9es<\/strong>, <strong>floues<\/strong>, <strong>trop sombres<\/strong> ou celles avec la trace de votre pouce sur l\u2019objectif (personne n\u2019est infaillible).<\/span><span style=\"font-weight: 400;\">\u00a0<\/span><\/li>\n<li style=\"font-weight: 400;\"><span style=\"font-weight: 400;\">Parmi toutes vos magnifiques photos bien cadr\u00e9es, il va falloir encore faire un choix pour <strong>s\u00e9lectionner vos plus belles photos<\/strong>. Quel que soit son format, <strong>le calendrier photo peut contenir 1 \u00e0 4 photos par mois<\/strong>, sans compter la photo de couverture. Sauf pour le calendrier monopage, qui quant \u00e0 lui ne peut \u00e9videmment contenir plus de quatre photos maximum. Apr\u00e8s un rapide calcul, il va donc vous falloir choisir entre 13 et 49 photos (et oui Einstein) de vos plus beaux souvenirs.<\/span><\/li>\n<li style=\"font-weight: 400;\"><span style=\"font-weight: 400;\">S\u00e9lectionnez vos photos et <strong>cr\u00e9ez des dossiers pour chaque mois de l\u2019ann\u00e9e<\/strong> : des photos des vacances d\u2019\u00e9t\u00e9 pour se r\u00e9chauffer en plein mois de d\u00e9cembre, ou des photos de No\u00ebl dernier en plein mois d&rsquo;ao\u00fbt pour les amoureux de la b\u00fbche. \u00c0 vous de s\u00e9lectionner la cr\u00e8me de la cr\u00e8me de vos photos pour chaque mois, afin que votre calendrier mural personnalis\u00e9 soit rempli de bonnes ondes et d\u2019\u00e9motions.\u00a0<\/span><\/li>\n<\/ol>\n<h3><img loading=\"lazy\" decoding=\"async\" class=\"alignnone wp-image-16512 size-full\" title=\"calendrier photo personnalisable 2021 cheerz\" src=\"https:\/\/royal.cheerz.com\/wp-content\/uploads\/2020\/12\/pellicule-3.png\" alt=\"calendrier personnalisable 2021 cheerz\" width=\"1205\" height=\"800\" srcset=\"https:\/\/cheerz.wpengine.com\/wp-content\/uploads\/2020\/12\/pellicule-3.png 1205w, https:\/\/cheerz.wpengine.com\/wp-content\/uploads\/2020\/12\/pellicule-3-300x199.png 300w, https:\/\/cheerz.wpengine.com\/wp-content\/uploads\/2020\/12\/pellicule-3-1024x680.png 1024w, https:\/\/cheerz.wpengine.com\/wp-content\/uploads\/2020\/12\/pellicule-3-768x510.png 768w, https:\/\/cheerz.wpengine.com\/wp-content\/uploads\/2020\/12\/pellicule-3-1000x664.png 1000w, https:\/\/cheerz.wpengine.com\/wp-content\/uploads\/2020\/12\/pellicule-3-272x182.png 272w\" sizes=\"auto, (max-width: 1205px) 100vw, 1205px\" \/><\/h3>\n<h3 id=\"format-nbsp\"><b>#2 :\u00a0 Comment choisir le format de mon calendrier photo ?<\/b><\/h3>\n<p><span style=\"font-weight: 400;\">Vous connaissez les 4 filles du docteurs March, les 4 fantastiques, la pizza 4 fromages et enfin, les 4 saisons de Vivaldi, alors mesdames et messieurs, voici les <strong>4 formats pour cr\u00e9er votre calendrier photo<\/strong> : <\/span><\/p>\n<ul>\n<li style=\"font-weight: 400;\"><a href=\"https:\/\/www.cheerz.com\/fr\/products\/calendars-a3-portrait\"><b>le calendrier photo A3<\/b><\/a> <span style=\"font-weight: 400;\">(30 x 42 cm) \u00e0 spirales argent\u00e9es, pr\u00eat \u00e0 accrocher au mur. Id\u00e9al pour les grandes photos, c\u2019est un calendrier personnalis\u00e9 qui saura habiller votre int\u00e9rieur avec prestance. On me dit \u00e0 l\u2019oreillette que c\u2019est une id\u00e9e cadeau originale qui fera son petit (grand) effet.\u00a0<\/span><\/li>\n<li style=\"font-weight: 400;\"><a href=\"https:\/\/www.cheerz.com\/fr\/products\/calendars-a4-landscape\"><b>le calendrier photo A4 paysage<\/b><\/a><span style=\"font-weight: 400;\"> (pour \u00eatre tout \u00e0 fait pr\u00e9cis, au format A3 quand il est ouvert (30 x 42 cm) et A4 quand il est ferm\u00e9 (21 x 30 cm)). Gr\u00e2ce \u00e0 ses grandes cases journali\u00e8res, ce calendrier photo mural double format\u00a0 vous permet de planifier vos rendez-vous, noter vos \u00e9v\u00e9nements et profiter de vos jolies photos tout au long de l&rsquo;ann\u00e9e 2021. V\u00e9ritable agenda, il conviendra autant aux as de l\u2019organisation qu\u2019aux t\u00eates en l\u2019air.\u00a0<\/span><\/li>\n<li style=\"font-weight: 400;\"><a href=\"https:\/\/www.cheerz.com\/fr\/products\/calendars-a4-portrait\"><b>le calendrier photo A4 portrait <\/b><\/a><span style=\"font-weight: 400;\">(au format simple\u00a0 de 21 x 30 cm) : c\u2018est incontestablement le petit fr\u00e8re du calendrier photo A4 paysage. ils se ressemblent en tout point, sauf qu\u2019il se tient debout et que les photos se trouvent sur la m\u00eame page que les jours du mois. Alors, plut\u00f4t team portrait ou team paysage ?\u00a0<\/span><\/li>\n<li style=\"font-weight: 400;\"><a href=\"https:\/\/www.cheerz.com\/fr\/products\/calendar30x45-monopage\"><b>le calendrier photo annuel<\/b><\/a><span style=\"font-weight: 400;\"> (au format 30 x 45 cm portrait ou paysage ) : c\u2019est le petit nouveau de la famille ! Tout beau, tout chaud, il est tr\u00e8s facile et rapide \u00e0 cr\u00e9er. Pr\u00eat en tout juste quelques clics c\u2019est une formidable id\u00e9e cadeau \u00e0 prix tout \u00e0 fait abordable pour les petites bourses ou pour d\u00e9corer votre bureau toute l&rsquo;ann\u00e9e.\u00a0<\/span><\/li>\n<\/ul>\n<p><span style=\"font-weight: 400;\">Il y en a pour tous les go\u00fbts ! S\u00e9lectionnez le meilleur format pour votre calendrier photo et on passe \u00e0 la suite \ud83d\udc47<\/span><\/p>\n<p><a href=\"https:\/\/www.cheerz.com\/fr\"><img loading=\"lazy\" decoding=\"async\" class=\"alignnone wp-image-16507 size-full\" title=\"calendrier annuel cheerz\" src=\"https:\/\/royal.cheerz.com\/wp-content\/uploads\/2020\/11\/calendrier_photo1.png\" alt=\"calendrier annuel 2021 id\u00e9e de cadeau noel\" width=\"1200\" height=\"479\" srcset=\"https:\/\/cheerz.wpengine.com\/wp-content\/uploads\/2020\/11\/calendrier_photo1.png 1200w, https:\/\/cheerz.wpengine.com\/wp-content\/uploads\/2020\/11\/calendrier_photo1-300x120.png 300w, https:\/\/cheerz.wpengine.com\/wp-content\/uploads\/2020\/11\/calendrier_photo1-1024x409.png 1024w, https:\/\/cheerz.wpengine.com\/wp-content\/uploads\/2020\/11\/calendrier_photo1-768x307.png 768w, https:\/\/cheerz.wpengine.com\/wp-content\/uploads\/2020\/11\/calendrier_photo1-1000x399.png 1000w\" sizes=\"auto, (max-width: 1200px) 100vw, 1200px\" \/><\/a><\/p>\n<h3 id=\"perso-nbsp\"><b>#3 : Comment personnaliser votre calendrier photo?\u00a0<\/b><\/h3>\n<p><i><span style=\"font-weight: 400;\">\u201cC\u2019est moi qui l\u2019ai fait\u201d<\/span><\/i><\/p>\n<p><span style=\"font-weight: 400;\">Pour un joli rendu, voici quelques astuces \u00e0 retenir au moment de cr\u00e9er votre calendrier photo 100 % personnalis\u00e9, 100 % souvenirs, 100 % vous : <\/span><\/p>\n<ol>\n<li style=\"font-weight: 400;\"><span style=\"font-weight: 400;\"><strong>Commencez par choisir le mois de d\u00e9but ou mois de d\u00e9part de votre calendrier<\/strong>. Eh oui, pourquoi ne pas d\u00e9marrer l\u2019ann\u00e9e en juillet ? C\u2019est vous qui d\u00e9cidez avec le calendrier photo personnalis\u00e9 ! Pratique pour les retardataires ou pour ceux qui comptent en ann\u00e9es scolaires.<\/span><\/li>\n<li style=\"font-weight: 400;\"><span style=\"font-weight: 400;\"><strong>Choisissez ensuite le titre de votre calendrier ch\u00e9ri<\/strong>. Vous pouvez m\u00eame ins\u00e9rer des petits mots sur chaque mois, sur la couverture ou lors d\u2019\u00e9v\u00e9nements.<\/span><\/li>\n<li style=\"font-weight: 400;\"><span style=\"font-weight: 400;\">Concernant les photos, c\u2019est vous l\u2019artiste ! A vous d\u2019orchestrer la mise en page. <strong>Vous pouvez les agencer selon vos envies et varier le nombre de photos pour chaque mois<\/strong>. Et pour le format des photos, c\u2019est vous qui d\u00e9cidez ! Tant\u00f4t rondes, tant\u00f4t rectangulaires, vous pr\u00e9f\u00e9rez quoi ?<\/span><\/li>\n<li style=\"font-weight: 400;\"><span style=\"font-weight: 400;\">Pour ceux qui aiment voir la vie en couleurs, <strong>6 coloris diff\u00e9rents sont disponibles<\/strong> pour adapter chaque mois avec votre humeur !<\/span><\/li>\n<\/ol>\n<p><span style=\"text-decoration: underline;\"><b>Le petit plus<\/b><\/span><span style=\"font-weight: 400;\"> \ud83d\udc49 Vous pouvez \u00e9crire au stylo sur votre calendrier photo pour y noter vos rendez-vous au fil de l&rsquo;ann\u00e9e ! Alors plus d&rsquo;excuse pour oublier l&rsquo;anniversaire de tante Caroline, le mariage de la cousine germaine, ou la date de naissance de votre petit neveu.<\/span><\/p>\n<h3 id=\"dates-nbsp\"><b>#4 : Comment se souvenir des dates les plus importantes ?<\/b><\/h3>\n<p><span style=\"font-weight: 400;\">Annoter au crayon vos rendez-vous c\u2019est bien, mais pouvoir les ajouter directement sur le calendrier lors de sa cr\u00e9ation, c\u2019est encore mieux ! En effet, sur les calendriers photo A4 portrait et paysage,\u00a0 <strong>vous avez la possibilit\u00e9 d\u2019ajouter des m\u00e9mos sur chaque case du calendrier<\/strong> : les dates d\u2019anniversaire, les f\u00eates de famille annuelles, les dates de vacances\u2026 Faites vous plaisir, ou aidez tout simplement l\u2019heureux propri\u00e9taire de ce futur calendrier \u00e0 ne rien laisser au hasard et ne rien manquer ! Un cadeau original mais surtout tr\u00e8s utile !<\/span><\/p>\n<h3 id=\"go-nbsp\"><b>\u00a0#5 : \u00c0 nous de jouer !\u00a0<\/b><\/h3>\n<p><span style=\"font-weight: 400;\">Ta-daam ! Vous avez suivi ce tuto avec brio et <strong>vous \u00eates d\u00e9sormais un(e) pro du calendrier photo<\/strong>. Ces derniers n\u2019ont plus de secrets pour vous et vous \u00eates par\u00e9s pour vous lancer dans votre prochaine cr\u00e9ation (on a h\u00e2te de voir \u00e7a) !\u00a0<\/span><\/p>\n<p><span style=\"font-weight: 400;\">Votre commande est maintenant entre les mains de la <strong>Cheerz factory<\/strong> qui imprime soigneusement vos jolies cr\u00e9ations<\/span><span style=\"font-weight: 400;\">.<\/span><span style=\"font-weight: 400;\"> Pour cela, nous utilisons <strong>le meilleur papier photo du march\u00e9<\/strong> afin d\u2019assurer une qualit\u00e9 et un rendu irr\u00e9prochable \u00e0 vos photos. Un papier satin\u00e9 de haute qualit\u00e9 qui permet d&rsquo;\u00e9crire au crayon dans les cases et de ne jamais oublier un anniversaire et que vous pouvez \u00e9galement d\u00e9couper pour mettre dans un joli cadre mural vos plus beaux clich\u00e9s. De quoi r\u00e9aliser de superbes calendriers photo et faire pleins de cadeaux autour de vous.<\/span><br \/>\n<span style=\"font-weight: 400;\">\ud83d\udca1<\/span><i><span style=\"font-weight: 400;\"> Le saviez-vous ? <\/span><\/i><span style=\"font-weight: 400;\">Un Cheerzleader v\u00e9rifie manuellement chaque d\u00e9tail de votre calendrier photo pour s\u2019assurer que tout est parfait avant de l\u2019envoyer dans votre bo\u00eete aux lettres.<\/span><\/p>\n<p><a href=\"https:\/\/www.cheerz.com\/fr\"><img loading=\"lazy\" decoding=\"async\" class=\"alignnone wp-image-16506 size-full\" title=\"calendrier photo monopage cheerz\" src=\"https:\/\/royal.cheerz.com\/wp-content\/uploads\/2020\/11\/calendrier_photo_lifestyle.png\" alt=\"calendrier photo monopage cheerz\" width=\"1200\" height=\"693\" srcset=\"https:\/\/cheerz.wpengine.com\/wp-content\/uploads\/2020\/11\/calendrier_photo_lifestyle.png 1200w, https:\/\/cheerz.wpengine.com\/wp-content\/uploads\/2020\/11\/calendrier_photo_lifestyle-300x173.png 300w, https:\/\/cheerz.wpengine.com\/wp-content\/uploads\/2020\/11\/calendrier_photo_lifestyle-1024x591.png 1024w, https:\/\/cheerz.wpengine.com\/wp-content\/uploads\/2020\/11\/calendrier_photo_lifestyle-768x444.png 768w, https:\/\/cheerz.wpengine.com\/wp-content\/uploads\/2020\/11\/calendrier_photo_lifestyle-1000x578.png 1000w, https:\/\/cheerz.wpengine.com\/wp-content\/uploads\/2020\/11\/calendrier_photo_lifestyle-780x450.png 780w\" sizes=\"auto, (max-width: 1200px) 100vw, 1200px\" \/><\/a><\/p>\n<p><strong><i>\u00ab\u00a0T&rsquo;es l\u00e0 ou t&rsquo;es pas l\u00e0 bah o\u00f9 c k&rsquo;ti\u00e9 ?\u00a0\u00bb<\/i><\/strong><\/p>\n<p><span style=\"font-weight: 400;\">Vous cherchez nos calendriers ? Rendez-vous dans la section \u00ab <\/span><a href=\"https:\/\/www.cheerz.com\/fr\/categories\/calendar\"><b>Calendrier photo<\/b><\/a><span style=\"font-weight: 400;\"> \u00bb du <a href=\"https:\/\/www.cheerz.com\/fr\">site<\/a> ou de l\u2019app pour d\u00e9couvrir votre format pr\u00e9f\u00e9r\u00e9. Et si vous avez besoin d\u2019un conseil personnalis\u00e9, notre happiness team est l\u00e0 pour r\u00e9pondre \u00e0 vos questions, pour dire bonjour ou juste pour partager du \u2764\ufe0f. Alors n\u2019h\u00e9sitez pas \u00e0 nous contacter directement dans le chat.<\/span><\/p>\n<p>D\u00e9couvrez \u00e9galement nos nombreux produits pour accompagner votre splendide calendrier photo personnalis\u00e9 et les in\u00e9vitables cartes de v\u0153ux : livre photo, toile photo, magnet carr\u00e9 et vintage poster&#8230;etc autant de belles id\u00e9es pour faire plusieurs cadeaux personnalis\u00e9s qui feront plaisir \u00e0 coup s\u00fbr !<\/p>\n","protected":false},"excerpt":{"rendered":"<p>Sommaire : Comment cr\u00e9er un calendrier photo personnalis\u00e9 Trier ses photos comme un pro Comment choisir le format de mon calendrier photo ? Comment personnaliser votre calendrier photo? Comment se souvenir des dates les plus importantes ? \u00c0 nous de jouer ! Comment cr\u00e9er un calendrier photo personnalis\u00e9 &nbsp; \u201coups\u201d\u00a0 \u201cj\u2019ai compl\u00e8tement oubli\u00e9\u201d \u201cet mince\u201d [&hellip;]<\/p>\n","protected":false},"author":19,"featured_media":16508,"comment_status":"closed","ping_status":"closed","sticky":false,"template":"","format":"standard","meta":{"_acf_changed":false,"_lmt_disableupdate":"","_lmt_disable":"","iawp_total_views":255,"footnotes":""},"categories":[68],"tags":[],"class_list":["post-16505","post","type-post","status-publish","format-standard","has-post-thumbnail","hentry","category-tutos"],"acf":[],"yoast_head":"<!-- This site is optimized with the Yoast SEO plugin v27.5 - https:\/\/yoast.com\/product\/yoast-seo-wordpress\/ -->\n<title>Cr\u00e9er un calendrier photo en ligne ! - Guide - Royal Cheerz<\/title>\n<meta name=\"description\" content=\"\u27a4 Dans la vie, il y a des dates \u00e0 ne pas manquer, pour ne rien oublier, d\u00e9couvrez comment cr\u00e9er votre calendrier photo personnalis\u00e9\" \/>\n<meta name=\"robots\" content=\"index, follow, max-snippet:-1, max-image-preview:large, max-video-preview:-1\" \/>\n<link rel=\"canonical\" href=\"https:\/\/cheerz.wpengine.com\/tutos\/creer-un-calendrier-photo-en-ligne\/\" \/>\n<meta property=\"og:locale\" content=\"fr_FR\" \/>\n<meta property=\"og:type\" content=\"article\" \/>\n<meta property=\"og:title\" content=\"Cr\u00e9er un calendrier photo en ligne ! - Guide - Royal Cheerz\" \/>\n<meta property=\"og:description\" content=\"\u27a4 Dans la vie, il y a des dates \u00e0 ne pas manquer, pour ne rien oublier, d\u00e9couvrez comment cr\u00e9er votre calendrier photo personnalis\u00e9\" \/>\n<meta property=\"og:url\" content=\"https:\/\/cheerz.wpengine.com\/tutos\/creer-un-calendrier-photo-en-ligne\/\" \/>\n<meta property=\"og:site_name\" content=\"Blog Cheerz\" \/>\n<meta property=\"article:published_time\" content=\"2020-12-01T09:54:58+00:00\" \/>\n<meta property=\"article:modified_time\" content=\"2023-02-21T10:14:33+00:00\" \/>\n<meta property=\"og:image\" content=\"https:\/\/cheerz.wpengine.com\/wp-content\/uploads\/2020\/11\/header_calendrier_photo.png\" \/>\n\t<meta property=\"og:image:width\" content=\"1200\" \/>\n\t<meta property=\"og:image:height\" content=\"800\" \/>\n\t<meta property=\"og:image:type\" content=\"image\/png\" \/>\n<meta name=\"author\" content=\"Sandra Hebben\" \/>\n<meta name=\"twitter:card\" content=\"summary_large_image\" \/>\n<meta name=\"twitter:label1\" content=\"\u00c9crit par\" \/>\n\t<meta name=\"twitter:data1\" content=\"Sandra Hebben\" \/>\n\t<meta name=\"twitter:label2\" content=\"Dur\u00e9e de lecture estim\u00e9e\" \/>\n\t<meta name=\"twitter:data2\" content=\"7 minutes\" \/>\n<script type=\"application\/ld+json\" class=\"yoast-schema-graph\">{\"@context\":\"https:\\\/\\\/schema.org\",\"@graph\":[{\"@type\":\"Article\",\"@id\":\"https:\\\/\\\/cheerz.wpengine.com\\\/tutos\\\/creer-un-calendrier-photo-en-ligne\\\/#article\",\"isPartOf\":{\"@id\":\"https:\\\/\\\/cheerz.wpengine.com\\\/tutos\\\/creer-un-calendrier-photo-en-ligne\\\/\"},\"author\":{\"name\":\"Sandra Hebben\",\"@id\":\"https:\\\/\\\/cheerz.wpengine.com\\\/#\\\/schema\\\/person\\\/7b9bde04783642a12683670a1fe86309\"},\"headline\":\"Comment cr\u00e9er un calendrier photo en ligne ?\",\"datePublished\":\"2020-12-01T09:54:58+00:00\",\"dateModified\":\"2023-02-21T10:14:33+00:00\",\"mainEntityOfPage\":{\"@id\":\"https:\\\/\\\/cheerz.wpengine.com\\\/tutos\\\/creer-un-calendrier-photo-en-ligne\\\/\"},\"wordCount\":1320,\"image\":{\"@id\":\"https:\\\/\\\/cheerz.wpengine.com\\\/tutos\\\/creer-un-calendrier-photo-en-ligne\\\/#primaryimage\"},\"thumbnailUrl\":\"https:\\\/\\\/cheerz.wpengine.com\\\/wp-content\\\/uploads\\\/2020\\\/11\\\/header_calendrier_photo.png\",\"articleSection\":[\"Tutos\"],\"inLanguage\":\"fr-FR\"},{\"@type\":\"WebPage\",\"@id\":\"https:\\\/\\\/cheerz.wpengine.com\\\/tutos\\\/creer-un-calendrier-photo-en-ligne\\\/\",\"url\":\"https:\\\/\\\/cheerz.wpengine.com\\\/tutos\\\/creer-un-calendrier-photo-en-ligne\\\/\",\"name\":\"Cr\u00e9er un calendrier photo en ligne ! - Guide - Royal Cheerz\",\"isPartOf\":{\"@id\":\"https:\\\/\\\/cheerz.wpengine.com\\\/#website\"},\"primaryImageOfPage\":{\"@id\":\"https:\\\/\\\/cheerz.wpengine.com\\\/tutos\\\/creer-un-calendrier-photo-en-ligne\\\/#primaryimage\"},\"image\":{\"@id\":\"https:\\\/\\\/cheerz.wpengine.com\\\/tutos\\\/creer-un-calendrier-photo-en-ligne\\\/#primaryimage\"},\"thumbnailUrl\":\"https:\\\/\\\/cheerz.wpengine.com\\\/wp-content\\\/uploads\\\/2020\\\/11\\\/header_calendrier_photo.png\",\"datePublished\":\"2020-12-01T09:54:58+00:00\",\"dateModified\":\"2023-02-21T10:14:33+00:00\",\"author\":{\"@id\":\"https:\\\/\\\/cheerz.wpengine.com\\\/#\\\/schema\\\/person\\\/7b9bde04783642a12683670a1fe86309\"},\"description\":\"\u27a4 Dans la vie, il y a des dates \u00e0 ne pas manquer, pour ne rien oublier, d\u00e9couvrez comment cr\u00e9er votre calendrier photo personnalis\u00e9\",\"breadcrumb\":{\"@id\":\"https:\\\/\\\/cheerz.wpengine.com\\\/tutos\\\/creer-un-calendrier-photo-en-ligne\\\/#breadcrumb\"},\"inLanguage\":\"fr-FR\",\"potentialAction\":[{\"@type\":\"ReadAction\",\"target\":[\"https:\\\/\\\/cheerz.wpengine.com\\\/tutos\\\/creer-un-calendrier-photo-en-ligne\\\/\"]}]},{\"@type\":\"ImageObject\",\"inLanguage\":\"fr-FR\",\"@id\":\"https:\\\/\\\/cheerz.wpengine.com\\\/tutos\\\/creer-un-calendrier-photo-en-ligne\\\/#primaryimage\",\"url\":\"https:\\\/\\\/cheerz.wpengine.com\\\/wp-content\\\/uploads\\\/2020\\\/11\\\/header_calendrier_photo.png\",\"contentUrl\":\"https:\\\/\\\/cheerz.wpengine.com\\\/wp-content\\\/uploads\\\/2020\\\/11\\\/header_calendrier_photo.png\",\"width\":1200,\"height\":800,\"caption\":\"calendrier photo monopage annuel cheerz\"},{\"@type\":\"BreadcrumbList\",\"@id\":\"https:\\\/\\\/cheerz.wpengine.com\\\/tutos\\\/creer-un-calendrier-photo-en-ligne\\\/#breadcrumb\",\"itemListElement\":[{\"@type\":\"ListItem\",\"position\":1,\"name\":\"Royal Cheerz\",\"item\":\"https:\\\/\\\/cheerz.wpengine.com\\\/\"},{\"@type\":\"ListItem\",\"position\":2,\"name\":\"Tutos\",\"item\":\"https:\\\/\\\/cheerz.wpengine.com\\\/categorie\\\/tutos\\\/\"},{\"@type\":\"ListItem\",\"position\":3,\"name\":\"Comment cr\u00e9er un calendrier photo en ligne ?\"}]},{\"@type\":\"WebSite\",\"@id\":\"https:\\\/\\\/cheerz.wpengine.com\\\/#website\",\"url\":\"https:\\\/\\\/cheerz.wpengine.com\\\/\",\"name\":\"Blog Cheerz\",\"description\":\"Imprimeur de sourires\",\"potentialAction\":[{\"@type\":\"SearchAction\",\"target\":{\"@type\":\"EntryPoint\",\"urlTemplate\":\"https:\\\/\\\/cheerz.wpengine.com\\\/?s={search_term_string}\"},\"query-input\":{\"@type\":\"PropertyValueSpecification\",\"valueRequired\":true,\"valueName\":\"search_term_string\"}}],\"inLanguage\":\"fr-FR\"},{\"@type\":\"Person\",\"@id\":\"https:\\\/\\\/cheerz.wpengine.com\\\/#\\\/schema\\\/person\\\/7b9bde04783642a12683670a1fe86309\",\"name\":\"Sandra Hebben\",\"image\":{\"@type\":\"ImageObject\",\"inLanguage\":\"fr-FR\",\"@id\":\"https:\\\/\\\/secure.gravatar.com\\\/avatar\\\/78e6628b74fca1a9893c89902dbbd52e8a7b93a9994991ed346b5ad52c6b84a8?s=96&d=mm&r=g\",\"url\":\"https:\\\/\\\/secure.gravatar.com\\\/avatar\\\/78e6628b74fca1a9893c89902dbbd52e8a7b93a9994991ed346b5ad52c6b84a8?s=96&d=mm&r=g\",\"contentUrl\":\"https:\\\/\\\/secure.gravatar.com\\\/avatar\\\/78e6628b74fca1a9893c89902dbbd52e8a7b93a9994991ed346b5ad52c6b84a8?s=96&d=mm&r=g\",\"caption\":\"Sandra Hebben\"},\"url\":\"https:\\\/\\\/cheerz.wpengine.com\\\/author\\\/sandra-hebbencheerz-com\\\/\"}]}<\/script>\n<!-- \/ Yoast SEO plugin. -->","yoast_head_json":{"title":"Cr\u00e9er un calendrier photo en ligne ! - Guide - Royal Cheerz","description":"\u27a4 Dans la vie, il y a des dates \u00e0 ne pas manquer, pour ne rien oublier, d\u00e9couvrez comment cr\u00e9er votre calendrier photo personnalis\u00e9","robots":{"index":"index","follow":"follow","max-snippet":"max-snippet:-1","max-image-preview":"max-image-preview:large","max-video-preview":"max-video-preview:-1"},"canonical":"https:\/\/cheerz.wpengine.com\/tutos\/creer-un-calendrier-photo-en-ligne\/","og_locale":"fr_FR","og_type":"article","og_title":"Cr\u00e9er un calendrier photo en ligne ! - Guide - Royal Cheerz","og_description":"\u27a4 Dans la vie, il y a des dates \u00e0 ne pas manquer, pour ne rien oublier, d\u00e9couvrez comment cr\u00e9er votre calendrier photo personnalis\u00e9","og_url":"https:\/\/cheerz.wpengine.com\/tutos\/creer-un-calendrier-photo-en-ligne\/","og_site_name":"Blog Cheerz","article_published_time":"2020-12-01T09:54:58+00:00","article_modified_time":"2023-02-21T10:14:33+00:00","og_image":[{"width":1200,"height":800,"url":"https:\/\/cheerz.wpengine.com\/wp-content\/uploads\/2020\/11\/header_calendrier_photo.png","type":"image\/png"}],"author":"Sandra Hebben","twitter_card":"summary_large_image","twitter_misc":{"\u00c9crit par":"Sandra Hebben","Dur\u00e9e de lecture estim\u00e9e":"7 minutes"},"schema":{"@context":"https:\/\/schema.org","@graph":[{"@type":"Article","@id":"https:\/\/cheerz.wpengine.com\/tutos\/creer-un-calendrier-photo-en-ligne\/#article","isPartOf":{"@id":"https:\/\/cheerz.wpengine.com\/tutos\/creer-un-calendrier-photo-en-ligne\/"},"author":{"name":"Sandra Hebben","@id":"https:\/\/cheerz.wpengine.com\/#\/schema\/person\/7b9bde04783642a12683670a1fe86309"},"headline":"Comment cr\u00e9er un calendrier photo en ligne ?","datePublished":"2020-12-01T09:54:58+00:00","dateModified":"2023-02-21T10:14:33+00:00","mainEntityOfPage":{"@id":"https:\/\/cheerz.wpengine.com\/tutos\/creer-un-calendrier-photo-en-ligne\/"},"wordCount":1320,"image":{"@id":"https:\/\/cheerz.wpengine.com\/tutos\/creer-un-calendrier-photo-en-ligne\/#primaryimage"},"thumbnailUrl":"https:\/\/cheerz.wpengine.com\/wp-content\/uploads\/2020\/11\/header_calendrier_photo.png","articleSection":["Tutos"],"inLanguage":"fr-FR"},{"@type":"WebPage","@id":"https:\/\/cheerz.wpengine.com\/tutos\/creer-un-calendrier-photo-en-ligne\/","url":"https:\/\/cheerz.wpengine.com\/tutos\/creer-un-calendrier-photo-en-ligne\/","name":"Cr\u00e9er un calendrier photo en ligne ! - Guide - Royal Cheerz","isPartOf":{"@id":"https:\/\/cheerz.wpengine.com\/#website"},"primaryImageOfPage":{"@id":"https:\/\/cheerz.wpengine.com\/tutos\/creer-un-calendrier-photo-en-ligne\/#primaryimage"},"image":{"@id":"https:\/\/cheerz.wpengine.com\/tutos\/creer-un-calendrier-photo-en-ligne\/#primaryimage"},"thumbnailUrl":"https:\/\/cheerz.wpengine.com\/wp-content\/uploads\/2020\/11\/header_calendrier_photo.png","datePublished":"2020-12-01T09:54:58+00:00","dateModified":"2023-02-21T10:14:33+00:00","author":{"@id":"https:\/\/cheerz.wpengine.com\/#\/schema\/person\/7b9bde04783642a12683670a1fe86309"},"description":"\u27a4 Dans la vie, il y a des dates \u00e0 ne pas manquer, pour ne rien oublier, d\u00e9couvrez comment cr\u00e9er votre calendrier photo personnalis\u00e9","breadcrumb":{"@id":"https:\/\/cheerz.wpengine.com\/tutos\/creer-un-calendrier-photo-en-ligne\/#breadcrumb"},"inLanguage":"fr-FR","potentialAction":[{"@type":"ReadAction","target":["https:\/\/cheerz.wpengine.com\/tutos\/creer-un-calendrier-photo-en-ligne\/"]}]},{"@type":"ImageObject","inLanguage":"fr-FR","@id":"https:\/\/cheerz.wpengine.com\/tutos\/creer-un-calendrier-photo-en-ligne\/#primaryimage","url":"https:\/\/cheerz.wpengine.com\/wp-content\/uploads\/2020\/11\/header_calendrier_photo.png","contentUrl":"https:\/\/cheerz.wpengine.com\/wp-content\/uploads\/2020\/11\/header_calendrier_photo.png","width":1200,"height":800,"caption":"calendrier photo monopage annuel cheerz"},{"@type":"BreadcrumbList","@id":"https:\/\/cheerz.wpengine.com\/tutos\/creer-un-calendrier-photo-en-ligne\/#breadcrumb","itemListElement":[{"@type":"ListItem","position":1,"name":"Royal Cheerz","item":"https:\/\/cheerz.wpengine.com\/"},{"@type":"ListItem","position":2,"name":"Tutos","item":"https:\/\/cheerz.wpengine.com\/categorie\/tutos\/"},{"@type":"ListItem","position":3,"name":"Comment cr\u00e9er un calendrier photo en ligne ?"}]},{"@type":"WebSite","@id":"https:\/\/cheerz.wpengine.com\/#website","url":"https:\/\/cheerz.wpengine.com\/","name":"Blog Cheerz","description":"Imprimeur de sourires","potentialAction":[{"@type":"SearchAction","target":{"@type":"EntryPoint","urlTemplate":"https:\/\/cheerz.wpengine.com\/?s={search_term_string}"},"query-input":{"@type":"PropertyValueSpecification","valueRequired":true,"valueName":"search_term_string"}}],"inLanguage":"fr-FR"},{"@type":"Person","@id":"https:\/\/cheerz.wpengine.com\/#\/schema\/person\/7b9bde04783642a12683670a1fe86309","name":"Sandra Hebben","image":{"@type":"ImageObject","inLanguage":"fr-FR","@id":"https:\/\/secure.gravatar.com\/avatar\/78e6628b74fca1a9893c89902dbbd52e8a7b93a9994991ed346b5ad52c6b84a8?s=96&d=mm&r=g","url":"https:\/\/secure.gravatar.com\/avatar\/78e6628b74fca1a9893c89902dbbd52e8a7b93a9994991ed346b5ad52c6b84a8?s=96&d=mm&r=g","contentUrl":"https:\/\/secure.gravatar.com\/avatar\/78e6628b74fca1a9893c89902dbbd52e8a7b93a9994991ed346b5ad52c6b84a8?s=96&d=mm&r=g","caption":"Sandra Hebben"},"url":"https:\/\/cheerz.wpengine.com\/author\/sandra-hebbencheerz-com\/"}]}},"modified_by":null,"_links":{"self":[{"href":"https:\/\/cheerz.wpengine.com\/wp-json\/wp\/v2\/posts\/16505","targetHints":{"allow":["GET"]}}],"collection":[{"href":"https:\/\/cheerz.wpengine.com\/wp-json\/wp\/v2\/posts"}],"about":[{"href":"https:\/\/cheerz.wpengine.com\/wp-json\/wp\/v2\/types\/post"}],"author":[{"embeddable":true,"href":"https:\/\/cheerz.wpengine.com\/wp-json\/wp\/v2\/users\/19"}],"replies":[{"embeddable":true,"href":"https:\/\/cheerz.wpengine.com\/wp-json\/wp\/v2\/comments?post=16505"}],"version-history":[{"count":0,"href":"https:\/\/cheerz.wpengine.com\/wp-json\/wp\/v2\/posts\/16505\/revisions"}],"wp:featuredmedia":[{"embeddable":true,"href":"https:\/\/cheerz.wpengine.com\/wp-json\/wp\/v2\/media\/16508"}],"wp:attachment":[{"href":"https:\/\/cheerz.wpengine.com\/wp-json\/wp\/v2\/media?parent=16505"}],"wp:term":[{"taxonomy":"category","embeddable":true,"href":"https:\/\/cheerz.wpengine.com\/wp-json\/wp\/v2\/categories?post=16505"},{"taxonomy":"post_tag","embeddable":true,"href":"https:\/\/cheerz.wpengine.com\/wp-json\/wp\/v2\/tags?post=16505"}],"curies":[{"name":"wp","href":"https:\/\/api.w.org\/{rel}","templated":true}]}}