
{"id":16479,"date":"2020-11-24T20:43:56","date_gmt":"2020-11-24T19:43:56","guid":{"rendered":"https:\/\/royal.cheerz.com\/?p=16479"},"modified":"2020-12-08T19:07:41","modified_gmt":"2020-12-08T18:07:41","slug":"le-noel-de-marlene","status":"publish","type":"post","link":"https:\/\/cheerz.wpengine.com\/actualites\/le-noel-de-marlene\/","title":{"rendered":"L&rsquo;extra-ordinaire No\u00ebl de Marl\u00e8ne"},"content":{"rendered":"<h2><\/h2>\n<h2><\/h2>\n<h2><strong>L\u2019extra-ordinaire No\u00ebl de Marl\u00e8ne<\/strong><\/h2>\n<p>Apr\u00e8s cette dr\u00f4le d&rsquo;ann\u00e9e, on s&rsquo;est dit que les f\u00eates allaient avoir une toute autre saveur. Un No\u00ebl toujours au go\u00fbt de b\u00fbche au chocolat rassurez-vous, mais o\u00f9 les priorit\u00e9s ont chang\u00e9. Cette ann\u00e9e, termin\u00e9 le superflus : le <strong>plus important est d&rsquo;\u00eatre ensemble <\/strong>et profiter de moments qui comptent vraiment. \u00ca<span style=\"font-weight: 400;\">tre enfin r\u00e9unis, se faire r\u00e9veiller par les enfants un peu trop t\u00f4t le 25 pour d\u00e9baller les cadeaux en pyjama, pr\u00e9parer des repas autour desquels s\u2019attabler, parler, se chamailler, d\u00e9battre, se retrouver pendant des heures, rire aux \u00e9clats, se cacher pour emballer ses <a href=\"https:\/\/www.cheerz.com\/fr\/categories\/christmas\">cadeaux <\/a>cr\u00e9\u00e9s avec soin pour chacun&#8230; Bref, <strong>un No\u00ebl ordinaire et extra \u00e0 la fois. Un No\u00ebl extra-ordinaire.<\/strong><\/span><\/p>\n<p><strong>Et vous, c\u2019est quoi votre No\u00ebl extra-ordinaire ?<\/strong><\/p>\n<p>C\u2019est la question que nous vous avons pos\u00e9 pour d\u00e9couvrir No\u00ebl \u00e0 travers vos yeux ! De vos petites habitudes \u00e0 vos moments incontournables, vos p\u00each\u00e9s mignons et vos astuces, voil\u00e0 ce que vous nous avez d\u00e9voil\u00e9 lors de nos bavardages.<\/p>\n<h3>Les traditions de Marl\u00e8ne<\/h3>\n<p>Aujourd\u2019hui c\u2019est Marl\u00e8ne, aussi connue sous le pseudo de <a href=\"https:\/\/www.instagram.com\/lagirafequivole\/\"><span style=\"font-weight: 400;\">@lagirafequivole<\/span><\/a>\u00a0sur Instagram qui a r\u00e9pondu \u00e0 toutes nos curiosit\u00e9s sur son No\u00ebl extra-ordinaire. Pr\u00eats ? Munissez vous d\u2019une boisson chaude, enfoncez-vous dans votre canap\u00e9 et d\u00e9couvrez avec nous\u00a0<strong>l\u2019extra-ordinaire No\u00ebl de Marl\u00e8ne.<\/strong><\/p>\n<p><strong>Hello Marl\u00e8ne, \u00e7a va ? Tu peux te pr\u00e9senter en quelques mots ?\u00a0<\/strong><\/p>\n<p><em><span style=\"font-weight: 400;\">Hello la Cheerz Family ! Malgr\u00e9 la situation actuelle, je vais bien, je garde le moral et tente de garder ma \u201cpositive attitude\u201d comme je peux.<\/span><\/em><\/p>\n<p><em><span style=\"font-weight: 400;\">Je suis Marl\u00e8ne, une maman de deux petites filles de 7 ans et 3 mois. Je suis une passionn\u00e9e de voyages, d\u2019animaux sauvages et de photos. Je suis freelance dans le monde du tourisme depuis quelques ann\u00e9es, mon\u00a0 but premier est donc de promouvoir des destinations en donnant envie aux gens de voyager. Je tiens \u00e9galement un blog de voyage, qui s\u2019intitule <a href=\"https:\/\/lagirafequivole.com\/\">la Girafe qui Vole<\/a> pour partager mes coups de coeurs, des r\u00e9cits de voyages, des photos, des vid\u00e9os et aussi des portraits de r\u00eaveurs.<\/span><\/em><\/p>\n<p><img loading=\"lazy\" decoding=\"async\" class=\"alignnone wp-image-16487\" src=\"https:\/\/royal.cheerz.com\/wp-content\/uploads\/2020\/11\/image3.png\" alt=\"marlene la girafe qui vole cheerz interview l'extra-ordinaire no\u00ebl photo cadeau\" width=\"395\" height=\"263\" srcset=\"https:\/\/cheerz.wpengine.com\/wp-content\/uploads\/2020\/11\/image3.png 1999w, https:\/\/cheerz.wpengine.com\/wp-content\/uploads\/2020\/11\/image3-300x200.png 300w, https:\/\/cheerz.wpengine.com\/wp-content\/uploads\/2020\/11\/image3-1024x683.png 1024w, https:\/\/cheerz.wpengine.com\/wp-content\/uploads\/2020\/11\/image3-768x512.png 768w, https:\/\/cheerz.wpengine.com\/wp-content\/uploads\/2020\/11\/image3-1536x1024.png 1536w, https:\/\/cheerz.wpengine.com\/wp-content\/uploads\/2020\/11\/image3-1000x667.png 1000w, https:\/\/cheerz.wpengine.com\/wp-content\/uploads\/2020\/11\/image3-272x182.png 272w\" sizes=\"auto, (max-width: 395px) 100vw, 395px\" \/><br \/>\n<strong><br \/>\nQuand on regarde tes cr\u00e9ations et tes voyages, la photographie a l\u2019air d\u2019avoir une place importante dans ton quotidien, qu\u2019est-ce qui te pla\u00eet particuli\u00e8rement dans la photo ?<\/strong><\/p>\n<p><em><span style=\"font-weight: 400;\">Depuis petite, j\u2019ai \u00e9t\u00e9 \u201cbaign\u00e9e\u201d dans l\u2019univers de la photographie gr\u00e2ce \u00e0 mes parents qui avaient un bel appareil photo argentique et qui ont su me transmettre leur passion dans la photographie et aussi dans la conception d\u2019albums photos.\u00a0<\/span><\/em><\/p>\n<p><em><span style=\"font-weight: 400;\">D\u2019ailleurs, quand j\u2019\u00e9tais enfant, tout \u00e9tait immortalis\u00e9 en photos : un repas de famille, un anniversaire, des \u00e9tapes de la vie, notre quotidien et aussi nos voyages. Donc, je suis tr\u00e8s sensible \u00e0 l\u2019id\u00e9e de faire des photos PARTOUT et tr\u00e8s r\u00e9guli\u00e8rement puis de les imprimer et de les mettre dans un bel album photo afin de laisser une trace.\u00a0<\/span><\/em><\/p>\n<p><img loading=\"lazy\" decoding=\"async\" class=\"alignnone size-full wp-image-16486\" src=\"https:\/\/royal.cheerz.com\/wp-content\/uploads\/2020\/11\/image2.png\" alt=\"photo no\u00ebl cheerz cadeau voyage marlene \" width=\"1080\" height=\"1080\" srcset=\"https:\/\/cheerz.wpengine.com\/wp-content\/uploads\/2020\/11\/image2.png 1080w, https:\/\/cheerz.wpengine.com\/wp-content\/uploads\/2020\/11\/image2-300x300.png 300w, https:\/\/cheerz.wpengine.com\/wp-content\/uploads\/2020\/11\/image2-1024x1024.png 1024w, https:\/\/cheerz.wpengine.com\/wp-content\/uploads\/2020\/11\/image2-150x150.png 150w, https:\/\/cheerz.wpengine.com\/wp-content\/uploads\/2020\/11\/image2-768x768.png 768w, https:\/\/cheerz.wpengine.com\/wp-content\/uploads\/2020\/11\/image2-1000x1000.png 1000w, https:\/\/cheerz.wpengine.com\/wp-content\/uploads\/2020\/11\/image2-120x120.png 120w\" sizes=\"auto, (max-width: 1080px) 100vw, 1080px\" \/><\/p>\n<p><em><span style=\"font-weight: 400;\">J\u2019aime immortaliser un sourire, photographier un paysage, un animal sauvage et avoir mon appareil photo dans mes mains. Tout \u00e7a me fait r\u00e9ellement vibrer. Ce que j\u2019adore aussi c\u2019est de pouvoir faire plaisir \u00e0 mes proches en leur envoyant des photos que j\u2019aurai prise d\u2019eux pour leur dire tout simplement que je pense \u00e0 eux, que je les aime et que ce moment que nous avons v\u00e9cu ensemble \u00e9tait un joli moment.\u00a0<\/span><\/em><\/p>\n<p><strong>Si tu ne devais garder qu\u2019une seule de tes photos, \u00e7a serait laquelle ?<\/strong><\/p>\n<p><em><span style=\"font-weight: 400;\">Sans h\u00e9siter, je garderai une photo de ma famille avec soit des sourires, soit des grimaces&#8230; pour me donner le \u201csmile\u201d lorsque je regarderai \u00e0 chaque fois cette photo.<\/span><\/em><\/p>\n<p><strong>On commence \u00e0 voir No\u00ebl pointer le bout de son nez, comment tu le pr\u00e9pares ce moment ? Un mini DIY \u00e0 nous conseiller pour impressionner nos invit\u00e9s ?<\/strong><\/p>\n<p><em><span style=\"font-weight: 400;\">En plus des chocolats que nous allons d\u00e9guster chaque jour \u00e0 partir du 1er d\u00e9cembre gr\u00e2ce au <a href=\"https:\/\/www.cheerz.com\/fr\/categories\/advent-calendar\">calendrier de l\u2019avent Cheerz<\/a> que nous avons re\u00e7u, j\u2019aimerai aussi cr\u00e9er mon propre \u201ccalendrier de l\u2019avent surprise\u201d pour ma fille et mon compagnon. Pour cela, j\u2019aimerai imprimer 1 photo par jour sur papier o\u00f9 j\u2019imprimerai mes 25 plus belles photos de l\u2019ann\u00e9e 2020 que j\u2019ai faite et au verso, j\u2019\u00e9crirai \u00e0 la main soit un mot doux soit un petit d\u00e9fi du jour que mon compagnon ou ma fille d\u00e9couvriront chaque jour. Les petits d\u00e9fis pourraient \u00eatre \u201c aujourd\u2019hui, c\u2019est toi qui pr\u00e9pare le dessert\u201d, \u201caujourd\u2019hui, tu appelles la personne de ton choix et dis lui que tu penses \u00e0 elle\u201d etc. Tout ces papiers seraient alors affich\u00e9s sur un mur et cela am\u00e8nerait \u00e0 vivre un joli moment de partage tous ensemble au quotidien.<\/span><\/em><\/p>\n<p><strong>On adore l&rsquo;id\u00e9e ! <\/strong><\/p>\n<p><strong>No\u00ebl, c\u2019est une p\u00e9riode particuli\u00e8re pour les photos : on se retrouve tous ensemble, on se met sur son 31 (ou son 24 ou 25) et on profite de bons moments&#8230; Est-ce que tu prends beaucoup de photos pendant cette p\u00e9riode ?<\/strong><\/p>\n<p><em><span style=\"font-weight: 400;\">Je prends surtout des photos le soir du 24 d\u00e9cembre ainsi que le 25 au midi, mais tr\u00e8s peu voire rien du tout le soir de la Saint Sylvestre. Durant la p\u00e9riode de No\u00ebl, j\u2019aime prendre le sapin en photo, avec les enfants (et aussi les grands) qui s\u2019agitent autour durant l\u2019ouverture des cadeaux. J\u2019aime aussi prendre des photos de personnes au naturel lors du d\u00eener ainsi que des photos plus fig\u00e9es et tous ensemble pour avoir plusieurs styles de photos souvenir de No\u00ebl.<\/span><\/em><\/p>\n<p><img loading=\"lazy\" decoding=\"async\" class=\"alignnone size-full wp-image-16485\" src=\"https:\/\/royal.cheerz.com\/wp-content\/uploads\/2020\/11\/image1.jpg\" alt=\"photos \u00e0 No\u00ebl de Marl\u00e8ne La girafe qui vole\" width=\"1999\" height=\"1333\" srcset=\"https:\/\/cheerz.wpengine.com\/wp-content\/uploads\/2020\/11\/image1.jpg 1999w, https:\/\/cheerz.wpengine.com\/wp-content\/uploads\/2020\/11\/image1-300x200.jpg 300w, https:\/\/cheerz.wpengine.com\/wp-content\/uploads\/2020\/11\/image1-1024x683.jpg 1024w, https:\/\/cheerz.wpengine.com\/wp-content\/uploads\/2020\/11\/image1-768x512.jpg 768w, https:\/\/cheerz.wpengine.com\/wp-content\/uploads\/2020\/11\/image1-1536x1024.jpg 1536w, https:\/\/cheerz.wpengine.com\/wp-content\/uploads\/2020\/11\/image1-1000x667.jpg 1000w, https:\/\/cheerz.wpengine.com\/wp-content\/uploads\/2020\/11\/image1-272x182.jpg 272w\" sizes=\"auto, (max-width: 1999px) 100vw, 1999px\" \/><\/p>\n<p><strong>Films de No\u00ebl, rues illumin\u00e9es, chants de No\u00ebl, c\u2019est quoi toi, ton petit p\u00e9ch\u00e9 mignon des f\u00eates de fin d\u2019ann\u00e9e ?<\/strong><\/p>\n<p><em><span style=\"font-weight: 400;\">J\u2019adore les films de No\u00ebl et j\u2019aime toujours autant regarder \u201cLove Actually\u201d et \u201cMaman j\u2019ai rat\u00e9 l\u2019avion\u201d chaque ann\u00e9e. J\u2019aime aussi ouvrir les cases d\u2019un calendrier de l\u2019avent et manger le chocolat car j\u2019ai toujours gard\u00e9 mon \u00e2me d\u2019enfant et je suis aussi tr\u00e8s gourmande !\u00a0<\/span><\/em><\/p>\n<p><strong>D\u2019ailleurs, tu le f\u00eates comment No\u00ebl chez toi ? Ouverture des cadeaux le 24 ou le 25 ? En famille ? Avec des amis ?\u00a0<\/strong><\/p>\n<p><em><span style=\"font-weight: 400;\">Lorsque j\u2019\u00e9tais enfant, j\u2019ai toujours f\u00eat\u00e9 No\u00ebl le 25 au midi avec mes parents. C\u2019\u00e9tait tr\u00e8s intimiste. Depuis que je suis en couple et aussi maman, j\u2019ai d\u00e9couvert ce qu\u2019\u00e9tait le r\u00e9veillon du 24 d\u00e9cembre avec une longue tabl\u00e9e d\u2019au moins 15 personnes, un grand repas de No\u00ebl m\u00eal\u00e9e \u00e0 une sacr\u00e9e convivialit\u00e9 qui m\u2019\u00e9tonne chaque ann\u00e9e&#8230;Sans oublier les nombreux cadeaux tout autour du sapin.\u00a0<\/span><\/em><\/p>\n<p><strong>Avec cette dr\u00f4le de p\u00e9riode, on s\u2019est dit chez Cheerz que les f\u00eates allaient \u00eatre diff\u00e9rentes et qu\u2019on avait une seule h\u00e2te : se retrouver avec celles et ceux qu&rsquo;on aime pour vivre un No\u00ebl extra-ordinaire. Un No\u00ebl remplie de moments ordinaires, des moments du quotidiens mais uniques et extra \u00e0 la fois\u2026 Pour toi, ce serait quoi les ingr\u00e9dients essentiels de ce No\u00ebl extra-ordinaire ?<\/strong><\/p>\n<p><em><span style=\"font-weight: 400;\">Une touche de simplicit\u00e9, une bonne dose de convivialit\u00e9 m\u00e9lang\u00e9 \u00e0 beaucoup d\u2019amour et de c\u00e2lins, un joli pull de No\u00ebl &#8230; le tout immortalis\u00e9 en photos et en jolis selfies pour garder de bons souvenirs en t\u00eate et sur papier.<\/span><\/em><\/p>\n<p><strong>Merci beaucoup pour ton temps et tes r\u00e9ponses. On te souhaite un extra-ordinaire No\u00ebl plein de retrouvailles, de rires un peu trop forts et de loooongs repas\ud83c\udf84 !<\/strong><\/p>\n<p>&nbsp;<\/p>\n<p>&nbsp;<\/p>\n<p>&nbsp;<\/p>\n","protected":false},"excerpt":{"rendered":"<p>L\u2019extra-ordinaire No\u00ebl de Marl\u00e8ne Apr\u00e8s cette dr\u00f4le d&rsquo;ann\u00e9e, on s&rsquo;est dit que les f\u00eates allaient avoir une toute autre saveur. Un No\u00ebl toujours au go\u00fbt de b\u00fbche au chocolat rassurez-vous, mais o\u00f9 les priorit\u00e9s ont chang\u00e9. Cette ann\u00e9e, termin\u00e9 le superflus : le plus important est d&rsquo;\u00eatre ensemble et profiter de moments qui comptent vraiment. [&hellip;]<\/p>\n","protected":false},"author":19,"featured_media":16484,"comment_status":"closed","ping_status":"closed","sticky":false,"template":"","format":"video","meta":{"_acf_changed":false,"_lmt_disableupdate":"","_lmt_disable":"","iawp_total_views":8,"footnotes":""},"categories":[71],"tags":[],"class_list":["post-16479","post","type-post","status-publish","format-video","has-post-thumbnail","hentry","category-actualites","post_format-post-format-video"],"acf":[],"yoast_head":"<!-- This site is optimized with the Yoast SEO plugin v27.5 - https:\/\/yoast.com\/product\/yoast-seo-wordpress\/ -->\n<title>L&#039;extra-ordinaire No\u00ebl de Marl\u00e8ne - Blog Cheerz<\/title>\n<meta name=\"description\" content=\"Un No\u00ebl extra-ordinaire, \u00e7a vous dit ? D\u00e9couvrez les petites traditions de Marl\u00e8ne, aussi connue sous le nom de @lagirafequivole !\" \/>\n<meta name=\"robots\" content=\"index, follow, max-snippet:-1, max-image-preview:large, max-video-preview:-1\" \/>\n<link rel=\"canonical\" href=\"https:\/\/cheerz.wpengine.com\/actualites\/le-noel-de-marlene\/\" \/>\n<meta property=\"og:locale\" content=\"fr_FR\" \/>\n<meta property=\"og:type\" content=\"article\" \/>\n<meta property=\"og:title\" content=\"L&#039;extra-ordinaire No\u00ebl de Marl\u00e8ne - Blog Cheerz\" \/>\n<meta property=\"og:description\" content=\"Un No\u00ebl extra-ordinaire, \u00e7a vous dit ? D\u00e9couvrez les petites traditions de Marl\u00e8ne, aussi connue sous le nom de @lagirafequivole !\" \/>\n<meta property=\"og:url\" content=\"https:\/\/cheerz.wpengine.com\/actualites\/le-noel-de-marlene\/\" \/>\n<meta property=\"og:site_name\" content=\"Blog Cheerz\" \/>\n<meta property=\"article:published_time\" content=\"2020-11-24T19:43:56+00:00\" \/>\n<meta property=\"article:modified_time\" content=\"2020-12-08T18:07:41+00:00\" \/>\n<meta property=\"og:image\" content=\"https:\/\/cheerz.wpengine.com\/wp-content\/uploads\/2020\/11\/vignettevf-1.png\" \/>\n\t<meta property=\"og:image:width\" content=\"1200\" \/>\n\t<meta property=\"og:image:height\" content=\"800\" \/>\n\t<meta property=\"og:image:type\" content=\"image\/png\" \/>\n<meta name=\"author\" content=\"Sandra Hebben\" \/>\n<meta name=\"twitter:card\" content=\"summary_large_image\" \/>\n<meta name=\"twitter:label1\" content=\"\u00c9crit par\" \/>\n\t<meta name=\"twitter:data1\" content=\"Sandra Hebben\" \/>\n\t<meta name=\"twitter:label2\" content=\"Dur\u00e9e de lecture estim\u00e9e\" \/>\n\t<meta name=\"twitter:data2\" content=\"7 minutes\" \/>\n<script type=\"application\/ld+json\" class=\"yoast-schema-graph\">{\"@context\":\"https:\\\/\\\/schema.org\",\"@graph\":[{\"@type\":\"Article\",\"@id\":\"https:\\\/\\\/cheerz.wpengine.com\\\/actualites\\\/le-noel-de-marlene\\\/#article\",\"isPartOf\":{\"@id\":\"https:\\\/\\\/cheerz.wpengine.com\\\/actualites\\\/le-noel-de-marlene\\\/\"},\"author\":{\"name\":\"Sandra Hebben\",\"@id\":\"https:\\\/\\\/cheerz.wpengine.com\\\/#\\\/schema\\\/person\\\/7b9bde04783642a12683670a1fe86309\"},\"headline\":\"L&rsquo;extra-ordinaire No\u00ebl de Marl\u00e8ne\",\"datePublished\":\"2020-11-24T19:43:56+00:00\",\"dateModified\":\"2020-12-08T18:07:41+00:00\",\"mainEntityOfPage\":{\"@id\":\"https:\\\/\\\/cheerz.wpengine.com\\\/actualites\\\/le-noel-de-marlene\\\/\"},\"wordCount\":1307,\"image\":{\"@id\":\"https:\\\/\\\/cheerz.wpengine.com\\\/actualites\\\/le-noel-de-marlene\\\/#primaryimage\"},\"thumbnailUrl\":\"https:\\\/\\\/cheerz.wpengine.com\\\/wp-content\\\/uploads\\\/2020\\\/11\\\/vignettevf-1.png\",\"articleSection\":[\"Actus\"],\"inLanguage\":\"fr-FR\"},{\"@type\":\"WebPage\",\"@id\":\"https:\\\/\\\/cheerz.wpengine.com\\\/actualites\\\/le-noel-de-marlene\\\/\",\"url\":\"https:\\\/\\\/cheerz.wpengine.com\\\/actualites\\\/le-noel-de-marlene\\\/\",\"name\":\"L'extra-ordinaire No\u00ebl de Marl\u00e8ne - Blog Cheerz\",\"isPartOf\":{\"@id\":\"https:\\\/\\\/cheerz.wpengine.com\\\/#website\"},\"primaryImageOfPage\":{\"@id\":\"https:\\\/\\\/cheerz.wpengine.com\\\/actualites\\\/le-noel-de-marlene\\\/#primaryimage\"},\"image\":{\"@id\":\"https:\\\/\\\/cheerz.wpengine.com\\\/actualites\\\/le-noel-de-marlene\\\/#primaryimage\"},\"thumbnailUrl\":\"https:\\\/\\\/cheerz.wpengine.com\\\/wp-content\\\/uploads\\\/2020\\\/11\\\/vignettevf-1.png\",\"datePublished\":\"2020-11-24T19:43:56+00:00\",\"dateModified\":\"2020-12-08T18:07:41+00:00\",\"author\":{\"@id\":\"https:\\\/\\\/cheerz.wpengine.com\\\/#\\\/schema\\\/person\\\/7b9bde04783642a12683670a1fe86309\"},\"description\":\"Un No\u00ebl extra-ordinaire, \u00e7a vous dit ? D\u00e9couvrez les petites traditions de Marl\u00e8ne, aussi connue sous le nom de @lagirafequivole !\",\"breadcrumb\":{\"@id\":\"https:\\\/\\\/cheerz.wpengine.com\\\/actualites\\\/le-noel-de-marlene\\\/#breadcrumb\"},\"inLanguage\":\"fr-FR\",\"potentialAction\":[{\"@type\":\"ReadAction\",\"target\":[\"https:\\\/\\\/cheerz.wpengine.com\\\/actualites\\\/le-noel-de-marlene\\\/\"]}]},{\"@type\":\"ImageObject\",\"inLanguage\":\"fr-FR\",\"@id\":\"https:\\\/\\\/cheerz.wpengine.com\\\/actualites\\\/le-noel-de-marlene\\\/#primaryimage\",\"url\":\"https:\\\/\\\/cheerz.wpengine.com\\\/wp-content\\\/uploads\\\/2020\\\/11\\\/vignettevf-1.png\",\"contentUrl\":\"https:\\\/\\\/cheerz.wpengine.com\\\/wp-content\\\/uploads\\\/2020\\\/11\\\/vignettevf-1.png\",\"width\":1200,\"height\":800,\"caption\":\"interview la giraffe qui vole instagram cheerz no\u00ebl photo cadeau\"},{\"@type\":\"BreadcrumbList\",\"@id\":\"https:\\\/\\\/cheerz.wpengine.com\\\/actualites\\\/le-noel-de-marlene\\\/#breadcrumb\",\"itemListElement\":[{\"@type\":\"ListItem\",\"position\":1,\"name\":\"Royal Cheerz\",\"item\":\"https:\\\/\\\/cheerz.wpengine.com\\\/\"},{\"@type\":\"ListItem\",\"position\":2,\"name\":\"Actus\",\"item\":\"https:\\\/\\\/cheerz.wpengine.com\\\/categorie\\\/actualites\\\/\"},{\"@type\":\"ListItem\",\"position\":3,\"name\":\"L&rsquo;extra-ordinaire No\u00ebl de Marl\u00e8ne\"}]},{\"@type\":\"WebSite\",\"@id\":\"https:\\\/\\\/cheerz.wpengine.com\\\/#website\",\"url\":\"https:\\\/\\\/cheerz.wpengine.com\\\/\",\"name\":\"Blog Cheerz\",\"description\":\"Imprimeur de sourires\",\"potentialAction\":[{\"@type\":\"SearchAction\",\"target\":{\"@type\":\"EntryPoint\",\"urlTemplate\":\"https:\\\/\\\/cheerz.wpengine.com\\\/?s={search_term_string}\"},\"query-input\":{\"@type\":\"PropertyValueSpecification\",\"valueRequired\":true,\"valueName\":\"search_term_string\"}}],\"inLanguage\":\"fr-FR\"},{\"@type\":\"Person\",\"@id\":\"https:\\\/\\\/cheerz.wpengine.com\\\/#\\\/schema\\\/person\\\/7b9bde04783642a12683670a1fe86309\",\"name\":\"Sandra Hebben\",\"image\":{\"@type\":\"ImageObject\",\"inLanguage\":\"fr-FR\",\"@id\":\"https:\\\/\\\/secure.gravatar.com\\\/avatar\\\/78e6628b74fca1a9893c89902dbbd52e8a7b93a9994991ed346b5ad52c6b84a8?s=96&d=mm&r=g\",\"url\":\"https:\\\/\\\/secure.gravatar.com\\\/avatar\\\/78e6628b74fca1a9893c89902dbbd52e8a7b93a9994991ed346b5ad52c6b84a8?s=96&d=mm&r=g\",\"contentUrl\":\"https:\\\/\\\/secure.gravatar.com\\\/avatar\\\/78e6628b74fca1a9893c89902dbbd52e8a7b93a9994991ed346b5ad52c6b84a8?s=96&d=mm&r=g\",\"caption\":\"Sandra Hebben\"},\"url\":\"https:\\\/\\\/cheerz.wpengine.com\\\/author\\\/sandra-hebbencheerz-com\\\/\"}]}<\/script>\n<!-- \/ Yoast SEO plugin. -->","yoast_head_json":{"title":"L'extra-ordinaire No\u00ebl de Marl\u00e8ne - Blog Cheerz","description":"Un No\u00ebl extra-ordinaire, \u00e7a vous dit ? D\u00e9couvrez les petites traditions de Marl\u00e8ne, aussi connue sous le nom de @lagirafequivole !","robots":{"index":"index","follow":"follow","max-snippet":"max-snippet:-1","max-image-preview":"max-image-preview:large","max-video-preview":"max-video-preview:-1"},"canonical":"https:\/\/cheerz.wpengine.com\/actualites\/le-noel-de-marlene\/","og_locale":"fr_FR","og_type":"article","og_title":"L'extra-ordinaire No\u00ebl de Marl\u00e8ne - Blog Cheerz","og_description":"Un No\u00ebl extra-ordinaire, \u00e7a vous dit ? D\u00e9couvrez les petites traditions de Marl\u00e8ne, aussi connue sous le nom de @lagirafequivole !","og_url":"https:\/\/cheerz.wpengine.com\/actualites\/le-noel-de-marlene\/","og_site_name":"Blog Cheerz","article_published_time":"2020-11-24T19:43:56+00:00","article_modified_time":"2020-12-08T18:07:41+00:00","og_image":[{"width":1200,"height":800,"url":"https:\/\/cheerz.wpengine.com\/wp-content\/uploads\/2020\/11\/vignettevf-1.png","type":"image\/png"}],"author":"Sandra Hebben","twitter_card":"summary_large_image","twitter_misc":{"\u00c9crit par":"Sandra Hebben","Dur\u00e9e de lecture estim\u00e9e":"7 minutes"},"schema":{"@context":"https:\/\/schema.org","@graph":[{"@type":"Article","@id":"https:\/\/cheerz.wpengine.com\/actualites\/le-noel-de-marlene\/#article","isPartOf":{"@id":"https:\/\/cheerz.wpengine.com\/actualites\/le-noel-de-marlene\/"},"author":{"name":"Sandra Hebben","@id":"https:\/\/cheerz.wpengine.com\/#\/schema\/person\/7b9bde04783642a12683670a1fe86309"},"headline":"L&rsquo;extra-ordinaire No\u00ebl de Marl\u00e8ne","datePublished":"2020-11-24T19:43:56+00:00","dateModified":"2020-12-08T18:07:41+00:00","mainEntityOfPage":{"@id":"https:\/\/cheerz.wpengine.com\/actualites\/le-noel-de-marlene\/"},"wordCount":1307,"image":{"@id":"https:\/\/cheerz.wpengine.com\/actualites\/le-noel-de-marlene\/#primaryimage"},"thumbnailUrl":"https:\/\/cheerz.wpengine.com\/wp-content\/uploads\/2020\/11\/vignettevf-1.png","articleSection":["Actus"],"inLanguage":"fr-FR"},{"@type":"WebPage","@id":"https:\/\/cheerz.wpengine.com\/actualites\/le-noel-de-marlene\/","url":"https:\/\/cheerz.wpengine.com\/actualites\/le-noel-de-marlene\/","name":"L'extra-ordinaire No\u00ebl de Marl\u00e8ne - Blog Cheerz","isPartOf":{"@id":"https:\/\/cheerz.wpengine.com\/#website"},"primaryImageOfPage":{"@id":"https:\/\/cheerz.wpengine.com\/actualites\/le-noel-de-marlene\/#primaryimage"},"image":{"@id":"https:\/\/cheerz.wpengine.com\/actualites\/le-noel-de-marlene\/#primaryimage"},"thumbnailUrl":"https:\/\/cheerz.wpengine.com\/wp-content\/uploads\/2020\/11\/vignettevf-1.png","datePublished":"2020-11-24T19:43:56+00:00","dateModified":"2020-12-08T18:07:41+00:00","author":{"@id":"https:\/\/cheerz.wpengine.com\/#\/schema\/person\/7b9bde04783642a12683670a1fe86309"},"description":"Un No\u00ebl extra-ordinaire, \u00e7a vous dit ? D\u00e9couvrez les petites traditions de Marl\u00e8ne, aussi connue sous le nom de @lagirafequivole !","breadcrumb":{"@id":"https:\/\/cheerz.wpengine.com\/actualites\/le-noel-de-marlene\/#breadcrumb"},"inLanguage":"fr-FR","potentialAction":[{"@type":"ReadAction","target":["https:\/\/cheerz.wpengine.com\/actualites\/le-noel-de-marlene\/"]}]},{"@type":"ImageObject","inLanguage":"fr-FR","@id":"https:\/\/cheerz.wpengine.com\/actualites\/le-noel-de-marlene\/#primaryimage","url":"https:\/\/cheerz.wpengine.com\/wp-content\/uploads\/2020\/11\/vignettevf-1.png","contentUrl":"https:\/\/cheerz.wpengine.com\/wp-content\/uploads\/2020\/11\/vignettevf-1.png","width":1200,"height":800,"caption":"interview la giraffe qui vole instagram cheerz no\u00ebl photo cadeau"},{"@type":"BreadcrumbList","@id":"https:\/\/cheerz.wpengine.com\/actualites\/le-noel-de-marlene\/#breadcrumb","itemListElement":[{"@type":"ListItem","position":1,"name":"Royal Cheerz","item":"https:\/\/cheerz.wpengine.com\/"},{"@type":"ListItem","position":2,"name":"Actus","item":"https:\/\/cheerz.wpengine.com\/categorie\/actualites\/"},{"@type":"ListItem","position":3,"name":"L&rsquo;extra-ordinaire No\u00ebl de Marl\u00e8ne"}]},{"@type":"WebSite","@id":"https:\/\/cheerz.wpengine.com\/#website","url":"https:\/\/cheerz.wpengine.com\/","name":"Blog Cheerz","description":"Imprimeur de sourires","potentialAction":[{"@type":"SearchAction","target":{"@type":"EntryPoint","urlTemplate":"https:\/\/cheerz.wpengine.com\/?s={search_term_string}"},"query-input":{"@type":"PropertyValueSpecification","valueRequired":true,"valueName":"search_term_string"}}],"inLanguage":"fr-FR"},{"@type":"Person","@id":"https:\/\/cheerz.wpengine.com\/#\/schema\/person\/7b9bde04783642a12683670a1fe86309","name":"Sandra Hebben","image":{"@type":"ImageObject","inLanguage":"fr-FR","@id":"https:\/\/secure.gravatar.com\/avatar\/78e6628b74fca1a9893c89902dbbd52e8a7b93a9994991ed346b5ad52c6b84a8?s=96&d=mm&r=g","url":"https:\/\/secure.gravatar.com\/avatar\/78e6628b74fca1a9893c89902dbbd52e8a7b93a9994991ed346b5ad52c6b84a8?s=96&d=mm&r=g","contentUrl":"https:\/\/secure.gravatar.com\/avatar\/78e6628b74fca1a9893c89902dbbd52e8a7b93a9994991ed346b5ad52c6b84a8?s=96&d=mm&r=g","caption":"Sandra Hebben"},"url":"https:\/\/cheerz.wpengine.com\/author\/sandra-hebbencheerz-com\/"}]}},"modified_by":null,"_links":{"self":[{"href":"https:\/\/cheerz.wpengine.com\/wp-json\/wp\/v2\/posts\/16479","targetHints":{"allow":["GET"]}}],"collection":[{"href":"https:\/\/cheerz.wpengine.com\/wp-json\/wp\/v2\/posts"}],"about":[{"href":"https:\/\/cheerz.wpengine.com\/wp-json\/wp\/v2\/types\/post"}],"author":[{"embeddable":true,"href":"https:\/\/cheerz.wpengine.com\/wp-json\/wp\/v2\/users\/19"}],"replies":[{"embeddable":true,"href":"https:\/\/cheerz.wpengine.com\/wp-json\/wp\/v2\/comments?post=16479"}],"version-history":[{"count":0,"href":"https:\/\/cheerz.wpengine.com\/wp-json\/wp\/v2\/posts\/16479\/revisions"}],"wp:featuredmedia":[{"embeddable":true,"href":"https:\/\/cheerz.wpengine.com\/wp-json\/wp\/v2\/media\/16484"}],"wp:attachment":[{"href":"https:\/\/cheerz.wpengine.com\/wp-json\/wp\/v2\/media?parent=16479"}],"wp:term":[{"taxonomy":"category","embeddable":true,"href":"https:\/\/cheerz.wpengine.com\/wp-json\/wp\/v2\/categories?post=16479"},{"taxonomy":"post_tag","embeddable":true,"href":"https:\/\/cheerz.wpengine.com\/wp-json\/wp\/v2\/tags?post=16479"}],"curies":[{"name":"wp","href":"https:\/\/api.w.org\/{rel}","templated":true}]}}