
{"id":10148,"date":"2014-12-19T13:05:03","date_gmt":"2014-12-19T12:05:03","guid":{"rendered":"http:\/\/blog.printklub.com\/?p=10148"},"modified":"2019-07-19T16:05:13","modified_gmt":"2019-07-19T14:05:13","slug":"insta-week-31","status":"publish","type":"post","link":"https:\/\/cheerz.wpengine.com\/actualites\/insta-week-31\/","title":{"rendered":"Le compte Instagram de la semaine : @madebylon"},"content":{"rendered":"<p><strong>Insta ID<\/strong><\/p>\n<p>Pr\u00e9nom : Madelon<br \/>\n@ : madebylon<br \/>\nPays : Pays-Bas, aujourd&rsquo;hui Los-Angeles<\/p>\n<p><strong>Hello Madelon ! Peux-tu te pr\u00e9senter en quelques mots ?<\/strong><br \/>\nJe m&rsquo;appelle Madelon, je suis mari\u00e9e \u00e0 un mari formidable. Il a fond\u00e9 une entreprise r\u00e9put\u00e9e de chaussures et nous avons ensemble deux jolies t\u00eates blondes. Nous avons r\u00e9cemment d\u00e9m\u00e9nag\u00e9 d&rsquo;Amsterdam pour nous installer \u00e0 Los-Angeles. Mon compagnon, moi m\u00eame et un ami avons un blog qui s&rsquo;appelle the door in the wall\u00a0<a href=\"http:\/\/www.thedoorinthewall.com\/\">www.thedoorinthewall.com<\/a><\/p>\n<p><strong>Trois mots pour qualifier ton compte Instagram ?<\/strong><br \/>\nAll about kids \ud83d\ude09 (tout sur les enfants)<\/p>\n<p><strong>Quelle est la chose la plus folle que tu aies faite dans ta vie ?<\/strong><br \/>\nJe ne sais pas vraiment si cela compte mais d\u00e9m\u00e9nager \u00e0 l&rsquo;autre bout du monde ?!<\/p>\n<p><strong>Quelles sont les raisons pour lesquelles la photo c&rsquo;est important pour toi ?<\/strong><br \/>\nJe suis une personne qui accorde beaucoup d&rsquo;importance \u00e0 l&rsquo;aspect visuel, j&rsquo;adore observer les gens, regarder de belles expos photos. Je ne suis pas une \u00e9crivaine mais je veux raconter ma vie \u00e0 ma fa\u00e7on. Les photos en disent tellement sur nous m\u00eame et le monde qui nous entoure, elles repr\u00e9sentent beaucoup pour moi, et en plus de \u00e7a elles sont faciles \u00e0 capturer.<\/p>\n<p><strong>43 000 abonn\u00e9s sur ton compte Instagram, comment te sens-tu?<\/strong><br \/>\nJe prends la chose avec beaucoup humilit\u00e9, cela me touche qu&rsquo;autant de personnes portent de l&rsquo;int\u00e9r\u00eat pour les photos de mon quotidien, de ma vie de Madame tout le monde. Je n&rsquo;essaie de ne pas trop y penser car cela peut me rendre nerveuse pour les photos prochaines que je vais poster. Ce compte instagram est un peu mon journal intime, un livre ouvert sur ma vie que j&rsquo;accepte de partager et d&rsquo;ouvrir aux autres \ud83d\ude42<\/p>\n<p><strong>Un mantra ? Une phrase que tu te r\u00e9p\u00e8tes en boucle dans ta t\u00eate quand tu prends une photo ?<br \/>\n<\/strong>\u00ab\u00a0Ne pose jamais pour une photo\u00a0\u00bb. J&rsquo;aime juste capturer le moment aussi naturel que possible, c&rsquo;est aussi pour \u00e7a que j&rsquo;adore prendre mes enfants en photos, ils sont spontan\u00e9s, et ne pensent pas \u00e0 ce que va donner la photo \ud83d\ude42<\/p>\n<p><strong>Tu penses \u00e0 quoi quand tu prends une photo ?<\/strong><br \/>\nRien de sp\u00e9cial, mais \u00e7a m&rsquo;arrive souvent de me demander si je vais avoir assez d&rsquo;espace pour une photo de plus ! \ud83d\ude09<\/p>\n<p><strong>Tu es toute seule sur un immense Iceberg dans<\/strong>\u00a0<strong>l&rsquo;Antarctique quelle photo voudrais-tu avoir avec toi?<\/strong>\u00a0Une de ma famille et de pr\u00e9f\u00e9rence sur une plage avec un grand soleil !<\/p>\n<p><strong>Pr\u00e9f\u00e8res<\/strong>&#8211;<strong>tu perdre 15 000 abonn\u00e9s ou ne pas avoir de cadeau de No\u00ebl ?<\/strong><br \/>\nLes deux ne sont pas grave \ud83d\ude42 Je me suis faite de vrais amis gr\u00e2ce \u00e0 Instagram, des gens que j&rsquo;ai d\u00e9j\u00e0 rencontr\u00e9s et d&rsquo;autres qui sont virtuels un peu partout dans le monde, mais que je compte bien les voir un jour. Et puis de toute fa\u00e7on je n&rsquo;ai jamais de cadeau \u00e0 No\u00ebl (vous m&rsquo;en faites un \ud83d\ude09 ?)<\/p>\n<p><strong>Que penses-tu de cette interview ?<\/strong><br \/>\nTr\u00e8s diff\u00e9rente des autres \ud83d\ude42<\/p>\n","protected":false},"excerpt":{"rendered":"<p>Insta ID Pr\u00e9nom : Madelon @ : madebylon Pays : Pays-Bas, aujourd&rsquo;hui Los-Angeles Hello Madelon ! Peux-tu te pr\u00e9senter en quelques mots ? Je m&rsquo;appelle Madelon, je suis mari\u00e9e \u00e0 un mari formidable. Il a fond\u00e9 une entreprise r\u00e9put\u00e9e de chaussures et nous avons ensemble deux jolies t\u00eates blondes. Nous avons r\u00e9cemment d\u00e9m\u00e9nag\u00e9 d&rsquo;Amsterdam pour [&hellip;]<\/p>\n","protected":false},"author":19,"featured_media":15045,"comment_status":"closed","ping_status":"open","sticky":false,"template":"","format":"gallery","meta":{"_acf_changed":false,"_lmt_disableupdate":"","_lmt_disable":"","iawp_total_views":7,"footnotes":""},"categories":[71],"tags":[],"class_list":["post-10148","post","type-post","status-publish","format-gallery","has-post-thumbnail","hentry","category-actualites","post_format-post-format-gallery"],"acf":[],"yoast_head":"<!-- This site is optimized with the Yoast SEO plugin v27.5 - https:\/\/yoast.com\/product\/yoast-seo-wordpress\/ -->\n<title>Le compte Instagram de la semaine : @madebylon - Blog Cheerz<\/title>\n<meta name=\"robots\" content=\"index, follow, max-snippet:-1, max-image-preview:large, max-video-preview:-1\" \/>\n<link rel=\"canonical\" href=\"https:\/\/cheerz.wpengine.com\/actualites\/insta-week-31\/\" \/>\n<meta property=\"og:locale\" content=\"fr_FR\" \/>\n<meta property=\"og:type\" content=\"article\" \/>\n<meta property=\"og:title\" content=\"Le compte Instagram de la semaine : @madebylon - Blog Cheerz\" \/>\n<meta property=\"og:description\" content=\"Insta ID Pr\u00e9nom : Madelon @ : madebylon Pays : Pays-Bas, aujourd&rsquo;hui Los-Angeles Hello Madelon ! Peux-tu te pr\u00e9senter en quelques mots ? Je m&rsquo;appelle Madelon, je suis mari\u00e9e \u00e0 un mari formidable. Il a fond\u00e9 une entreprise r\u00e9put\u00e9e de chaussures et nous avons ensemble deux jolies t\u00eates blondes. Nous avons r\u00e9cemment d\u00e9m\u00e9nag\u00e9 d&rsquo;Amsterdam pour [&hellip;]\" \/>\n<meta property=\"og:url\" content=\"https:\/\/cheerz.wpengine.com\/actualites\/insta-week-31\/\" \/>\n<meta property=\"og:site_name\" content=\"Blog Cheerz\" \/>\n<meta property=\"article:published_time\" content=\"2014-12-19T12:05:03+00:00\" \/>\n<meta property=\"article:modified_time\" content=\"2019-07-19T14:05:13+00:00\" \/>\n<meta property=\"og:image\" content=\"https:\/\/cheerz.wpengine.com\/wp-content\/uploads\/2014\/12\/capture-decran-2014-12-18-a-18.05.39-1.png\" \/>\n\t<meta property=\"og:image:width\" content=\"604\" \/>\n\t<meta property=\"og:image:height\" content=\"607\" \/>\n\t<meta property=\"og:image:type\" content=\"image\/png\" \/>\n<meta name=\"author\" content=\"Sandra Hebben\" \/>\n<meta name=\"twitter:card\" content=\"summary_large_image\" \/>\n<meta name=\"twitter:label1\" content=\"\u00c9crit par\" \/>\n\t<meta name=\"twitter:data1\" content=\"Sandra Hebben\" \/>\n\t<meta name=\"twitter:label2\" content=\"Dur\u00e9e de lecture estim\u00e9e\" \/>\n\t<meta name=\"twitter:data2\" content=\"2 minutes\" \/>\n<script type=\"application\/ld+json\" class=\"yoast-schema-graph\">{\"@context\":\"https:\\\/\\\/schema.org\",\"@graph\":[{\"@type\":\"Article\",\"@id\":\"https:\\\/\\\/cheerz.wpengine.com\\\/actualites\\\/insta-week-31\\\/#article\",\"isPartOf\":{\"@id\":\"https:\\\/\\\/cheerz.wpengine.com\\\/actualites\\\/insta-week-31\\\/\"},\"author\":{\"name\":\"Sandra Hebben\",\"@id\":\"https:\\\/\\\/cheerz.wpengine.com\\\/#\\\/schema\\\/person\\\/7b9bde04783642a12683670a1fe86309\"},\"headline\":\"Le compte Instagram de la semaine : @madebylon\",\"datePublished\":\"2014-12-19T12:05:03+00:00\",\"dateModified\":\"2019-07-19T14:05:13+00:00\",\"mainEntityOfPage\":{\"@id\":\"https:\\\/\\\/cheerz.wpengine.com\\\/actualites\\\/insta-week-31\\\/\"},\"wordCount\":504,\"image\":{\"@id\":\"https:\\\/\\\/cheerz.wpengine.com\\\/actualites\\\/insta-week-31\\\/#primaryimage\"},\"thumbnailUrl\":\"https:\\\/\\\/cheerz.wpengine.com\\\/wp-content\\\/uploads\\\/2014\\\/12\\\/capture-decran-2014-12-18-a-18.05.39-1.png\",\"articleSection\":[\"Actus\"],\"inLanguage\":\"fr-FR\"},{\"@type\":\"WebPage\",\"@id\":\"https:\\\/\\\/cheerz.wpengine.com\\\/actualites\\\/insta-week-31\\\/\",\"url\":\"https:\\\/\\\/cheerz.wpengine.com\\\/actualites\\\/insta-week-31\\\/\",\"name\":\"Le compte Instagram de la semaine : @madebylon - Blog Cheerz\",\"isPartOf\":{\"@id\":\"https:\\\/\\\/cheerz.wpengine.com\\\/#website\"},\"primaryImageOfPage\":{\"@id\":\"https:\\\/\\\/cheerz.wpengine.com\\\/actualites\\\/insta-week-31\\\/#primaryimage\"},\"image\":{\"@id\":\"https:\\\/\\\/cheerz.wpengine.com\\\/actualites\\\/insta-week-31\\\/#primaryimage\"},\"thumbnailUrl\":\"https:\\\/\\\/cheerz.wpengine.com\\\/wp-content\\\/uploads\\\/2014\\\/12\\\/capture-decran-2014-12-18-a-18.05.39-1.png\",\"datePublished\":\"2014-12-19T12:05:03+00:00\",\"dateModified\":\"2019-07-19T14:05:13+00:00\",\"author\":{\"@id\":\"https:\\\/\\\/cheerz.wpengine.com\\\/#\\\/schema\\\/person\\\/7b9bde04783642a12683670a1fe86309\"},\"breadcrumb\":{\"@id\":\"https:\\\/\\\/cheerz.wpengine.com\\\/actualites\\\/insta-week-31\\\/#breadcrumb\"},\"inLanguage\":\"fr-FR\",\"potentialAction\":[{\"@type\":\"ReadAction\",\"target\":[\"https:\\\/\\\/cheerz.wpengine.com\\\/actualites\\\/insta-week-31\\\/\"]}]},{\"@type\":\"ImageObject\",\"inLanguage\":\"fr-FR\",\"@id\":\"https:\\\/\\\/cheerz.wpengine.com\\\/actualites\\\/insta-week-31\\\/#primaryimage\",\"url\":\"https:\\\/\\\/cheerz.wpengine.com\\\/wp-content\\\/uploads\\\/2014\\\/12\\\/capture-decran-2014-12-18-a-18.05.39-1.png\",\"contentUrl\":\"https:\\\/\\\/cheerz.wpengine.com\\\/wp-content\\\/uploads\\\/2014\\\/12\\\/capture-decran-2014-12-18-a-18.05.39-1.png\",\"width\":604,\"height\":607},{\"@type\":\"BreadcrumbList\",\"@id\":\"https:\\\/\\\/cheerz.wpengine.com\\\/actualites\\\/insta-week-31\\\/#breadcrumb\",\"itemListElement\":[{\"@type\":\"ListItem\",\"position\":1,\"name\":\"Royal Cheerz\",\"item\":\"https:\\\/\\\/cheerz.wpengine.com\\\/\"},{\"@type\":\"ListItem\",\"position\":2,\"name\":\"Actus\",\"item\":\"https:\\\/\\\/cheerz.wpengine.com\\\/categorie\\\/actualites\\\/\"},{\"@type\":\"ListItem\",\"position\":3,\"name\":\"Le compte Instagram de la semaine : @madebylon\"}]},{\"@type\":\"WebSite\",\"@id\":\"https:\\\/\\\/cheerz.wpengine.com\\\/#website\",\"url\":\"https:\\\/\\\/cheerz.wpengine.com\\\/\",\"name\":\"Blog Cheerz\",\"description\":\"Imprimeur de sourires\",\"potentialAction\":[{\"@type\":\"SearchAction\",\"target\":{\"@type\":\"EntryPoint\",\"urlTemplate\":\"https:\\\/\\\/cheerz.wpengine.com\\\/?s={search_term_string}\"},\"query-input\":{\"@type\":\"PropertyValueSpecification\",\"valueRequired\":true,\"valueName\":\"search_term_string\"}}],\"inLanguage\":\"fr-FR\"},{\"@type\":\"Person\",\"@id\":\"https:\\\/\\\/cheerz.wpengine.com\\\/#\\\/schema\\\/person\\\/7b9bde04783642a12683670a1fe86309\",\"name\":\"Sandra Hebben\",\"image\":{\"@type\":\"ImageObject\",\"inLanguage\":\"fr-FR\",\"@id\":\"https:\\\/\\\/secure.gravatar.com\\\/avatar\\\/78e6628b74fca1a9893c89902dbbd52e8a7b93a9994991ed346b5ad52c6b84a8?s=96&d=mm&r=g\",\"url\":\"https:\\\/\\\/secure.gravatar.com\\\/avatar\\\/78e6628b74fca1a9893c89902dbbd52e8a7b93a9994991ed346b5ad52c6b84a8?s=96&d=mm&r=g\",\"contentUrl\":\"https:\\\/\\\/secure.gravatar.com\\\/avatar\\\/78e6628b74fca1a9893c89902dbbd52e8a7b93a9994991ed346b5ad52c6b84a8?s=96&d=mm&r=g\",\"caption\":\"Sandra Hebben\"},\"url\":\"https:\\\/\\\/cheerz.wpengine.com\\\/author\\\/sandra-hebbencheerz-com\\\/\"}]}<\/script>\n<!-- \/ Yoast SEO plugin. -->","yoast_head_json":{"title":"Le compte Instagram de la semaine : @madebylon - Blog Cheerz","robots":{"index":"index","follow":"follow","max-snippet":"max-snippet:-1","max-image-preview":"max-image-preview:large","max-video-preview":"max-video-preview:-1"},"canonical":"https:\/\/cheerz.wpengine.com\/actualites\/insta-week-31\/","og_locale":"fr_FR","og_type":"article","og_title":"Le compte Instagram de la semaine : @madebylon - Blog Cheerz","og_description":"Insta ID Pr\u00e9nom : Madelon @ : madebylon Pays : Pays-Bas, aujourd&rsquo;hui Los-Angeles Hello Madelon ! Peux-tu te pr\u00e9senter en quelques mots ? Je m&rsquo;appelle Madelon, je suis mari\u00e9e \u00e0 un mari formidable. Il a fond\u00e9 une entreprise r\u00e9put\u00e9e de chaussures et nous avons ensemble deux jolies t\u00eates blondes. Nous avons r\u00e9cemment d\u00e9m\u00e9nag\u00e9 d&rsquo;Amsterdam pour [&hellip;]","og_url":"https:\/\/cheerz.wpengine.com\/actualites\/insta-week-31\/","og_site_name":"Blog Cheerz","article_published_time":"2014-12-19T12:05:03+00:00","article_modified_time":"2019-07-19T14:05:13+00:00","og_image":[{"width":604,"height":607,"url":"https:\/\/cheerz.wpengine.com\/wp-content\/uploads\/2014\/12\/capture-decran-2014-12-18-a-18.05.39-1.png","type":"image\/png"}],"author":"Sandra Hebben","twitter_card":"summary_large_image","twitter_misc":{"\u00c9crit par":"Sandra Hebben","Dur\u00e9e de lecture estim\u00e9e":"2 minutes"},"schema":{"@context":"https:\/\/schema.org","@graph":[{"@type":"Article","@id":"https:\/\/cheerz.wpengine.com\/actualites\/insta-week-31\/#article","isPartOf":{"@id":"https:\/\/cheerz.wpengine.com\/actualites\/insta-week-31\/"},"author":{"name":"Sandra Hebben","@id":"https:\/\/cheerz.wpengine.com\/#\/schema\/person\/7b9bde04783642a12683670a1fe86309"},"headline":"Le compte Instagram de la semaine : @madebylon","datePublished":"2014-12-19T12:05:03+00:00","dateModified":"2019-07-19T14:05:13+00:00","mainEntityOfPage":{"@id":"https:\/\/cheerz.wpengine.com\/actualites\/insta-week-31\/"},"wordCount":504,"image":{"@id":"https:\/\/cheerz.wpengine.com\/actualites\/insta-week-31\/#primaryimage"},"thumbnailUrl":"https:\/\/cheerz.wpengine.com\/wp-content\/uploads\/2014\/12\/capture-decran-2014-12-18-a-18.05.39-1.png","articleSection":["Actus"],"inLanguage":"fr-FR"},{"@type":"WebPage","@id":"https:\/\/cheerz.wpengine.com\/actualites\/insta-week-31\/","url":"https:\/\/cheerz.wpengine.com\/actualites\/insta-week-31\/","name":"Le compte Instagram de la semaine : @madebylon - Blog Cheerz","isPartOf":{"@id":"https:\/\/cheerz.wpengine.com\/#website"},"primaryImageOfPage":{"@id":"https:\/\/cheerz.wpengine.com\/actualites\/insta-week-31\/#primaryimage"},"image":{"@id":"https:\/\/cheerz.wpengine.com\/actualites\/insta-week-31\/#primaryimage"},"thumbnailUrl":"https:\/\/cheerz.wpengine.com\/wp-content\/uploads\/2014\/12\/capture-decran-2014-12-18-a-18.05.39-1.png","datePublished":"2014-12-19T12:05:03+00:00","dateModified":"2019-07-19T14:05:13+00:00","author":{"@id":"https:\/\/cheerz.wpengine.com\/#\/schema\/person\/7b9bde04783642a12683670a1fe86309"},"breadcrumb":{"@id":"https:\/\/cheerz.wpengine.com\/actualites\/insta-week-31\/#breadcrumb"},"inLanguage":"fr-FR","potentialAction":[{"@type":"ReadAction","target":["https:\/\/cheerz.wpengine.com\/actualites\/insta-week-31\/"]}]},{"@type":"ImageObject","inLanguage":"fr-FR","@id":"https:\/\/cheerz.wpengine.com\/actualites\/insta-week-31\/#primaryimage","url":"https:\/\/cheerz.wpengine.com\/wp-content\/uploads\/2014\/12\/capture-decran-2014-12-18-a-18.05.39-1.png","contentUrl":"https:\/\/cheerz.wpengine.com\/wp-content\/uploads\/2014\/12\/capture-decran-2014-12-18-a-18.05.39-1.png","width":604,"height":607},{"@type":"BreadcrumbList","@id":"https:\/\/cheerz.wpengine.com\/actualites\/insta-week-31\/#breadcrumb","itemListElement":[{"@type":"ListItem","position":1,"name":"Royal Cheerz","item":"https:\/\/cheerz.wpengine.com\/"},{"@type":"ListItem","position":2,"name":"Actus","item":"https:\/\/cheerz.wpengine.com\/categorie\/actualites\/"},{"@type":"ListItem","position":3,"name":"Le compte Instagram de la semaine : @madebylon"}]},{"@type":"WebSite","@id":"https:\/\/cheerz.wpengine.com\/#website","url":"https:\/\/cheerz.wpengine.com\/","name":"Blog Cheerz","description":"Imprimeur de sourires","potentialAction":[{"@type":"SearchAction","target":{"@type":"EntryPoint","urlTemplate":"https:\/\/cheerz.wpengine.com\/?s={search_term_string}"},"query-input":{"@type":"PropertyValueSpecification","valueRequired":true,"valueName":"search_term_string"}}],"inLanguage":"fr-FR"},{"@type":"Person","@id":"https:\/\/cheerz.wpengine.com\/#\/schema\/person\/7b9bde04783642a12683670a1fe86309","name":"Sandra Hebben","image":{"@type":"ImageObject","inLanguage":"fr-FR","@id":"https:\/\/secure.gravatar.com\/avatar\/78e6628b74fca1a9893c89902dbbd52e8a7b93a9994991ed346b5ad52c6b84a8?s=96&d=mm&r=g","url":"https:\/\/secure.gravatar.com\/avatar\/78e6628b74fca1a9893c89902dbbd52e8a7b93a9994991ed346b5ad52c6b84a8?s=96&d=mm&r=g","contentUrl":"https:\/\/secure.gravatar.com\/avatar\/78e6628b74fca1a9893c89902dbbd52e8a7b93a9994991ed346b5ad52c6b84a8?s=96&d=mm&r=g","caption":"Sandra Hebben"},"url":"https:\/\/cheerz.wpengine.com\/author\/sandra-hebbencheerz-com\/"}]}},"modified_by":null,"_links":{"self":[{"href":"https:\/\/cheerz.wpengine.com\/wp-json\/wp\/v2\/posts\/10148","targetHints":{"allow":["GET"]}}],"collection":[{"href":"https:\/\/cheerz.wpengine.com\/wp-json\/wp\/v2\/posts"}],"about":[{"href":"https:\/\/cheerz.wpengine.com\/wp-json\/wp\/v2\/types\/post"}],"author":[{"embeddable":true,"href":"https:\/\/cheerz.wpengine.com\/wp-json\/wp\/v2\/users\/19"}],"replies":[{"embeddable":true,"href":"https:\/\/cheerz.wpengine.com\/wp-json\/wp\/v2\/comments?post=10148"}],"version-history":[{"count":0,"href":"https:\/\/cheerz.wpengine.com\/wp-json\/wp\/v2\/posts\/10148\/revisions"}],"wp:featuredmedia":[{"embeddable":true,"href":"https:\/\/cheerz.wpengine.com\/wp-json\/wp\/v2\/media\/15045"}],"wp:attachment":[{"href":"https:\/\/cheerz.wpengine.com\/wp-json\/wp\/v2\/media?parent=10148"}],"wp:term":[{"taxonomy":"category","embeddable":true,"href":"https:\/\/cheerz.wpengine.com\/wp-json\/wp\/v2\/categories?post=10148"},{"taxonomy":"post_tag","embeddable":true,"href":"https:\/\/cheerz.wpengine.com\/wp-json\/wp\/v2\/tags?post=10148"}],"curies":[{"name":"wp","href":"https:\/\/api.w.org\/{rel}","templated":true}]}}