
{"id":17379,"date":"2023-06-16T12:05:58","date_gmt":"2023-06-16T10:05:58","guid":{"rendered":"https:\/\/montadito.cheerz.com\/?p=17379"},"modified":"2023-09-14T16:50:14","modified_gmt":"2023-09-14T14:50:14","slug":"las-10-fotos-que-han-hecho-historia","status":"publish","type":"post","link":"https:\/\/esblog.cheerz.com\/actualidad\/las-10-fotos-que-han-hecho-historia\/","title":{"rendered":"\u00a1Las 10 fotos que han hecho historia!"},"content":{"rendered":"<div class=\"jl_single_style2\">\n<div class=\"single_post_entry_content single_bellow_left_align jl_top_single_title jl_top_title_feature\">\n<h1 class=\"single_post_title_main\"><span style=\"font-size: 16px; font-weight: 400;\">La fotograf\u00eda permite expresar emociones: alegr\u00eda, tristeza, risa&#8230; \u00a1sin decir una palabra! Por eso nos encanta la expresi\u00f3n \u00ab\u00a0\u00a1Una imagen vale m\u00e1s que mil palabras! La historia de la fotograf\u00eda ha estado marcada por muchas fotos, que han quedado grabadas en nuestra memoria. En esta \u00e9poca de redes sociales y fotos retocadas y menos espont\u00e1neas, echamos un vistazo a las fotos que han marcado su \u00e9poca. \u00a1Descubre <\/span><strong style=\"font-size: 16px;\">10 fotos que han dejado huella en la historia moderna!<\/strong><\/h1>\n<\/div>\n<\/div>\n<div class=\"post_content\">\n<h3>\u00cdndice<\/h3>\n<h4>\u00a1Top 10 fotos que han hecho historia!<\/h4>\n<ul>\n<li><strong>Selfie en los Oscar <\/strong><\/li>\n<li><strong>La boda real en 2011<\/strong><\/li>\n<li><strong>La primera foto publicada en instagram<\/strong><\/li>\n<li><strong>\u00a1La foto que hace m\u00e1s feliz a la gente del mundo!<\/strong><\/li>\n<li><strong>La foto de los \u00ab\u00a0Pilares de la Creaci\u00f3n\u00a0\u00bb captada por el telescopio de la NASA en 1995 <\/strong><\/li>\n<li><strong>Muhammad Ali contra Sonny Liston en 1965: una lucha de titanes<\/strong><\/li>\n<li><strong>La \u00ab\u00a0<b>Pillow Fight<\/b>\u00a0\u00bb de los Beatles <\/strong><\/li>\n<li><strong>Marilyn Monroe <\/strong><\/li>\n<li><strong>El retrato caricaturesco de Albert Einstein<\/strong><\/li>\n<li><strong>El beso de Robert Doisneau<\/strong><\/li>\n<\/ul>\n<h2><strong>Selfie en los Oscar <\/strong><\/h2>\n<p><img decoding=\"async\" class=\"aligncenter wp-image-18307 size-full\" src=\"https:\/\/royal.cheerz.com\/wp-content\/uploads\/2023\/05\/2-3-scaled.jpg\" alt=\"\" width=\"2048\" height=\"1627\" \/><\/p>\n<p>La foto ha sido vista <strong>37 millones de veces<\/strong> y compartida m\u00e1s de <strong>3,4 millones de veces<\/strong> en Twitter. \u00a1Un selfie de r\u00e9cord! Una foto tomada por iniciativa de Ellen DeGeneres en la ceremonia de los Oscar de 2014 con un cartel bastante repleto de estrellas: \u00a1Lupita Nyong&rsquo;o, Jared Leto, Jennifer Lawrence, Meryl Streep, Julia Roberts, Brad Pitt, Angelina Jolie y Bradley Cooper!<\/p>\n<p>\u00bfPensabas que esta foto hab\u00eda sido tomada espont\u00e1neamente? Pues resulta que la foto era en realidad <strong>una acci\u00f3n comercial<\/strong> orquestada por Samsung, \u00a1el patrocinador de la velada! Este emplazamiento publicitario le habr\u00eda hecho ganar a Samsung 1.000 millones de d\u00f3lares. \u00a1Menudo truco!<\/p>\n<h2><strong>La boda real en 2011<\/strong><\/h2>\n<p><img decoding=\"async\" class=\"aligncenter wp-image-18306 size-full\" src=\"https:\/\/royal.cheerz.com\/wp-content\/uploads\/2023\/05\/3-3-scaled.jpg\" alt=\"\" width=\"2048\" height=\"1627\" \/><\/p>\n<p>La boda real, apodada \u00ab\u00a0<strong>la boda del siglo<\/strong>\u00ab\u00a0, se celebr\u00f3 el 29 de abril de 2011 en la Abad\u00eda de Westminster ante casi <strong>dos mil millones de telespectadores de todo el mundo<\/strong>. Es la primera vez en 400 a\u00f1os que una persona ajena a la realeza se casa con un heredero. Es hora de plantearse la pregunta candente: <strong>\u00bfteam Guillermo y Kate o team Harry y Meghan?<\/strong><\/p>\n<h2><strong>La primera foto publicada en Instagram<\/strong><\/h2>\n<p><img decoding=\"async\" class=\"aligncenter wp-image-18309 size-full\" src=\"https:\/\/royal.cheerz.com\/wp-content\/uploads\/2023\/05\/4-3-scaled.jpg\" alt=\"\" width=\"2048\" height=\"1627\" \/><\/p>\n<p>La primera foto publicada en Instagram fue tomada el<strong> 16 de julio de 2010<\/strong> por uno de los fundadores de la red social,<strong> Kevin Systrom<\/strong>. La sencilla instant\u00e1nea muestra a su Golden Retriever a los pies de su novia. Fue tomada cerca de un puesto de tacos en Todos Santos, M\u00e9xico. La aplicaci\u00f3n se lanz\u00f3 oficialmente en octubre de ese mismo a\u00f1o. Despu\u00e9s dijo: \u00ab\u00a0Si hubiera sabido que esta iba a ser la primera foto publicada en Instagram, \u00a1creo que me habr\u00eda esforzado un poco!\u00a0\u00bb.<\/p>\n<h2>\u00a1La foto que hace m\u00e1s feliz a la gente del mundo!<\/h2>\n<p><img decoding=\"async\" class=\"aligncenter wp-image-18314 size-full\" src=\"https:\/\/royal.cheerz.com\/wp-content\/uploads\/2023\/05\/5-3-scaled.jpg\" alt=\"\" width=\"2048\" height=\"1627\" \/><\/p>\n<p>\u00bfT\u00fa tambi\u00e9n sonre\u00edste inmediatamente al ver esta foto? Seg\u00fan una encuesta realizada por Coca-Cola para su campa\u00f1a \u00ab\u00a0ChooseHappiness\u00a0\u00bb en colaboraci\u00f3n con el psic\u00f3logo Simon Moore, <strong>\u00a1esta foto de una ardilla es la que m\u00e1s felices nos hace cuando la miramos!<\/strong><\/p>\n<p>Seg\u00fan Simon Moore, esta foto nos hace felices porque combina <strong>4 criterios importantes<\/strong> para estimular nuestro bienestar: <strong>Las sonrisas contagiosas<\/strong> de la pareja del fondo, la ardilla demasiado mona, el paisaje y la naturaleza que nos dan una <strong>sensaci\u00f3n de serenidad<\/strong> y el efecto sorpresa proporcionado por esta peque\u00f1a ardilla \u00a1que nos hace re\u00edr! Nuevo prop\u00f3sito: mirar esta foto todos los lunes por la ma\u00f1ana para empezar la semana con una sonrisa.<\/p>\n<h2><strong>La foto de los \u00ab\u00a0Pilares de la Creaci\u00f3n\u00a0\u00bb captada por el telescopio de la NASA en 1995 <\/strong><\/h2>\n<p><img decoding=\"async\" class=\"aligncenter wp-image-18304 size-full\" src=\"https:\/\/royal.cheerz.com\/wp-content\/uploads\/2023\/05\/6-3-scaled.jpg\" alt=\"\" width=\"2048\" height=\"1627\" \/><\/p>\n<p>Los \u00ab\u00a0Pilares de la Creaci\u00f3n\u00a0\u00bb es una imagen tomada por el t<strong>elescopio de la NASA en 1995<\/strong>. Estos \u00ab\u00a0pilares\u00a0\u00bb son en realidad<strong> nubes de polvo interestelares<\/strong>. Son inmensas estructuras de gas y polvo, repletas de estrellas en proceso de formaci\u00f3n. Se encuentran a 6.500 a\u00f1os luz de la Tierra, en nuestra galaxia, la V\u00eda L\u00e1ctea. \u00bfEst\u00e1s pensando ahora en la pel\u00edcula 2001: Una odisea del espacio?<\/p>\n<h2>Mohammed Ali vs. Sonny Liston en 1965<\/h2>\n<p><img decoding=\"async\" class=\"aligncenter wp-image-18305 size-full\" src=\"https:\/\/royal.cheerz.com\/wp-content\/uploads\/2023\/05\/7-3-scaled.jpg\" alt=\"\" width=\"2048\" height=\"1627\" \/><\/p>\n<p>He aqu\u00ed una foto de la leyenda del boxeo <strong>Muhammad Ali \u00a0\u00bb The Greatest\u00a0\u00bb<\/strong>, a\u00fan de pie tras noquear a su oponente Sonny Liston en 1965. Tomada por el fot\u00f3grafo Neil Leifer el<strong> 25 de mayo de 1965<\/strong>, esta foto marc\u00f3 la historia de este deporte al inmortalizar la <strong>ic\u00f3nica victoria de un tit\u00e1n<\/strong>. El combate tambi\u00e9n fue muy controvertido, ya que algunos lo calificaron de pelea ama\u00f1ada. Se dice que el ex campe\u00f3n del mundo, Sonny Liston, solt\u00f3 un derechazo de Muhammad Ali que \u00ab\u00a0no har\u00eda da\u00f1o ni a una mosca\u00a0\u00bb. El famoso \u201cphantom punch\u201d (pu\u00f1etazo fantasma).<\/p>\n<h2><strong>La \u00ab\u00a0<b>Pillow Fight<\/b>\u00a0\u00bb de los Beatles <\/strong><\/h2>\n<p><img decoding=\"async\" class=\"aligncenter wp-image-18310 size-full\" src=\"https:\/\/royal.cheerz.com\/wp-content\/uploads\/2023\/05\/8-2-scaled.jpg\" alt=\"\" width=\"2048\" height=\"1627\" \/><\/p>\n<p>Esta es la legendaria foto de <strong>la pelea de almohadas de los Beatles<\/strong>, inmortalizada por el famoso fot\u00f3grafo escoc\u00e9s Harry Benson el 30 de junio de 1964 en el hotel George-V de Par\u00eds. Ese a\u00f1o, la <strong>legendaria banda de rock<\/strong> ofreci\u00f3 una serie de conciertos en el Olympia. La foto dio la vuelta al mundo y se expuso en un homenaje a Harry Benson en el Four Seasons H\u00f4tel George-V en 2014.<\/p>\n<h2>Marilyn Monroe<\/h2>\n<p><img decoding=\"async\" class=\"aligncenter wp-image-18313 size-full\" src=\"https:\/\/royal.cheerz.com\/wp-content\/uploads\/2023\/05\/9-scaled.jpg\" alt=\"\" width=\"2048\" height=\"1627\" \/><\/p>\n<p>Una de las escenas m\u00e1s <strong>ic\u00f3nicas de Hollywood: el vestido blanco de Marilyn Monroe<\/strong> levant\u00e1ndose al pasar por encima de una rejilla del metro de Nueva York. La escena tiene lugar en la pel\u00edcula del director Billy Wilder \u00ab\u00a0<strong>La tentaci\u00f3n vive arriba<\/strong>\u00ab\u00a0, de 1955. La foto, tomada en 1954, fue obra del fot\u00f3grafo Sam Shaw, que recibi\u00f3 el encargo de utilizar una escena de la pel\u00edcula para lanzar una campa\u00f1a promocional. La foto dej\u00f3 una huella indeleble en la cultura pop. Eso es lo que llamamos una idea de genio.<\/p>\n<h2><strong>El retrato caricaturesco de Albert Einstein<\/strong><\/h2>\n<p><img decoding=\"async\" class=\"aligncenter wp-image-18312 size-full\" src=\"https:\/\/royal.cheerz.com\/wp-content\/uploads\/2023\/05\/10-scaled.jpg\" alt=\"\" width=\"2048\" height=\"1627\" \/><\/p>\n<p>Hablando de genios, esta famosa foto de <strong>Albert Einstein sacando la lengua a la c\u00e1mara<\/strong> fue tomada el 14 de marzo de 1951. Fue tomada el d\u00eda de su <strong>72 cumplea\u00f1os<\/strong>, en una fiesta organizada en su honor en el Instituto de Estudios Avanzados de Princeton. Fue el fot\u00f3grafo Arthur Sasse quien logr\u00f3 captar esta foto. La imagen se ha convertido en una de las fotograf\u00edas de prensa m\u00e1s famosas de la historia.<\/p>\n<h2><strong>El beso de Robert Doisneau<\/strong><\/h2>\n<p><img decoding=\"async\" class=\"aligncenter wp-image-18311 size-full\" src=\"https:\/\/royal.cheerz.com\/wp-content\/uploads\/2023\/05\/11-scaled.jpg\" alt=\"\" width=\"2048\" height=\"1627\" \/><\/p>\n<p><em><strong>El beso<\/strong><\/em> es una fotograf\u00eda en blanco y negro tomada por el fot\u00f3grafo franc\u00e9s <strong>Robert Doisneau<\/strong> en 1950. El beso fue una sublime puesta en escena encargada por la revista Life, cuyo tema era<em> <strong>El amor en Par\u00eds<\/strong><\/em> en primavera. Se vendieron 410.000 carteles de esta foto en todo el mundo: \u00a1un r\u00e9cord mundial!<\/p>\n<p>Y ya est\u00e1. Estas 10 fotograf\u00edas han dejado su huella en la historia y en nuestra memoria. Son testimonio de un acontecimiento que dej\u00f3 huella en nuestras mentes, y cuando las miramos, \u00a1tambi\u00e9n revivimos una parte de esas vivencias! Y t\u00fa, \u00bfcu\u00e1les son las fotos que m\u00e1s te han impresionado?<\/p>\n<\/div>\n","protected":false},"excerpt":{"rendered":"<p>La fotograf\u00eda permite expresar emociones: alegr\u00eda, tristeza, risa&#8230; \u00a1sin decir una palabra! Por eso nos encanta la expresi\u00f3n \u00ab\u00a0\u00a1Una imagen vale m\u00e1s que mil palabras! La historia de la fotograf\u00eda ha estado marcada por muchas fotos, que han quedado grabadas en nuestra memoria. En esta \u00e9poca de redes sociales y fotos retocadas y menos espont\u00e1neas, [&hellip;]<\/p>\n","protected":false},"author":21,"featured_media":17381,"comment_status":"closed","ping_status":"closed","sticky":false,"template":"","format":"standard","meta":{"_acf_changed":false,"footnotes":""},"categories":[71],"tags":[],"class_list":["post-17379","post","type-post","status-publish","format-standard","has-post-thumbnail","hentry","category-actualidad"],"acf":[],"yoast_head":"<!-- This site is optimized with the Yoast SEO plugin v27.5 - https:\/\/yoast.com\/product\/yoast-seo-wordpress\/ -->\n<title>\u00a1Las 10 fotos que han hecho historia! - Montadito Cheerz<\/title>\n<meta name=\"robots\" content=\"index, follow, max-snippet:-1, max-image-preview:large, max-video-preview:-1\" \/>\n<link rel=\"canonical\" href=\"https:\/\/esblog.cheerz.com\/actualidad\/las-10-fotos-que-han-hecho-historia\/\" \/>\n<meta property=\"og:locale\" content=\"fr_FR\" \/>\n<meta property=\"og:type\" content=\"article\" \/>\n<meta property=\"og:title\" content=\"\u00a1Las 10 fotos que han hecho historia! - Montadito Cheerz\" \/>\n<meta property=\"og:description\" content=\"La fotograf\u00eda permite expresar emociones: alegr\u00eda, tristeza, risa&#8230; \u00a1sin decir una palabra! Por eso nos encanta la expresi\u00f3n \u00ab\u00a0\u00a1Una imagen vale m\u00e1s que mil palabras! La historia de la fotograf\u00eda ha estado marcada por muchas fotos, que han quedado grabadas en nuestra memoria. En esta \u00e9poca de redes sociales y fotos retocadas y menos espont\u00e1neas, [&hellip;]\" \/>\n<meta property=\"og:url\" content=\"https:\/\/esblog.cheerz.com\/actualidad\/las-10-fotos-que-han-hecho-historia\/\" \/>\n<meta property=\"og:site_name\" content=\"Montadito Cheerz\" \/>\n<meta property=\"article:published_time\" content=\"2023-06-16T10:05:58+00:00\" \/>\n<meta property=\"article:modified_time\" content=\"2023-09-14T14:50:14+00:00\" \/>\n<meta property=\"og:image\" content=\"https:\/\/esblog.cheerz.com\/wp-content\/uploads\/2023\/06\/Template-blog-v2-5-scaled.jpg\" \/>\n\t<meta property=\"og:image:width\" content=\"2048\" \/>\n\t<meta property=\"og:image:height\" content=\"1627\" \/>\n\t<meta property=\"og:image:type\" content=\"image\/jpeg\" \/>\n<meta name=\"author\" content=\"Qui Marin Larios\" \/>\n<meta name=\"twitter:card\" content=\"summary_large_image\" \/>\n<meta name=\"twitter:label1\" content=\"\u00c9crit par\" \/>\n\t<meta name=\"twitter:data1\" content=\"Qui Marin Larios\" \/>\n\t<meta name=\"twitter:label2\" content=\"Dur\u00e9e de lecture estim\u00e9e\" \/>\n\t<meta name=\"twitter:data2\" content=\"6 minutes\" \/>\n<script type=\"application\/ld+json\" class=\"yoast-schema-graph\">{\"@context\":\"https:\\\/\\\/schema.org\",\"@graph\":[{\"@type\":\"Article\",\"@id\":\"https:\\\/\\\/esblog.cheerz.com\\\/actualidad\\\/las-10-fotos-que-han-hecho-historia\\\/#article\",\"isPartOf\":{\"@id\":\"https:\\\/\\\/esblog.cheerz.com\\\/actualidad\\\/las-10-fotos-que-han-hecho-historia\\\/\"},\"author\":{\"name\":\"Qui Marin Larios\",\"@id\":\"https:\\\/\\\/esblog.cheerz.com\\\/#\\\/schema\\\/person\\\/bd79f5feadc6426ac8e02c427e4a84ba\"},\"headline\":\"\u00a1Las 10 fotos que han hecho historia!\",\"datePublished\":\"2023-06-16T10:05:58+00:00\",\"dateModified\":\"2023-09-14T14:50:14+00:00\",\"mainEntityOfPage\":{\"@id\":\"https:\\\/\\\/esblog.cheerz.com\\\/actualidad\\\/las-10-fotos-que-han-hecho-historia\\\/\"},\"wordCount\":1152,\"image\":{\"@id\":\"https:\\\/\\\/esblog.cheerz.com\\\/actualidad\\\/las-10-fotos-que-han-hecho-historia\\\/#primaryimage\"},\"thumbnailUrl\":\"https:\\\/\\\/esblog.cheerz.com\\\/wp-content\\\/uploads\\\/2023\\\/06\\\/Template-blog-v2-5-scaled.jpg\",\"articleSection\":[\"Actualidad\"],\"inLanguage\":\"fr-FR\"},{\"@type\":\"WebPage\",\"@id\":\"https:\\\/\\\/esblog.cheerz.com\\\/actualidad\\\/las-10-fotos-que-han-hecho-historia\\\/\",\"url\":\"https:\\\/\\\/esblog.cheerz.com\\\/actualidad\\\/las-10-fotos-que-han-hecho-historia\\\/\",\"name\":\"\u00a1Las 10 fotos que han hecho historia! - Montadito Cheerz\",\"isPartOf\":{\"@id\":\"https:\\\/\\\/esblog.cheerz.com\\\/#website\"},\"primaryImageOfPage\":{\"@id\":\"https:\\\/\\\/esblog.cheerz.com\\\/actualidad\\\/las-10-fotos-que-han-hecho-historia\\\/#primaryimage\"},\"image\":{\"@id\":\"https:\\\/\\\/esblog.cheerz.com\\\/actualidad\\\/las-10-fotos-que-han-hecho-historia\\\/#primaryimage\"},\"thumbnailUrl\":\"https:\\\/\\\/esblog.cheerz.com\\\/wp-content\\\/uploads\\\/2023\\\/06\\\/Template-blog-v2-5-scaled.jpg\",\"datePublished\":\"2023-06-16T10:05:58+00:00\",\"dateModified\":\"2023-09-14T14:50:14+00:00\",\"author\":{\"@id\":\"https:\\\/\\\/esblog.cheerz.com\\\/#\\\/schema\\\/person\\\/bd79f5feadc6426ac8e02c427e4a84ba\"},\"breadcrumb\":{\"@id\":\"https:\\\/\\\/esblog.cheerz.com\\\/actualidad\\\/las-10-fotos-que-han-hecho-historia\\\/#breadcrumb\"},\"inLanguage\":\"fr-FR\",\"potentialAction\":[{\"@type\":\"ReadAction\",\"target\":[\"https:\\\/\\\/esblog.cheerz.com\\\/actualidad\\\/las-10-fotos-que-han-hecho-historia\\\/\"]}]},{\"@type\":\"ImageObject\",\"inLanguage\":\"fr-FR\",\"@id\":\"https:\\\/\\\/esblog.cheerz.com\\\/actualidad\\\/las-10-fotos-que-han-hecho-historia\\\/#primaryimage\",\"url\":\"https:\\\/\\\/esblog.cheerz.com\\\/wp-content\\\/uploads\\\/2023\\\/06\\\/Template-blog-v2-5-scaled.jpg\",\"contentUrl\":\"https:\\\/\\\/esblog.cheerz.com\\\/wp-content\\\/uploads\\\/2023\\\/06\\\/Template-blog-v2-5-scaled.jpg\",\"width\":2048,\"height\":1627},{\"@type\":\"BreadcrumbList\",\"@id\":\"https:\\\/\\\/esblog.cheerz.com\\\/actualidad\\\/las-10-fotos-que-han-hecho-historia\\\/#breadcrumb\",\"itemListElement\":[{\"@type\":\"ListItem\",\"position\":1,\"name\":\"Royal Cheerz\",\"item\":\"https:\\\/\\\/esblog.cheerz.com\\\/\"},{\"@type\":\"ListItem\",\"position\":2,\"name\":\"Actualidad\",\"item\":\"https:\\\/\\\/esblog.cheerz.com\\\/categorie\\\/actualidad\\\/\"},{\"@type\":\"ListItem\",\"position\":3,\"name\":\"\u00a1Las 10 fotos que han hecho historia!\"}]},{\"@type\":\"WebSite\",\"@id\":\"https:\\\/\\\/esblog.cheerz.com\\\/#website\",\"url\":\"https:\\\/\\\/esblog.cheerz.com\\\/\",\"name\":\"Montadito Cheerz\",\"description\":\"\",\"potentialAction\":[{\"@type\":\"SearchAction\",\"target\":{\"@type\":\"EntryPoint\",\"urlTemplate\":\"https:\\\/\\\/esblog.cheerz.com\\\/?s={search_term_string}\"},\"query-input\":{\"@type\":\"PropertyValueSpecification\",\"valueRequired\":true,\"valueName\":\"search_term_string\"}}],\"inLanguage\":\"fr-FR\"},{\"@type\":\"Person\",\"@id\":\"https:\\\/\\\/esblog.cheerz.com\\\/#\\\/schema\\\/person\\\/bd79f5feadc6426ac8e02c427e4a84ba\",\"name\":\"Qui Marin Larios\",\"image\":{\"@type\":\"ImageObject\",\"inLanguage\":\"fr-FR\",\"@id\":\"https:\\\/\\\/secure.gravatar.com\\\/avatar\\\/fa7ed7faba90c6d30c5cacf4b4653f9f4a9111bc59960b5aaf71342302b0cac9?s=96&d=mm&r=g\",\"url\":\"https:\\\/\\\/secure.gravatar.com\\\/avatar\\\/fa7ed7faba90c6d30c5cacf4b4653f9f4a9111bc59960b5aaf71342302b0cac9?s=96&d=mm&r=g\",\"contentUrl\":\"https:\\\/\\\/secure.gravatar.com\\\/avatar\\\/fa7ed7faba90c6d30c5cacf4b4653f9f4a9111bc59960b5aaf71342302b0cac9?s=96&d=mm&r=g\",\"caption\":\"Qui Marin Larios\"},\"url\":\"https:\\\/\\\/esblog.cheerz.com\\\/author\\\/qui-marinlarios\\\/\"}]}<\/script>\n<!-- \/ Yoast SEO plugin. -->","yoast_head_json":{"title":"\u00a1Las 10 fotos que han hecho historia! - Montadito Cheerz","robots":{"index":"index","follow":"follow","max-snippet":"max-snippet:-1","max-image-preview":"max-image-preview:large","max-video-preview":"max-video-preview:-1"},"canonical":"https:\/\/esblog.cheerz.com\/actualidad\/las-10-fotos-que-han-hecho-historia\/","og_locale":"fr_FR","og_type":"article","og_title":"\u00a1Las 10 fotos que han hecho historia! - Montadito Cheerz","og_description":"La fotograf\u00eda permite expresar emociones: alegr\u00eda, tristeza, risa&#8230; \u00a1sin decir una palabra! Por eso nos encanta la expresi\u00f3n \u00ab\u00a0\u00a1Una imagen vale m\u00e1s que mil palabras! La historia de la fotograf\u00eda ha estado marcada por muchas fotos, que han quedado grabadas en nuestra memoria. En esta \u00e9poca de redes sociales y fotos retocadas y menos espont\u00e1neas, [&hellip;]","og_url":"https:\/\/esblog.cheerz.com\/actualidad\/las-10-fotos-que-han-hecho-historia\/","og_site_name":"Montadito Cheerz","article_published_time":"2023-06-16T10:05:58+00:00","article_modified_time":"2023-09-14T14:50:14+00:00","og_image":[{"width":2048,"height":1627,"url":"https:\/\/esblog.cheerz.com\/wp-content\/uploads\/2023\/06\/Template-blog-v2-5-scaled.jpg","type":"image\/jpeg"}],"author":"Qui Marin Larios","twitter_card":"summary_large_image","twitter_misc":{"\u00c9crit par":"Qui Marin Larios","Dur\u00e9e de lecture estim\u00e9e":"6 minutes"},"schema":{"@context":"https:\/\/schema.org","@graph":[{"@type":"Article","@id":"https:\/\/esblog.cheerz.com\/actualidad\/las-10-fotos-que-han-hecho-historia\/#article","isPartOf":{"@id":"https:\/\/esblog.cheerz.com\/actualidad\/las-10-fotos-que-han-hecho-historia\/"},"author":{"name":"Qui Marin Larios","@id":"https:\/\/esblog.cheerz.com\/#\/schema\/person\/bd79f5feadc6426ac8e02c427e4a84ba"},"headline":"\u00a1Las 10 fotos que han hecho historia!","datePublished":"2023-06-16T10:05:58+00:00","dateModified":"2023-09-14T14:50:14+00:00","mainEntityOfPage":{"@id":"https:\/\/esblog.cheerz.com\/actualidad\/las-10-fotos-que-han-hecho-historia\/"},"wordCount":1152,"image":{"@id":"https:\/\/esblog.cheerz.com\/actualidad\/las-10-fotos-que-han-hecho-historia\/#primaryimage"},"thumbnailUrl":"https:\/\/esblog.cheerz.com\/wp-content\/uploads\/2023\/06\/Template-blog-v2-5-scaled.jpg","articleSection":["Actualidad"],"inLanguage":"fr-FR"},{"@type":"WebPage","@id":"https:\/\/esblog.cheerz.com\/actualidad\/las-10-fotos-que-han-hecho-historia\/","url":"https:\/\/esblog.cheerz.com\/actualidad\/las-10-fotos-que-han-hecho-historia\/","name":"\u00a1Las 10 fotos que han hecho historia! - Montadito Cheerz","isPartOf":{"@id":"https:\/\/esblog.cheerz.com\/#website"},"primaryImageOfPage":{"@id":"https:\/\/esblog.cheerz.com\/actualidad\/las-10-fotos-que-han-hecho-historia\/#primaryimage"},"image":{"@id":"https:\/\/esblog.cheerz.com\/actualidad\/las-10-fotos-que-han-hecho-historia\/#primaryimage"},"thumbnailUrl":"https:\/\/esblog.cheerz.com\/wp-content\/uploads\/2023\/06\/Template-blog-v2-5-scaled.jpg","datePublished":"2023-06-16T10:05:58+00:00","dateModified":"2023-09-14T14:50:14+00:00","author":{"@id":"https:\/\/esblog.cheerz.com\/#\/schema\/person\/bd79f5feadc6426ac8e02c427e4a84ba"},"breadcrumb":{"@id":"https:\/\/esblog.cheerz.com\/actualidad\/las-10-fotos-que-han-hecho-historia\/#breadcrumb"},"inLanguage":"fr-FR","potentialAction":[{"@type":"ReadAction","target":["https:\/\/esblog.cheerz.com\/actualidad\/las-10-fotos-que-han-hecho-historia\/"]}]},{"@type":"ImageObject","inLanguage":"fr-FR","@id":"https:\/\/esblog.cheerz.com\/actualidad\/las-10-fotos-que-han-hecho-historia\/#primaryimage","url":"https:\/\/esblog.cheerz.com\/wp-content\/uploads\/2023\/06\/Template-blog-v2-5-scaled.jpg","contentUrl":"https:\/\/esblog.cheerz.com\/wp-content\/uploads\/2023\/06\/Template-blog-v2-5-scaled.jpg","width":2048,"height":1627},{"@type":"BreadcrumbList","@id":"https:\/\/esblog.cheerz.com\/actualidad\/las-10-fotos-que-han-hecho-historia\/#breadcrumb","itemListElement":[{"@type":"ListItem","position":1,"name":"Royal Cheerz","item":"https:\/\/esblog.cheerz.com\/"},{"@type":"ListItem","position":2,"name":"Actualidad","item":"https:\/\/esblog.cheerz.com\/categorie\/actualidad\/"},{"@type":"ListItem","position":3,"name":"\u00a1Las 10 fotos que han hecho historia!"}]},{"@type":"WebSite","@id":"https:\/\/esblog.cheerz.com\/#website","url":"https:\/\/esblog.cheerz.com\/","name":"Montadito Cheerz","description":"","potentialAction":[{"@type":"SearchAction","target":{"@type":"EntryPoint","urlTemplate":"https:\/\/esblog.cheerz.com\/?s={search_term_string}"},"query-input":{"@type":"PropertyValueSpecification","valueRequired":true,"valueName":"search_term_string"}}],"inLanguage":"fr-FR"},{"@type":"Person","@id":"https:\/\/esblog.cheerz.com\/#\/schema\/person\/bd79f5feadc6426ac8e02c427e4a84ba","name":"Qui Marin Larios","image":{"@type":"ImageObject","inLanguage":"fr-FR","@id":"https:\/\/secure.gravatar.com\/avatar\/fa7ed7faba90c6d30c5cacf4b4653f9f4a9111bc59960b5aaf71342302b0cac9?s=96&d=mm&r=g","url":"https:\/\/secure.gravatar.com\/avatar\/fa7ed7faba90c6d30c5cacf4b4653f9f4a9111bc59960b5aaf71342302b0cac9?s=96&d=mm&r=g","contentUrl":"https:\/\/secure.gravatar.com\/avatar\/fa7ed7faba90c6d30c5cacf4b4653f9f4a9111bc59960b5aaf71342302b0cac9?s=96&d=mm&r=g","caption":"Qui Marin Larios"},"url":"https:\/\/esblog.cheerz.com\/author\/qui-marinlarios\/"}]}},"_links":{"self":[{"href":"https:\/\/esblog.cheerz.com\/wp-json\/wp\/v2\/posts\/17379","targetHints":{"allow":["GET"]}}],"collection":[{"href":"https:\/\/esblog.cheerz.com\/wp-json\/wp\/v2\/posts"}],"about":[{"href":"https:\/\/esblog.cheerz.com\/wp-json\/wp\/v2\/types\/post"}],"author":[{"embeddable":true,"href":"https:\/\/esblog.cheerz.com\/wp-json\/wp\/v2\/users\/21"}],"replies":[{"embeddable":true,"href":"https:\/\/esblog.cheerz.com\/wp-json\/wp\/v2\/comments?post=17379"}],"version-history":[{"count":0,"href":"https:\/\/esblog.cheerz.com\/wp-json\/wp\/v2\/posts\/17379\/revisions"}],"wp:featuredmedia":[{"embeddable":true,"href":"https:\/\/esblog.cheerz.com\/wp-json\/wp\/v2\/media\/17381"}],"wp:attachment":[{"href":"https:\/\/esblog.cheerz.com\/wp-json\/wp\/v2\/media?parent=17379"}],"wp:term":[{"taxonomy":"category","embeddable":true,"href":"https:\/\/esblog.cheerz.com\/wp-json\/wp\/v2\/categories?post=17379"},{"taxonomy":"post_tag","embeddable":true,"href":"https:\/\/esblog.cheerz.com\/wp-json\/wp\/v2\/tags?post=17379"}],"curies":[{"name":"wp","href":"https:\/\/api.w.org\/{rel}","templated":true}]}}