
{"id":17222,"date":"2022-06-27T17:06:10","date_gmt":"2022-06-27T15:06:10","guid":{"rendered":"https:\/\/montadito.cheerz.com\/?p=17222"},"modified":"2022-06-27T17:09:25","modified_gmt":"2022-06-27T15:09:25","slug":"entrevista-de-nuestra-embajadora-my_littleessence","status":"publish","type":"post","link":"https:\/\/esblog.cheerz.com\/actualidad\/entrevista-de-nuestra-embajadora-my_littleessence\/","title":{"rendered":"Entrevista de nuestra embajadora @my_littleessence"},"content":{"rendered":"<p><strong>\u00bfPuedes presentarte en pocas palabras ?<\/strong><\/p>\n<p>\u00a1Hola! Soy Sara, mam\u00e1 de Enzo, escaparatista y visual merchandising adem\u00e1s de<br \/>\ncreadora de contenido en redes sociales.<\/p>\n<p><img decoding=\"async\" class=\"alignnone wp-image-17223\" src=\"https:\/\/montadito.cheerz.com\/wp-content\/uploads\/2022\/06\/image2-1.jpeg\" alt=\"\" width=\"389\" height=\"486\" srcset=\"https:\/\/esblog.cheerz.com\/wp-content\/uploads\/2022\/06\/image2-1.jpeg 512w, https:\/\/esblog.cheerz.com\/wp-content\/uploads\/2022\/06\/image2-1-240x300.jpeg 240w\" sizes=\"(max-width: 389px) 100vw, 389px\" \/><\/p>\n<p><strong>\u00bfDe qu\u00e9 trata tu cuenta de Instagram?<\/strong><\/p>\n<p>Aunque comenc\u00e9 con un contenido m\u00e1s de maternidad, ahora est\u00e1 m\u00e1s guiada hacia<br \/>\nla decoraci\u00f3n y el bricolaje. Son dos de mis pasiones, decorar y crear. En mi cuenta<br \/>\nme gusta ense\u00f1ar las diferentes opciones que hay en el mercado para que podamos<br \/>\nrealizar reformas sin obras.<\/p>\n<p><img decoding=\"async\" class=\"alignnone wp-image-17224\" src=\"https:\/\/montadito.cheerz.com\/wp-content\/uploads\/2022\/06\/image1-1.jpeg\" alt=\"\" width=\"378\" height=\"504\" srcset=\"https:\/\/esblog.cheerz.com\/wp-content\/uploads\/2022\/06\/image1-1.jpeg 480w, https:\/\/esblog.cheerz.com\/wp-content\/uploads\/2022\/06\/image1-1-225x300.jpeg 225w\" sizes=\"(max-width: 378px) 100vw, 378px\" \/><\/p>\n<p><img decoding=\"async\" class=\"alignnone wp-image-17225\" src=\"https:\/\/montadito.cheerz.com\/wp-content\/uploads\/2022\/06\/image0-2-rotated.jpeg\" alt=\"\" width=\"378\" height=\"504\" srcset=\"https:\/\/esblog.cheerz.com\/wp-content\/uploads\/2022\/06\/image0-2-rotated.jpeg 480w, https:\/\/esblog.cheerz.com\/wp-content\/uploads\/2022\/06\/image0-2-225x300.jpeg 225w\" sizes=\"(max-width: 378px) 100vw, 378px\" \/><\/p>\n<p><strong>Para ti, \u00bfqu\u00e9 importancia tiene la fotograf\u00eda en tu vida?<\/strong><\/p>\n<p>\u00a1Much\u00edsima! Cada foto refleja un momento que no volver\u00e1 y tendr\u00e1s el recuerdo para<br \/>\nsiempre, como por ejemplo el crecimiento de un hijo.<\/p>\n<p><img decoding=\"async\" class=\"alignnone wp-image-17226\" src=\"https:\/\/montadito.cheerz.com\/wp-content\/uploads\/2022\/06\/image1.jpeg\" alt=\"\" width=\"372\" height=\"372\" srcset=\"https:\/\/esblog.cheerz.com\/wp-content\/uploads\/2022\/06\/image1.jpeg 640w, https:\/\/esblog.cheerz.com\/wp-content\/uploads\/2022\/06\/image1-300x300.jpeg 300w, https:\/\/esblog.cheerz.com\/wp-content\/uploads\/2022\/06\/image1-150x150.jpeg 150w, https:\/\/esblog.cheerz.com\/wp-content\/uploads\/2022\/06\/image1-120x120.jpeg 120w\" sizes=\"(max-width: 372px) 100vw, 372px\" \/><\/p>\n<p><strong>\u00bfPor qu\u00e9 te gusta imprimir fotos?<\/strong><\/p>\n<p>Me ha dado much\u00edsima pena haber perdido muchos recuerdos al cambiar de m\u00f3vil,<br \/>\npor ejemplo, y por ello intento imprimir el m\u00e1ximo de fotos que puedo. Adem\u00e1s,<br \/>\nsiempre puedes compartirlas con las personas que quieres y pasar una tarde<br \/>\nrecordando bonitos momentos.<\/p>\n<p><img decoding=\"async\" class=\"alignnone wp-image-17227\" src=\"https:\/\/montadito.cheerz.com\/wp-content\/uploads\/2022\/06\/image-3.jpg\" alt=\"\" width=\"373\" height=\"498\" srcset=\"https:\/\/esblog.cheerz.com\/wp-content\/uploads\/2022\/06\/image-3.jpg 480w, https:\/\/esblog.cheerz.com\/wp-content\/uploads\/2022\/06\/image-3-225x300.jpg 225w\" sizes=\"(max-width: 373px) 100vw, 373px\" \/><\/p>\n<p><strong>\u00bfQu\u00e9 es lo que m\u00e1s te gusta de trabajar con Cheerz?<\/strong><\/p>\n<p>Para mi sin duda es la mejor en impresi\u00f3n y lo digo por experiencia. Me encanta la<br \/>\nvariedad de los productos y calidad. \u00a1Adem\u00e1s detr\u00e1s de todo hay personas<br \/>\nexcepcionales y eso siempre suma!<\/p>\n<p><img decoding=\"async\" class=\"alignnone wp-image-17228\" src=\"https:\/\/montadito.cheerz.com\/wp-content\/uploads\/2022\/06\/image.jpg\" alt=\"\" width=\"369\" height=\"470\" srcset=\"https:\/\/esblog.cheerz.com\/wp-content\/uploads\/2022\/06\/image.jpg 502w, https:\/\/esblog.cheerz.com\/wp-content\/uploads\/2022\/06\/image-235x300.jpg 235w\" sizes=\"(max-width: 369px) 100vw, 369px\" \/><\/p>\n<p><img decoding=\"async\" class=\"alignnone wp-image-17229\" src=\"https:\/\/montadito.cheerz.com\/wp-content\/uploads\/2022\/06\/image-1.jpg\" alt=\"\" width=\"370\" height=\"493\" srcset=\"https:\/\/esblog.cheerz.com\/wp-content\/uploads\/2022\/06\/image-1.jpg 480w, https:\/\/esblog.cheerz.com\/wp-content\/uploads\/2022\/06\/image-1-225x300.jpg 225w\" sizes=\"(max-width: 370px) 100vw, 370px\" \/><\/p>\n<p><strong>Suele decirse que los momentos en los que somos padres j\u00f3venes, son los<\/strong><br \/>\n<strong>momentos de nuestra vida en los que m\u00e1s fotos tomamos. \u00bfEst\u00e1s de acuerdo?<\/strong><\/p>\n<p>\u00a1Absolutamente! \u00a1Cada vez que le hago una foto a mi hijo hago m\u00ednimo 10 de la misma<br \/>\ny luego me cuesta much\u00edsimo borrar alguna!<\/p>\n<p><img decoding=\"async\" class=\"alignnone wp-image-17230\" src=\"https:\/\/montadito.cheerz.com\/wp-content\/uploads\/2022\/06\/image3.jpeg\" alt=\"\" width=\"376\" height=\"376\" srcset=\"https:\/\/esblog.cheerz.com\/wp-content\/uploads\/2022\/06\/image3.jpeg 640w, https:\/\/esblog.cheerz.com\/wp-content\/uploads\/2022\/06\/image3-300x300.jpeg 300w, https:\/\/esblog.cheerz.com\/wp-content\/uploads\/2022\/06\/image3-150x150.jpeg 150w, https:\/\/esblog.cheerz.com\/wp-content\/uploads\/2022\/06\/image3-120x120.jpeg 120w\" sizes=\"(max-width: 376px) 100vw, 376px\" \/><\/p>\n<p><strong>\u00bfNos dar\u00edas alg\u00fan tip para un principiante que quiera lanzarse en fotograf\u00eda?<\/strong><\/p>\n<p>Para mi es muy importante el enfoque. No puedo ver que una foto est\u00e1 torcida\u2026<\/p>\n<p><strong>\u00bfQu\u00e9 tipo de fotos hiciste, por ejemplo, ayer ?<\/strong><\/p>\n<p>\u00a1Ayer tuvimos cumple infantil! \u00a1As\u00ed que hice fotos de los ni\u00f1os pas\u00e1ndoselo genial!<\/p>\n<p><strong>De cualquier foto que elijas, \u00bfpuedes contarnos un recuerdo importante, una<\/strong><br \/>\n<strong>an\u00e9cdota, o un buen momento que la ilustre?<\/strong><\/p>\n<p>Me encant\u00f3 el viaje que hice con mi madre a Par\u00eds. \u00a1Viajamos en plena primavera y sin<br \/>\nesperarlo nos encontramos con todo nevado! \u00a1Casi una Filomena! No pod\u00edamos<br \/>\ncreerlo pero fue incre\u00edble.<\/p>\n<p><img decoding=\"async\" class=\"alignnone wp-image-17231\" src=\"https:\/\/montadito.cheerz.com\/wp-content\/uploads\/2022\/06\/image0-1.jpeg\" alt=\"\" width=\"363\" height=\"484\" srcset=\"https:\/\/esblog.cheerz.com\/wp-content\/uploads\/2022\/06\/image0-1.jpeg 480w, https:\/\/esblog.cheerz.com\/wp-content\/uploads\/2022\/06\/image0-1-225x300.jpeg 225w\" sizes=\"(max-width: 363px) 100vw, 363px\" \/><\/p>\n<p><strong>\u00daltima pregunta\u2026 \u00bfcu\u00e1ntas fotograf\u00edas impresas tienes en casa?<\/strong><\/p>\n<p>\u00a1Puf! \u00a1\u00a1\u00a1Much\u00edsimas!!! \u00a1Me encantan los formatos de Cheerz para poder almacenarlas y<br \/>\nense\u00f1\u00e1rselas a mis invitados como se hac\u00eda antiguamente!<\/p>\n","protected":false},"excerpt":{"rendered":"<p>\u00bfPuedes presentarte en pocas palabras ? \u00a1Hola! Soy Sara, mam\u00e1 de Enzo, escaparatista y visual merchandising adem\u00e1s de creadora de contenido en redes sociales. \u00bfDe qu\u00e9 trata tu cuenta de Instagram? Aunque comenc\u00e9 con un contenido m\u00e1s de maternidad, ahora est\u00e1 m\u00e1s guiada hacia la decoraci\u00f3n y el bricolaje. Son dos de mis pasiones, decorar [&hellip;]<\/p>\n","protected":false},"author":21,"featured_media":17232,"comment_status":"closed","ping_status":"closed","sticky":false,"template":"","format":"standard","meta":{"_acf_changed":false,"footnotes":""},"categories":[71],"tags":[],"class_list":["post-17222","post","type-post","status-publish","format-standard","has-post-thumbnail","hentry","category-actualidad"],"acf":[],"yoast_head":"<!-- This site is optimized with the Yoast SEO plugin v27.5 - https:\/\/yoast.com\/product\/yoast-seo-wordpress\/ -->\n<title>Entrevista de nuestra embajadora @my_littleessence - Montadito Cheerz<\/title>\n<meta name=\"robots\" content=\"index, follow, max-snippet:-1, max-image-preview:large, max-video-preview:-1\" \/>\n<link rel=\"canonical\" href=\"https:\/\/esblog.cheerz.com\/actualidad\/entrevista-de-nuestra-embajadora-my_littleessence\/\" \/>\n<meta property=\"og:locale\" content=\"fr_FR\" \/>\n<meta property=\"og:type\" content=\"article\" \/>\n<meta property=\"og:title\" content=\"Entrevista de nuestra embajadora @my_littleessence - Montadito Cheerz\" \/>\n<meta property=\"og:description\" content=\"\u00bfPuedes presentarte en pocas palabras ? \u00a1Hola! Soy Sara, mam\u00e1 de Enzo, escaparatista y visual merchandising adem\u00e1s de creadora de contenido en redes sociales. \u00bfDe qu\u00e9 trata tu cuenta de Instagram? Aunque comenc\u00e9 con un contenido m\u00e1s de maternidad, ahora est\u00e1 m\u00e1s guiada hacia la decoraci\u00f3n y el bricolaje. Son dos de mis pasiones, decorar [&hellip;]\" \/>\n<meta property=\"og:url\" content=\"https:\/\/esblog.cheerz.com\/actualidad\/entrevista-de-nuestra-embajadora-my_littleessence\/\" \/>\n<meta property=\"og:site_name\" content=\"Montadito Cheerz\" \/>\n<meta property=\"article:published_time\" content=\"2022-06-27T15:06:10+00:00\" \/>\n<meta property=\"article:modified_time\" content=\"2022-06-27T15:09:25+00:00\" \/>\n<meta property=\"og:image\" content=\"https:\/\/esblog.cheerz.com\/wp-content\/uploads\/2022\/06\/image2.jpeg\" \/>\n\t<meta property=\"og:image:width\" content=\"480\" \/>\n\t<meta property=\"og:image:height\" content=\"640\" \/>\n\t<meta property=\"og:image:type\" content=\"image\/jpeg\" \/>\n<meta name=\"author\" content=\"Qui Marin Larios\" \/>\n<meta name=\"twitter:card\" content=\"summary_large_image\" \/>\n<meta name=\"twitter:label1\" content=\"\u00c9crit par\" \/>\n\t<meta name=\"twitter:data1\" content=\"Qui Marin Larios\" \/>\n\t<meta name=\"twitter:label2\" content=\"Dur\u00e9e de lecture estim\u00e9e\" \/>\n\t<meta name=\"twitter:data2\" content=\"4 minutes\" \/>\n<script type=\"application\/ld+json\" class=\"yoast-schema-graph\">{\"@context\":\"https:\\\/\\\/schema.org\",\"@graph\":[{\"@type\":\"Article\",\"@id\":\"https:\\\/\\\/esblog.cheerz.com\\\/actualidad\\\/entrevista-de-nuestra-embajadora-my_littleessence\\\/#article\",\"isPartOf\":{\"@id\":\"https:\\\/\\\/esblog.cheerz.com\\\/actualidad\\\/entrevista-de-nuestra-embajadora-my_littleessence\\\/\"},\"author\":{\"name\":\"Qui Marin Larios\",\"@id\":\"https:\\\/\\\/esblog.cheerz.com\\\/#\\\/schema\\\/person\\\/bd79f5feadc6426ac8e02c427e4a84ba\"},\"headline\":\"Entrevista de nuestra embajadora @my_littleessence\",\"datePublished\":\"2022-06-27T15:06:10+00:00\",\"dateModified\":\"2022-06-27T15:09:25+00:00\",\"mainEntityOfPage\":{\"@id\":\"https:\\\/\\\/esblog.cheerz.com\\\/actualidad\\\/entrevista-de-nuestra-embajadora-my_littleessence\\\/\"},\"wordCount\":420,\"image\":{\"@id\":\"https:\\\/\\\/esblog.cheerz.com\\\/actualidad\\\/entrevista-de-nuestra-embajadora-my_littleessence\\\/#primaryimage\"},\"thumbnailUrl\":\"https:\\\/\\\/esblog.cheerz.com\\\/wp-content\\\/uploads\\\/2022\\\/06\\\/image2.jpeg\",\"articleSection\":[\"Actualidad\"],\"inLanguage\":\"fr-FR\"},{\"@type\":\"WebPage\",\"@id\":\"https:\\\/\\\/esblog.cheerz.com\\\/actualidad\\\/entrevista-de-nuestra-embajadora-my_littleessence\\\/\",\"url\":\"https:\\\/\\\/esblog.cheerz.com\\\/actualidad\\\/entrevista-de-nuestra-embajadora-my_littleessence\\\/\",\"name\":\"Entrevista de nuestra embajadora @my_littleessence - Montadito Cheerz\",\"isPartOf\":{\"@id\":\"https:\\\/\\\/esblog.cheerz.com\\\/#website\"},\"primaryImageOfPage\":{\"@id\":\"https:\\\/\\\/esblog.cheerz.com\\\/actualidad\\\/entrevista-de-nuestra-embajadora-my_littleessence\\\/#primaryimage\"},\"image\":{\"@id\":\"https:\\\/\\\/esblog.cheerz.com\\\/actualidad\\\/entrevista-de-nuestra-embajadora-my_littleessence\\\/#primaryimage\"},\"thumbnailUrl\":\"https:\\\/\\\/esblog.cheerz.com\\\/wp-content\\\/uploads\\\/2022\\\/06\\\/image2.jpeg\",\"datePublished\":\"2022-06-27T15:06:10+00:00\",\"dateModified\":\"2022-06-27T15:09:25+00:00\",\"author\":{\"@id\":\"https:\\\/\\\/esblog.cheerz.com\\\/#\\\/schema\\\/person\\\/bd79f5feadc6426ac8e02c427e4a84ba\"},\"breadcrumb\":{\"@id\":\"https:\\\/\\\/esblog.cheerz.com\\\/actualidad\\\/entrevista-de-nuestra-embajadora-my_littleessence\\\/#breadcrumb\"},\"inLanguage\":\"fr-FR\",\"potentialAction\":[{\"@type\":\"ReadAction\",\"target\":[\"https:\\\/\\\/esblog.cheerz.com\\\/actualidad\\\/entrevista-de-nuestra-embajadora-my_littleessence\\\/\"]}]},{\"@type\":\"ImageObject\",\"inLanguage\":\"fr-FR\",\"@id\":\"https:\\\/\\\/esblog.cheerz.com\\\/actualidad\\\/entrevista-de-nuestra-embajadora-my_littleessence\\\/#primaryimage\",\"url\":\"https:\\\/\\\/esblog.cheerz.com\\\/wp-content\\\/uploads\\\/2022\\\/06\\\/image2.jpeg\",\"contentUrl\":\"https:\\\/\\\/esblog.cheerz.com\\\/wp-content\\\/uploads\\\/2022\\\/06\\\/image2.jpeg\",\"width\":480,\"height\":640},{\"@type\":\"BreadcrumbList\",\"@id\":\"https:\\\/\\\/esblog.cheerz.com\\\/actualidad\\\/entrevista-de-nuestra-embajadora-my_littleessence\\\/#breadcrumb\",\"itemListElement\":[{\"@type\":\"ListItem\",\"position\":1,\"name\":\"Royal Cheerz\",\"item\":\"https:\\\/\\\/esblog.cheerz.com\\\/\"},{\"@type\":\"ListItem\",\"position\":2,\"name\":\"Actualidad\",\"item\":\"https:\\\/\\\/esblog.cheerz.com\\\/categorie\\\/actualidad\\\/\"},{\"@type\":\"ListItem\",\"position\":3,\"name\":\"Entrevista de nuestra embajadora @my_littleessence\"}]},{\"@type\":\"WebSite\",\"@id\":\"https:\\\/\\\/esblog.cheerz.com\\\/#website\",\"url\":\"https:\\\/\\\/esblog.cheerz.com\\\/\",\"name\":\"Montadito Cheerz\",\"description\":\"\",\"potentialAction\":[{\"@type\":\"SearchAction\",\"target\":{\"@type\":\"EntryPoint\",\"urlTemplate\":\"https:\\\/\\\/esblog.cheerz.com\\\/?s={search_term_string}\"},\"query-input\":{\"@type\":\"PropertyValueSpecification\",\"valueRequired\":true,\"valueName\":\"search_term_string\"}}],\"inLanguage\":\"fr-FR\"},{\"@type\":\"Person\",\"@id\":\"https:\\\/\\\/esblog.cheerz.com\\\/#\\\/schema\\\/person\\\/bd79f5feadc6426ac8e02c427e4a84ba\",\"name\":\"Qui Marin Larios\",\"image\":{\"@type\":\"ImageObject\",\"inLanguage\":\"fr-FR\",\"@id\":\"https:\\\/\\\/secure.gravatar.com\\\/avatar\\\/fa7ed7faba90c6d30c5cacf4b4653f9f4a9111bc59960b5aaf71342302b0cac9?s=96&d=mm&r=g\",\"url\":\"https:\\\/\\\/secure.gravatar.com\\\/avatar\\\/fa7ed7faba90c6d30c5cacf4b4653f9f4a9111bc59960b5aaf71342302b0cac9?s=96&d=mm&r=g\",\"contentUrl\":\"https:\\\/\\\/secure.gravatar.com\\\/avatar\\\/fa7ed7faba90c6d30c5cacf4b4653f9f4a9111bc59960b5aaf71342302b0cac9?s=96&d=mm&r=g\",\"caption\":\"Qui Marin Larios\"},\"url\":\"https:\\\/\\\/esblog.cheerz.com\\\/author\\\/qui-marinlarios\\\/\"}]}<\/script>\n<!-- \/ Yoast SEO plugin. -->","yoast_head_json":{"title":"Entrevista de nuestra embajadora @my_littleessence - Montadito Cheerz","robots":{"index":"index","follow":"follow","max-snippet":"max-snippet:-1","max-image-preview":"max-image-preview:large","max-video-preview":"max-video-preview:-1"},"canonical":"https:\/\/esblog.cheerz.com\/actualidad\/entrevista-de-nuestra-embajadora-my_littleessence\/","og_locale":"fr_FR","og_type":"article","og_title":"Entrevista de nuestra embajadora @my_littleessence - Montadito Cheerz","og_description":"\u00bfPuedes presentarte en pocas palabras ? \u00a1Hola! Soy Sara, mam\u00e1 de Enzo, escaparatista y visual merchandising adem\u00e1s de creadora de contenido en redes sociales. \u00bfDe qu\u00e9 trata tu cuenta de Instagram? Aunque comenc\u00e9 con un contenido m\u00e1s de maternidad, ahora est\u00e1 m\u00e1s guiada hacia la decoraci\u00f3n y el bricolaje. Son dos de mis pasiones, decorar [&hellip;]","og_url":"https:\/\/esblog.cheerz.com\/actualidad\/entrevista-de-nuestra-embajadora-my_littleessence\/","og_site_name":"Montadito Cheerz","article_published_time":"2022-06-27T15:06:10+00:00","article_modified_time":"2022-06-27T15:09:25+00:00","og_image":[{"width":480,"height":640,"url":"https:\/\/esblog.cheerz.com\/wp-content\/uploads\/2022\/06\/image2.jpeg","type":"image\/jpeg"}],"author":"Qui Marin Larios","twitter_card":"summary_large_image","twitter_misc":{"\u00c9crit par":"Qui Marin Larios","Dur\u00e9e de lecture estim\u00e9e":"4 minutes"},"schema":{"@context":"https:\/\/schema.org","@graph":[{"@type":"Article","@id":"https:\/\/esblog.cheerz.com\/actualidad\/entrevista-de-nuestra-embajadora-my_littleessence\/#article","isPartOf":{"@id":"https:\/\/esblog.cheerz.com\/actualidad\/entrevista-de-nuestra-embajadora-my_littleessence\/"},"author":{"name":"Qui Marin Larios","@id":"https:\/\/esblog.cheerz.com\/#\/schema\/person\/bd79f5feadc6426ac8e02c427e4a84ba"},"headline":"Entrevista de nuestra embajadora @my_littleessence","datePublished":"2022-06-27T15:06:10+00:00","dateModified":"2022-06-27T15:09:25+00:00","mainEntityOfPage":{"@id":"https:\/\/esblog.cheerz.com\/actualidad\/entrevista-de-nuestra-embajadora-my_littleessence\/"},"wordCount":420,"image":{"@id":"https:\/\/esblog.cheerz.com\/actualidad\/entrevista-de-nuestra-embajadora-my_littleessence\/#primaryimage"},"thumbnailUrl":"https:\/\/esblog.cheerz.com\/wp-content\/uploads\/2022\/06\/image2.jpeg","articleSection":["Actualidad"],"inLanguage":"fr-FR"},{"@type":"WebPage","@id":"https:\/\/esblog.cheerz.com\/actualidad\/entrevista-de-nuestra-embajadora-my_littleessence\/","url":"https:\/\/esblog.cheerz.com\/actualidad\/entrevista-de-nuestra-embajadora-my_littleessence\/","name":"Entrevista de nuestra embajadora @my_littleessence - Montadito Cheerz","isPartOf":{"@id":"https:\/\/esblog.cheerz.com\/#website"},"primaryImageOfPage":{"@id":"https:\/\/esblog.cheerz.com\/actualidad\/entrevista-de-nuestra-embajadora-my_littleessence\/#primaryimage"},"image":{"@id":"https:\/\/esblog.cheerz.com\/actualidad\/entrevista-de-nuestra-embajadora-my_littleessence\/#primaryimage"},"thumbnailUrl":"https:\/\/esblog.cheerz.com\/wp-content\/uploads\/2022\/06\/image2.jpeg","datePublished":"2022-06-27T15:06:10+00:00","dateModified":"2022-06-27T15:09:25+00:00","author":{"@id":"https:\/\/esblog.cheerz.com\/#\/schema\/person\/bd79f5feadc6426ac8e02c427e4a84ba"},"breadcrumb":{"@id":"https:\/\/esblog.cheerz.com\/actualidad\/entrevista-de-nuestra-embajadora-my_littleessence\/#breadcrumb"},"inLanguage":"fr-FR","potentialAction":[{"@type":"ReadAction","target":["https:\/\/esblog.cheerz.com\/actualidad\/entrevista-de-nuestra-embajadora-my_littleessence\/"]}]},{"@type":"ImageObject","inLanguage":"fr-FR","@id":"https:\/\/esblog.cheerz.com\/actualidad\/entrevista-de-nuestra-embajadora-my_littleessence\/#primaryimage","url":"https:\/\/esblog.cheerz.com\/wp-content\/uploads\/2022\/06\/image2.jpeg","contentUrl":"https:\/\/esblog.cheerz.com\/wp-content\/uploads\/2022\/06\/image2.jpeg","width":480,"height":640},{"@type":"BreadcrumbList","@id":"https:\/\/esblog.cheerz.com\/actualidad\/entrevista-de-nuestra-embajadora-my_littleessence\/#breadcrumb","itemListElement":[{"@type":"ListItem","position":1,"name":"Royal Cheerz","item":"https:\/\/esblog.cheerz.com\/"},{"@type":"ListItem","position":2,"name":"Actualidad","item":"https:\/\/esblog.cheerz.com\/categorie\/actualidad\/"},{"@type":"ListItem","position":3,"name":"Entrevista de nuestra embajadora @my_littleessence"}]},{"@type":"WebSite","@id":"https:\/\/esblog.cheerz.com\/#website","url":"https:\/\/esblog.cheerz.com\/","name":"Montadito Cheerz","description":"","potentialAction":[{"@type":"SearchAction","target":{"@type":"EntryPoint","urlTemplate":"https:\/\/esblog.cheerz.com\/?s={search_term_string}"},"query-input":{"@type":"PropertyValueSpecification","valueRequired":true,"valueName":"search_term_string"}}],"inLanguage":"fr-FR"},{"@type":"Person","@id":"https:\/\/esblog.cheerz.com\/#\/schema\/person\/bd79f5feadc6426ac8e02c427e4a84ba","name":"Qui Marin Larios","image":{"@type":"ImageObject","inLanguage":"fr-FR","@id":"https:\/\/secure.gravatar.com\/avatar\/fa7ed7faba90c6d30c5cacf4b4653f9f4a9111bc59960b5aaf71342302b0cac9?s=96&d=mm&r=g","url":"https:\/\/secure.gravatar.com\/avatar\/fa7ed7faba90c6d30c5cacf4b4653f9f4a9111bc59960b5aaf71342302b0cac9?s=96&d=mm&r=g","contentUrl":"https:\/\/secure.gravatar.com\/avatar\/fa7ed7faba90c6d30c5cacf4b4653f9f4a9111bc59960b5aaf71342302b0cac9?s=96&d=mm&r=g","caption":"Qui Marin Larios"},"url":"https:\/\/esblog.cheerz.com\/author\/qui-marinlarios\/"}]}},"_links":{"self":[{"href":"https:\/\/esblog.cheerz.com\/wp-json\/wp\/v2\/posts\/17222","targetHints":{"allow":["GET"]}}],"collection":[{"href":"https:\/\/esblog.cheerz.com\/wp-json\/wp\/v2\/posts"}],"about":[{"href":"https:\/\/esblog.cheerz.com\/wp-json\/wp\/v2\/types\/post"}],"author":[{"embeddable":true,"href":"https:\/\/esblog.cheerz.com\/wp-json\/wp\/v2\/users\/21"}],"replies":[{"embeddable":true,"href":"https:\/\/esblog.cheerz.com\/wp-json\/wp\/v2\/comments?post=17222"}],"version-history":[{"count":0,"href":"https:\/\/esblog.cheerz.com\/wp-json\/wp\/v2\/posts\/17222\/revisions"}],"wp:featuredmedia":[{"embeddable":true,"href":"https:\/\/esblog.cheerz.com\/wp-json\/wp\/v2\/media\/17232"}],"wp:attachment":[{"href":"https:\/\/esblog.cheerz.com\/wp-json\/wp\/v2\/media?parent=17222"}],"wp:term":[{"taxonomy":"category","embeddable":true,"href":"https:\/\/esblog.cheerz.com\/wp-json\/wp\/v2\/categories?post=17222"},{"taxonomy":"post_tag","embeddable":true,"href":"https:\/\/esblog.cheerz.com\/wp-json\/wp\/v2\/tags?post=17222"}],"curies":[{"name":"wp","href":"https:\/\/api.w.org\/{rel}","templated":true}]}}