
{"id":17215,"date":"2022-05-24T12:10:36","date_gmt":"2022-05-24T10:10:36","guid":{"rendered":"https:\/\/montadito.cheerz.com\/?p=17215"},"modified":"2022-05-24T12:10:36","modified_gmt":"2022-05-24T10:10:36","slug":"entrevista-de-nuestra-embajadora-sandra-juan-rubio","status":"publish","type":"post","link":"https:\/\/esblog.cheerz.com\/actualidad\/entrevista-de-nuestra-embajadora-sandra-juan-rubio\/","title":{"rendered":"Entrevista de nuestra embajadora @Sandra.juan.rubio"},"content":{"rendered":"<p><strong>\u00bfPuedes presentarte en pocas palabras ?<\/strong><\/p>\n<p>Soy una persona sociable, creativa y muy activa. Me encanta viajar y practicar deporte.<\/p>\n<p><strong>\u00bfDe qu\u00e9 trata tu cuenta de Instagram?<\/strong><\/p>\n<p>Trata sobre mi vida, actualmente maternidad, viajes y deporte.<\/p>\n<p><strong>Para ti, \u00bfqu\u00e9 importancia tiene la fotograf\u00eda en tu vida?<\/strong><\/p>\n<p>Tiene mucha importancia ya que plasma momentos y experiencias de un momento de mi vida<\/p>\n<p><img decoding=\"async\" class=\"alignnone size-full wp-image-17219\" src=\"https:\/\/montadito.cheerz.com\/wp-content\/uploads\/2022\/05\/image1-2.jpeg\" alt=\"\" width=\"1400\" height=\"933\" srcset=\"https:\/\/esblog.cheerz.com\/wp-content\/uploads\/2022\/05\/image1-2.jpeg 1400w, https:\/\/esblog.cheerz.com\/wp-content\/uploads\/2022\/05\/image1-2-300x200.jpeg 300w, https:\/\/esblog.cheerz.com\/wp-content\/uploads\/2022\/05\/image1-2-1024x682.jpeg 1024w, https:\/\/esblog.cheerz.com\/wp-content\/uploads\/2022\/05\/image1-2-768x512.jpeg 768w, https:\/\/esblog.cheerz.com\/wp-content\/uploads\/2022\/05\/image1-2-1000x666.jpeg 1000w, https:\/\/esblog.cheerz.com\/wp-content\/uploads\/2022\/05\/image1-2-272x182.jpeg 272w\" sizes=\"(max-width: 1400px) 100vw, 1400px\" \/><\/p>\n<p><strong>\u00bfPor qu\u00e9 te gusta imprimir fotos?<\/strong><\/p>\n<p>Me gusta imprimirlas porque es una forma de verlas de forma m\u00e1s usual, y adem\u00e1s a Alex le encanta ver fotos de viajes.<\/p>\n<p><strong>\u00bfQu\u00e9 es lo que m\u00e1s te gusta de trabajar con Cheerz?<\/strong><\/p>\n<p>Me encanta todos los productos que tienen y me encanta regalar recuerdos.<\/p>\n<p><strong>Suele decirse que los momentos en los que somos padres j\u00f3venes, son los momentos de nuestra vida en los que m\u00e1s fotos tomamos. \u00bfEst\u00e1s de acuerdo?<\/strong><\/p>\n<p>En mi caso siiiiiii, yo me paso el d\u00eda haciendo fotos y si estoy viajando mucho m\u00e1s ya que intento apoyar momentos.<\/p>\n<p><strong>\u00bfNos dar\u00edas alg\u00fan tip para un principiante que quiera lanzarse en fotograf\u00eda?<\/strong><\/p>\n<p>Intentar captar las fotos de los ni\u00f1os lo m\u00e1s natural posible, incluso sin que sepan que le est\u00e1s haciendo la foto ya que salen mucho mejor.<\/p>\n<p><img decoding=\"async\" class=\"alignnone size-full wp-image-17217\" src=\"https:\/\/montadito.cheerz.com\/wp-content\/uploads\/2022\/05\/image1-1.jpeg\" alt=\"\" width=\"667\" height=\"1000\" srcset=\"https:\/\/esblog.cheerz.com\/wp-content\/uploads\/2022\/05\/image1-1.jpeg 667w, https:\/\/esblog.cheerz.com\/wp-content\/uploads\/2022\/05\/image1-1-200x300.jpeg 200w\" sizes=\"(max-width: 667px) 100vw, 667px\" \/><\/p>\n<p><strong>\u00bfQu\u00e9 tipo de fotos hiciste, por ejemplo, ayer\u00a0?<\/strong><\/p>\n<p>Ayer hice fotos en el parque mientras Alex jugaba.<\/p>\n<p><strong>\u00daltima pregunta\u2026 \u00bfcu\u00e1ntas fotograf\u00edas impresas tienes en casa?<\/strong><\/p>\n<p>Ufffff son incontable muuuuuchas muuuuchas<\/p>\n","protected":false},"excerpt":{"rendered":"<p>\u00bfPuedes presentarte en pocas palabras ? Soy una persona sociable, creativa y muy activa. Me encanta viajar y practicar deporte. \u00bfDe qu\u00e9 trata tu cuenta de Instagram? Trata sobre mi vida, actualmente maternidad, viajes y deporte. Para ti, \u00bfqu\u00e9 importancia tiene la fotograf\u00eda en tu vida? Tiene mucha importancia ya que plasma momentos y experiencias [&hellip;]<\/p>\n","protected":false},"author":21,"featured_media":17220,"comment_status":"closed","ping_status":"closed","sticky":false,"template":"","format":"standard","meta":{"_acf_changed":false,"footnotes":""},"categories":[71],"tags":[],"class_list":["post-17215","post","type-post","status-publish","format-standard","has-post-thumbnail","hentry","category-actualidad"],"acf":[],"yoast_head":"<!-- This site is optimized with the Yoast SEO plugin v27.5 - https:\/\/yoast.com\/product\/yoast-seo-wordpress\/ -->\n<title>Entrevista de nuestra embajadora @Sandra.juan.rubio - Montadito Cheerz<\/title>\n<meta name=\"robots\" content=\"index, follow, max-snippet:-1, max-image-preview:large, max-video-preview:-1\" \/>\n<link rel=\"canonical\" href=\"https:\/\/esblog.cheerz.com\/actualidad\/entrevista-de-nuestra-embajadora-sandra-juan-rubio\/\" \/>\n<meta property=\"og:locale\" content=\"fr_FR\" \/>\n<meta property=\"og:type\" content=\"article\" \/>\n<meta property=\"og:title\" content=\"Entrevista de nuestra embajadora @Sandra.juan.rubio - Montadito Cheerz\" \/>\n<meta property=\"og:description\" content=\"\u00bfPuedes presentarte en pocas palabras ? Soy una persona sociable, creativa y muy activa. Me encanta viajar y practicar deporte. \u00bfDe qu\u00e9 trata tu cuenta de Instagram? Trata sobre mi vida, actualmente maternidad, viajes y deporte. Para ti, \u00bfqu\u00e9 importancia tiene la fotograf\u00eda en tu vida? Tiene mucha importancia ya que plasma momentos y experiencias [&hellip;]\" \/>\n<meta property=\"og:url\" content=\"https:\/\/esblog.cheerz.com\/actualidad\/entrevista-de-nuestra-embajadora-sandra-juan-rubio\/\" \/>\n<meta property=\"og:site_name\" content=\"Montadito Cheerz\" \/>\n<meta property=\"article:published_time\" content=\"2022-05-24T10:10:36+00:00\" \/>\n<meta property=\"og:image\" content=\"https:\/\/esblog.cheerz.com\/wp-content\/uploads\/2022\/05\/image0-1-1.jpeg\" \/>\n\t<meta property=\"og:image:width\" content=\"1250\" \/>\n\t<meta property=\"og:image:height\" content=\"1562\" \/>\n\t<meta property=\"og:image:type\" content=\"image\/jpeg\" \/>\n<meta name=\"author\" content=\"Qui Marin Larios\" \/>\n<meta name=\"twitter:card\" content=\"summary_large_image\" \/>\n<meta name=\"twitter:label1\" content=\"\u00c9crit par\" \/>\n\t<meta name=\"twitter:data1\" content=\"Qui Marin Larios\" \/>\n\t<meta name=\"twitter:label2\" content=\"Dur\u00e9e de lecture estim\u00e9e\" \/>\n\t<meta name=\"twitter:data2\" content=\"2 minutes\" \/>\n<script type=\"application\/ld+json\" class=\"yoast-schema-graph\">{\"@context\":\"https:\\\/\\\/schema.org\",\"@graph\":[{\"@type\":\"Article\",\"@id\":\"https:\\\/\\\/esblog.cheerz.com\\\/actualidad\\\/entrevista-de-nuestra-embajadora-sandra-juan-rubio\\\/#article\",\"isPartOf\":{\"@id\":\"https:\\\/\\\/esblog.cheerz.com\\\/actualidad\\\/entrevista-de-nuestra-embajadora-sandra-juan-rubio\\\/\"},\"author\":{\"name\":\"Qui Marin Larios\",\"@id\":\"https:\\\/\\\/esblog.cheerz.com\\\/#\\\/schema\\\/person\\\/bd79f5feadc6426ac8e02c427e4a84ba\"},\"headline\":\"Entrevista de nuestra embajadora @Sandra.juan.rubio\",\"datePublished\":\"2022-05-24T10:10:36+00:00\",\"mainEntityOfPage\":{\"@id\":\"https:\\\/\\\/esblog.cheerz.com\\\/actualidad\\\/entrevista-de-nuestra-embajadora-sandra-juan-rubio\\\/\"},\"wordCount\":252,\"image\":{\"@id\":\"https:\\\/\\\/esblog.cheerz.com\\\/actualidad\\\/entrevista-de-nuestra-embajadora-sandra-juan-rubio\\\/#primaryimage\"},\"thumbnailUrl\":\"https:\\\/\\\/esblog.cheerz.com\\\/wp-content\\\/uploads\\\/2022\\\/05\\\/image0-1-1.jpeg\",\"articleSection\":[\"Actualidad\"],\"inLanguage\":\"fr-FR\"},{\"@type\":\"WebPage\",\"@id\":\"https:\\\/\\\/esblog.cheerz.com\\\/actualidad\\\/entrevista-de-nuestra-embajadora-sandra-juan-rubio\\\/\",\"url\":\"https:\\\/\\\/esblog.cheerz.com\\\/actualidad\\\/entrevista-de-nuestra-embajadora-sandra-juan-rubio\\\/\",\"name\":\"Entrevista de nuestra embajadora @Sandra.juan.rubio - Montadito Cheerz\",\"isPartOf\":{\"@id\":\"https:\\\/\\\/esblog.cheerz.com\\\/#website\"},\"primaryImageOfPage\":{\"@id\":\"https:\\\/\\\/esblog.cheerz.com\\\/actualidad\\\/entrevista-de-nuestra-embajadora-sandra-juan-rubio\\\/#primaryimage\"},\"image\":{\"@id\":\"https:\\\/\\\/esblog.cheerz.com\\\/actualidad\\\/entrevista-de-nuestra-embajadora-sandra-juan-rubio\\\/#primaryimage\"},\"thumbnailUrl\":\"https:\\\/\\\/esblog.cheerz.com\\\/wp-content\\\/uploads\\\/2022\\\/05\\\/image0-1-1.jpeg\",\"datePublished\":\"2022-05-24T10:10:36+00:00\",\"author\":{\"@id\":\"https:\\\/\\\/esblog.cheerz.com\\\/#\\\/schema\\\/person\\\/bd79f5feadc6426ac8e02c427e4a84ba\"},\"breadcrumb\":{\"@id\":\"https:\\\/\\\/esblog.cheerz.com\\\/actualidad\\\/entrevista-de-nuestra-embajadora-sandra-juan-rubio\\\/#breadcrumb\"},\"inLanguage\":\"fr-FR\",\"potentialAction\":[{\"@type\":\"ReadAction\",\"target\":[\"https:\\\/\\\/esblog.cheerz.com\\\/actualidad\\\/entrevista-de-nuestra-embajadora-sandra-juan-rubio\\\/\"]}]},{\"@type\":\"ImageObject\",\"inLanguage\":\"fr-FR\",\"@id\":\"https:\\\/\\\/esblog.cheerz.com\\\/actualidad\\\/entrevista-de-nuestra-embajadora-sandra-juan-rubio\\\/#primaryimage\",\"url\":\"https:\\\/\\\/esblog.cheerz.com\\\/wp-content\\\/uploads\\\/2022\\\/05\\\/image0-1-1.jpeg\",\"contentUrl\":\"https:\\\/\\\/esblog.cheerz.com\\\/wp-content\\\/uploads\\\/2022\\\/05\\\/image0-1-1.jpeg\",\"width\":1250,\"height\":1562},{\"@type\":\"BreadcrumbList\",\"@id\":\"https:\\\/\\\/esblog.cheerz.com\\\/actualidad\\\/entrevista-de-nuestra-embajadora-sandra-juan-rubio\\\/#breadcrumb\",\"itemListElement\":[{\"@type\":\"ListItem\",\"position\":1,\"name\":\"Royal Cheerz\",\"item\":\"https:\\\/\\\/esblog.cheerz.com\\\/\"},{\"@type\":\"ListItem\",\"position\":2,\"name\":\"Actualidad\",\"item\":\"https:\\\/\\\/esblog.cheerz.com\\\/categorie\\\/actualidad\\\/\"},{\"@type\":\"ListItem\",\"position\":3,\"name\":\"Entrevista de nuestra embajadora @Sandra.juan.rubio\"}]},{\"@type\":\"WebSite\",\"@id\":\"https:\\\/\\\/esblog.cheerz.com\\\/#website\",\"url\":\"https:\\\/\\\/esblog.cheerz.com\\\/\",\"name\":\"Montadito Cheerz\",\"description\":\"\",\"potentialAction\":[{\"@type\":\"SearchAction\",\"target\":{\"@type\":\"EntryPoint\",\"urlTemplate\":\"https:\\\/\\\/esblog.cheerz.com\\\/?s={search_term_string}\"},\"query-input\":{\"@type\":\"PropertyValueSpecification\",\"valueRequired\":true,\"valueName\":\"search_term_string\"}}],\"inLanguage\":\"fr-FR\"},{\"@type\":\"Person\",\"@id\":\"https:\\\/\\\/esblog.cheerz.com\\\/#\\\/schema\\\/person\\\/bd79f5feadc6426ac8e02c427e4a84ba\",\"name\":\"Qui Marin Larios\",\"image\":{\"@type\":\"ImageObject\",\"inLanguage\":\"fr-FR\",\"@id\":\"https:\\\/\\\/secure.gravatar.com\\\/avatar\\\/fa7ed7faba90c6d30c5cacf4b4653f9f4a9111bc59960b5aaf71342302b0cac9?s=96&d=mm&r=g\",\"url\":\"https:\\\/\\\/secure.gravatar.com\\\/avatar\\\/fa7ed7faba90c6d30c5cacf4b4653f9f4a9111bc59960b5aaf71342302b0cac9?s=96&d=mm&r=g\",\"contentUrl\":\"https:\\\/\\\/secure.gravatar.com\\\/avatar\\\/fa7ed7faba90c6d30c5cacf4b4653f9f4a9111bc59960b5aaf71342302b0cac9?s=96&d=mm&r=g\",\"caption\":\"Qui Marin Larios\"},\"url\":\"https:\\\/\\\/esblog.cheerz.com\\\/author\\\/qui-marinlarios\\\/\"}]}<\/script>\n<!-- \/ Yoast SEO plugin. -->","yoast_head_json":{"title":"Entrevista de nuestra embajadora @Sandra.juan.rubio - Montadito Cheerz","robots":{"index":"index","follow":"follow","max-snippet":"max-snippet:-1","max-image-preview":"max-image-preview:large","max-video-preview":"max-video-preview:-1"},"canonical":"https:\/\/esblog.cheerz.com\/actualidad\/entrevista-de-nuestra-embajadora-sandra-juan-rubio\/","og_locale":"fr_FR","og_type":"article","og_title":"Entrevista de nuestra embajadora @Sandra.juan.rubio - Montadito Cheerz","og_description":"\u00bfPuedes presentarte en pocas palabras ? Soy una persona sociable, creativa y muy activa. Me encanta viajar y practicar deporte. \u00bfDe qu\u00e9 trata tu cuenta de Instagram? Trata sobre mi vida, actualmente maternidad, viajes y deporte. Para ti, \u00bfqu\u00e9 importancia tiene la fotograf\u00eda en tu vida? Tiene mucha importancia ya que plasma momentos y experiencias [&hellip;]","og_url":"https:\/\/esblog.cheerz.com\/actualidad\/entrevista-de-nuestra-embajadora-sandra-juan-rubio\/","og_site_name":"Montadito Cheerz","article_published_time":"2022-05-24T10:10:36+00:00","og_image":[{"width":1250,"height":1562,"url":"https:\/\/esblog.cheerz.com\/wp-content\/uploads\/2022\/05\/image0-1-1.jpeg","type":"image\/jpeg"}],"author":"Qui Marin Larios","twitter_card":"summary_large_image","twitter_misc":{"\u00c9crit par":"Qui Marin Larios","Dur\u00e9e de lecture estim\u00e9e":"2 minutes"},"schema":{"@context":"https:\/\/schema.org","@graph":[{"@type":"Article","@id":"https:\/\/esblog.cheerz.com\/actualidad\/entrevista-de-nuestra-embajadora-sandra-juan-rubio\/#article","isPartOf":{"@id":"https:\/\/esblog.cheerz.com\/actualidad\/entrevista-de-nuestra-embajadora-sandra-juan-rubio\/"},"author":{"name":"Qui Marin Larios","@id":"https:\/\/esblog.cheerz.com\/#\/schema\/person\/bd79f5feadc6426ac8e02c427e4a84ba"},"headline":"Entrevista de nuestra embajadora @Sandra.juan.rubio","datePublished":"2022-05-24T10:10:36+00:00","mainEntityOfPage":{"@id":"https:\/\/esblog.cheerz.com\/actualidad\/entrevista-de-nuestra-embajadora-sandra-juan-rubio\/"},"wordCount":252,"image":{"@id":"https:\/\/esblog.cheerz.com\/actualidad\/entrevista-de-nuestra-embajadora-sandra-juan-rubio\/#primaryimage"},"thumbnailUrl":"https:\/\/esblog.cheerz.com\/wp-content\/uploads\/2022\/05\/image0-1-1.jpeg","articleSection":["Actualidad"],"inLanguage":"fr-FR"},{"@type":"WebPage","@id":"https:\/\/esblog.cheerz.com\/actualidad\/entrevista-de-nuestra-embajadora-sandra-juan-rubio\/","url":"https:\/\/esblog.cheerz.com\/actualidad\/entrevista-de-nuestra-embajadora-sandra-juan-rubio\/","name":"Entrevista de nuestra embajadora @Sandra.juan.rubio - Montadito Cheerz","isPartOf":{"@id":"https:\/\/esblog.cheerz.com\/#website"},"primaryImageOfPage":{"@id":"https:\/\/esblog.cheerz.com\/actualidad\/entrevista-de-nuestra-embajadora-sandra-juan-rubio\/#primaryimage"},"image":{"@id":"https:\/\/esblog.cheerz.com\/actualidad\/entrevista-de-nuestra-embajadora-sandra-juan-rubio\/#primaryimage"},"thumbnailUrl":"https:\/\/esblog.cheerz.com\/wp-content\/uploads\/2022\/05\/image0-1-1.jpeg","datePublished":"2022-05-24T10:10:36+00:00","author":{"@id":"https:\/\/esblog.cheerz.com\/#\/schema\/person\/bd79f5feadc6426ac8e02c427e4a84ba"},"breadcrumb":{"@id":"https:\/\/esblog.cheerz.com\/actualidad\/entrevista-de-nuestra-embajadora-sandra-juan-rubio\/#breadcrumb"},"inLanguage":"fr-FR","potentialAction":[{"@type":"ReadAction","target":["https:\/\/esblog.cheerz.com\/actualidad\/entrevista-de-nuestra-embajadora-sandra-juan-rubio\/"]}]},{"@type":"ImageObject","inLanguage":"fr-FR","@id":"https:\/\/esblog.cheerz.com\/actualidad\/entrevista-de-nuestra-embajadora-sandra-juan-rubio\/#primaryimage","url":"https:\/\/esblog.cheerz.com\/wp-content\/uploads\/2022\/05\/image0-1-1.jpeg","contentUrl":"https:\/\/esblog.cheerz.com\/wp-content\/uploads\/2022\/05\/image0-1-1.jpeg","width":1250,"height":1562},{"@type":"BreadcrumbList","@id":"https:\/\/esblog.cheerz.com\/actualidad\/entrevista-de-nuestra-embajadora-sandra-juan-rubio\/#breadcrumb","itemListElement":[{"@type":"ListItem","position":1,"name":"Royal Cheerz","item":"https:\/\/esblog.cheerz.com\/"},{"@type":"ListItem","position":2,"name":"Actualidad","item":"https:\/\/esblog.cheerz.com\/categorie\/actualidad\/"},{"@type":"ListItem","position":3,"name":"Entrevista de nuestra embajadora @Sandra.juan.rubio"}]},{"@type":"WebSite","@id":"https:\/\/esblog.cheerz.com\/#website","url":"https:\/\/esblog.cheerz.com\/","name":"Montadito Cheerz","description":"","potentialAction":[{"@type":"SearchAction","target":{"@type":"EntryPoint","urlTemplate":"https:\/\/esblog.cheerz.com\/?s={search_term_string}"},"query-input":{"@type":"PropertyValueSpecification","valueRequired":true,"valueName":"search_term_string"}}],"inLanguage":"fr-FR"},{"@type":"Person","@id":"https:\/\/esblog.cheerz.com\/#\/schema\/person\/bd79f5feadc6426ac8e02c427e4a84ba","name":"Qui Marin Larios","image":{"@type":"ImageObject","inLanguage":"fr-FR","@id":"https:\/\/secure.gravatar.com\/avatar\/fa7ed7faba90c6d30c5cacf4b4653f9f4a9111bc59960b5aaf71342302b0cac9?s=96&d=mm&r=g","url":"https:\/\/secure.gravatar.com\/avatar\/fa7ed7faba90c6d30c5cacf4b4653f9f4a9111bc59960b5aaf71342302b0cac9?s=96&d=mm&r=g","contentUrl":"https:\/\/secure.gravatar.com\/avatar\/fa7ed7faba90c6d30c5cacf4b4653f9f4a9111bc59960b5aaf71342302b0cac9?s=96&d=mm&r=g","caption":"Qui Marin Larios"},"url":"https:\/\/esblog.cheerz.com\/author\/qui-marinlarios\/"}]}},"_links":{"self":[{"href":"https:\/\/esblog.cheerz.com\/wp-json\/wp\/v2\/posts\/17215","targetHints":{"allow":["GET"]}}],"collection":[{"href":"https:\/\/esblog.cheerz.com\/wp-json\/wp\/v2\/posts"}],"about":[{"href":"https:\/\/esblog.cheerz.com\/wp-json\/wp\/v2\/types\/post"}],"author":[{"embeddable":true,"href":"https:\/\/esblog.cheerz.com\/wp-json\/wp\/v2\/users\/21"}],"replies":[{"embeddable":true,"href":"https:\/\/esblog.cheerz.com\/wp-json\/wp\/v2\/comments?post=17215"}],"version-history":[{"count":0,"href":"https:\/\/esblog.cheerz.com\/wp-json\/wp\/v2\/posts\/17215\/revisions"}],"wp:featuredmedia":[{"embeddable":true,"href":"https:\/\/esblog.cheerz.com\/wp-json\/wp\/v2\/media\/17220"}],"wp:attachment":[{"href":"https:\/\/esblog.cheerz.com\/wp-json\/wp\/v2\/media?parent=17215"}],"wp:term":[{"taxonomy":"category","embeddable":true,"href":"https:\/\/esblog.cheerz.com\/wp-json\/wp\/v2\/categories?post=17215"},{"taxonomy":"post_tag","embeddable":true,"href":"https:\/\/esblog.cheerz.com\/wp-json\/wp\/v2\/tags?post=17215"}],"curies":[{"name":"wp","href":"https:\/\/api.w.org\/{rel}","templated":true}]}}