
{"id":17095,"date":"2022-02-02T10:04:54","date_gmt":"2022-02-02T09:04:54","guid":{"rendered":"https:\/\/montadito.cheerz.com\/?p=17095"},"modified":"2022-02-02T10:22:42","modified_gmt":"2022-02-02T09:22:42","slug":"entrevista-de-nuestra-embajadora-mariapbj","status":"publish","type":"post","link":"https:\/\/esblog.cheerz.com\/actualidad\/entrevista-de-nuestra-embajadora-mariapbj\/","title":{"rendered":"Entrevista de nuestra embajadora @mariapbj"},"content":{"rendered":"<p><b>\u00bfPuedes presentarte en pocas palabras ?<\/b><\/p>\n<p><span style=\"font-weight: 400;\">Me llamo Mar\u00eda. Me considero una persona alegre, abierta e inquieta.<\/span><\/p>\n<p><b>\u00bfDe qu\u00e9 trata tu cuenta de Instagram?<\/b><\/p>\n<p><span style=\"font-weight: 400;\">En sus inicios era una cuenta destinada a la moda, intentaba ofrecer a diario alternativas de looks. Sin embargo, con la llegada de mis dos hijos, pas\u00e9 de ense\u00f1ar mis looks diarios a ense\u00f1ar los looks de mis ni\u00f1os, as\u00ed como los productos esenciales en nuestro d\u00eda a d\u00eda.<\/span><\/p>\n<p><img decoding=\"async\" class=\"alignnone size-full wp-image-17104\" src=\"https:\/\/montadito.cheerz.com\/wp-content\/uploads\/2022\/02\/unnamed6.jpeg\" alt=\"\" width=\"1512\" height=\"2016\" srcset=\"https:\/\/esblog.cheerz.com\/wp-content\/uploads\/2022\/02\/unnamed6.jpeg 1512w, https:\/\/esblog.cheerz.com\/wp-content\/uploads\/2022\/02\/unnamed6-225x300.jpeg 225w, https:\/\/esblog.cheerz.com\/wp-content\/uploads\/2022\/02\/unnamed6-768x1024.jpeg 768w, https:\/\/esblog.cheerz.com\/wp-content\/uploads\/2022\/02\/unnamed6-1152x1536.jpeg 1152w, https:\/\/esblog.cheerz.com\/wp-content\/uploads\/2022\/02\/unnamed6-1000x1333.jpeg 1000w\" sizes=\"(max-width: 1512px) 100vw, 1512px\" \/><\/p>\n<p><b>Para ti, \u00bfqu\u00e9 importancia tiene la fotograf\u00eda en tu vida?<\/b><\/p>\n<p><span style=\"font-weight: 400;\">Adoro la fotograf\u00eda, me encanta captar momentos. Sobre todo de mis ni\u00f1os que crecen demasiado r\u00e1pido, para luego tenerlos impresos por la casa. No hay nada que me guste m\u00e1s que tener mis recuerdos impresos.<\/span><\/p>\n<p><img decoding=\"async\" class=\"alignnone size-full wp-image-17101\" src=\"https:\/\/montadito.cheerz.com\/wp-content\/uploads\/2022\/02\/unnamed4.jpeg\" alt=\"\" width=\"1512\" height=\"2016\" srcset=\"https:\/\/esblog.cheerz.com\/wp-content\/uploads\/2022\/02\/unnamed4.jpeg 1512w, https:\/\/esblog.cheerz.com\/wp-content\/uploads\/2022\/02\/unnamed4-225x300.jpeg 225w, https:\/\/esblog.cheerz.com\/wp-content\/uploads\/2022\/02\/unnamed4-768x1024.jpeg 768w, https:\/\/esblog.cheerz.com\/wp-content\/uploads\/2022\/02\/unnamed4-1152x1536.jpeg 1152w, https:\/\/esblog.cheerz.com\/wp-content\/uploads\/2022\/02\/unnamed4-1000x1333.jpeg 1000w\" sizes=\"(max-width: 1512px) 100vw, 1512px\" \/><\/p>\n<p><b>\u00bfPor qu\u00e9 te gusta imprimir fotos?<\/b><\/p>\n<p><span style=\"font-weight: 400;\">Me encanta ver las fotos de mis ni\u00f1os cuando eran m\u00e1s beb\u00e9s, de nuestros viajes, nuestros veranos, Navidades\u2026 en general adoro tener todos mis recuerdos en papel.<\/span><\/p>\n<p><img decoding=\"async\" class=\"size-full wp-image-17106\" src=\"https:\/\/montadito.cheerz.com\/wp-content\/uploads\/2022\/02\/unnamed3.jpeg\" alt=\"\" width=\"1512\" height=\"2016\" srcset=\"https:\/\/esblog.cheerz.com\/wp-content\/uploads\/2022\/02\/unnamed3.jpeg 1512w, https:\/\/esblog.cheerz.com\/wp-content\/uploads\/2022\/02\/unnamed3-225x300.jpeg 225w, https:\/\/esblog.cheerz.com\/wp-content\/uploads\/2022\/02\/unnamed3-768x1024.jpeg 768w, https:\/\/esblog.cheerz.com\/wp-content\/uploads\/2022\/02\/unnamed3-1152x1536.jpeg 1152w, https:\/\/esblog.cheerz.com\/wp-content\/uploads\/2022\/02\/unnamed3-1000x1333.jpeg 1000w\" sizes=\"(max-width: 1512px) 100vw, 1512px\" \/><\/p>\n<p><b>\u00bfQu\u00e9 es lo que m\u00e1s te gusta de trabajar con Cheerz?<\/b><\/p>\n<p><span style=\"font-weight: 400;\">Sus productos, no hay producto que no me guste y creo que sea la ocasi\u00f3n que sea, siempre hay un regalo perfecto con Cheerz.<\/span><\/p>\n<p><img decoding=\"async\" class=\"alignnone size-full wp-image-17098\" src=\"https:\/\/montadito.cheerz.com\/wp-content\/uploads\/2022\/02\/unnamed8.jpeg\" alt=\"\" width=\"1512\" height=\"2016\" srcset=\"https:\/\/esblog.cheerz.com\/wp-content\/uploads\/2022\/02\/unnamed8.jpeg 1512w, https:\/\/esblog.cheerz.com\/wp-content\/uploads\/2022\/02\/unnamed8-225x300.jpeg 225w, https:\/\/esblog.cheerz.com\/wp-content\/uploads\/2022\/02\/unnamed8-768x1024.jpeg 768w, https:\/\/esblog.cheerz.com\/wp-content\/uploads\/2022\/02\/unnamed8-1152x1536.jpeg 1152w, https:\/\/esblog.cheerz.com\/wp-content\/uploads\/2022\/02\/unnamed8-1000x1333.jpeg 1000w\" sizes=\"(max-width: 1512px) 100vw, 1512px\" \/><\/p>\n<p><b>Suele decirse que los momentos en los que somos padres j\u00f3venes, son los momentos de nuestra vida en los que m\u00e1s fotos tomamos. \u00bfEst\u00e1s de acuerdo?<\/b><\/p>\n<p><span style=\"font-weight: 400;\">Tengo que confesaros que siempre he sido una ni\u00f1a de hacer muchas fotos, pero s\u00ed que es cierto que con la llegada de mis ni\u00f1os las fotos adquieren un valor m\u00e1s especial. El llenar toda mi casa de lienzos de ellos hace que nuestro hogar sea especial.<\/span><\/p>\n<p><img decoding=\"async\" class=\"alignnone size-full wp-image-17102\" src=\"https:\/\/montadito.cheerz.com\/wp-content\/uploads\/2022\/02\/unnamed9.jpeg\" alt=\"\" width=\"1512\" height=\"2016\" srcset=\"https:\/\/esblog.cheerz.com\/wp-content\/uploads\/2022\/02\/unnamed9.jpeg 1512w, https:\/\/esblog.cheerz.com\/wp-content\/uploads\/2022\/02\/unnamed9-225x300.jpeg 225w, https:\/\/esblog.cheerz.com\/wp-content\/uploads\/2022\/02\/unnamed9-768x1024.jpeg 768w, https:\/\/esblog.cheerz.com\/wp-content\/uploads\/2022\/02\/unnamed9-1152x1536.jpeg 1152w, https:\/\/esblog.cheerz.com\/wp-content\/uploads\/2022\/02\/unnamed9-1000x1333.jpeg 1000w\" sizes=\"(max-width: 1512px) 100vw, 1512px\" \/><\/p>\n<p><b>\u00bfNos dar\u00edas alg\u00fan tip para un principiante que quiera lanzarse en fotograf\u00eda?<\/b><\/p>\n<p><span style=\"font-weight: 400;\">Tener un m\u00f3vil o una c\u00e1mara buena es esencial. Hay que intentar captar momentos no forzados, lo m\u00e1s naturales posibles, y obtendr\u00e1s resultados incre\u00edbles y recuerdos inolvidables.<\/span><\/p>\n<p><img decoding=\"async\" class=\"alignnone size-full wp-image-17103\" src=\"https:\/\/montadito.cheerz.com\/wp-content\/uploads\/2022\/02\/unnamed.jpeg\" alt=\"\" width=\"1512\" height=\"2016\" srcset=\"https:\/\/esblog.cheerz.com\/wp-content\/uploads\/2022\/02\/unnamed.jpeg 1512w, https:\/\/esblog.cheerz.com\/wp-content\/uploads\/2022\/02\/unnamed-225x300.jpeg 225w, https:\/\/esblog.cheerz.com\/wp-content\/uploads\/2022\/02\/unnamed-768x1024.jpeg 768w, https:\/\/esblog.cheerz.com\/wp-content\/uploads\/2022\/02\/unnamed-1152x1536.jpeg 1152w, https:\/\/esblog.cheerz.com\/wp-content\/uploads\/2022\/02\/unnamed-1000x1333.jpeg 1000w\" sizes=\"(max-width: 1512px) 100vw, 1512px\" \/><\/p>\n<p><b>\u00bfQu\u00e9 tipo de fotos hiciste, por ejemplo, ayer\u00a0?<\/b><\/p>\n<p><span style=\"font-weight: 400;\">Ayer les hice fotos a mis ni\u00f1os jugando en el parque.<\/span><\/p>\n<p><img decoding=\"async\" class=\"alignnone size-full wp-image-17097\" src=\"https:\/\/montadito.cheerz.com\/wp-content\/uploads\/2022\/02\/unnamed5.jpeg\" alt=\"\" width=\"1512\" height=\"2016\" srcset=\"https:\/\/esblog.cheerz.com\/wp-content\/uploads\/2022\/02\/unnamed5.jpeg 1512w, https:\/\/esblog.cheerz.com\/wp-content\/uploads\/2022\/02\/unnamed5-225x300.jpeg 225w, https:\/\/esblog.cheerz.com\/wp-content\/uploads\/2022\/02\/unnamed5-768x1024.jpeg 768w, https:\/\/esblog.cheerz.com\/wp-content\/uploads\/2022\/02\/unnamed5-1152x1536.jpeg 1152w, https:\/\/esblog.cheerz.com\/wp-content\/uploads\/2022\/02\/unnamed5-1000x1333.jpeg 1000w\" sizes=\"(max-width: 1512px) 100vw, 1512px\" \/><\/p>\n<p><b>De cualquier foto que elijas, \u00bfpuedes contarnos un recuerdo importante, una an\u00e9cdota, o un buen momento que la ilustre?<\/b><\/p>\n<p><span style=\"font-weight: 400;\">Sin duda mis dos partos, adjunto la foto de mi \u00faltimo parto que sin duda es la experiencia m\u00e1s bestial de mi vida.<\/span><\/p>\n<p><img decoding=\"async\" class=\"alignnone size-full wp-image-17099\" src=\"https:\/\/montadito.cheerz.com\/wp-content\/uploads\/2022\/02\/unnamed2.jpeg\" alt=\"\" width=\"1512\" height=\"2016\" srcset=\"https:\/\/esblog.cheerz.com\/wp-content\/uploads\/2022\/02\/unnamed2.jpeg 1512w, https:\/\/esblog.cheerz.com\/wp-content\/uploads\/2022\/02\/unnamed2-225x300.jpeg 225w, https:\/\/esblog.cheerz.com\/wp-content\/uploads\/2022\/02\/unnamed2-768x1024.jpeg 768w, https:\/\/esblog.cheerz.com\/wp-content\/uploads\/2022\/02\/unnamed2-1152x1536.jpeg 1152w, https:\/\/esblog.cheerz.com\/wp-content\/uploads\/2022\/02\/unnamed2-1000x1333.jpeg 1000w\" sizes=\"(max-width: 1512px) 100vw, 1512px\" \/><\/p>\n<p><b>\u00daltima pregunta\u2026 \u00bfcu\u00e1ntas fotograf\u00edas impresas tienes en casa?<\/b><\/p>\n<p><span style=\"font-weight: 400;\">No podr\u00eda decir un n\u00famero, dado que cada mes o dos meses imprimo por lo menos 300 fotos. Por lo que tengo much\u00edsimas impresas, ya sean en papel de fotograf\u00eda, en lienzos o en marcos de foto.<\/span><\/p>\n<p><img decoding=\"async\" class=\"alignnone size-full wp-image-17105\" src=\"https:\/\/montadito.cheerz.com\/wp-content\/uploads\/2022\/02\/unnamed7.jpeg\" alt=\"\" width=\"1512\" height=\"2016\" srcset=\"https:\/\/esblog.cheerz.com\/wp-content\/uploads\/2022\/02\/unnamed7.jpeg 1512w, https:\/\/esblog.cheerz.com\/wp-content\/uploads\/2022\/02\/unnamed7-225x300.jpeg 225w, https:\/\/esblog.cheerz.com\/wp-content\/uploads\/2022\/02\/unnamed7-768x1024.jpeg 768w, https:\/\/esblog.cheerz.com\/wp-content\/uploads\/2022\/02\/unnamed7-1152x1536.jpeg 1152w, https:\/\/esblog.cheerz.com\/wp-content\/uploads\/2022\/02\/unnamed7-1000x1333.jpeg 1000w\" sizes=\"(max-width: 1512px) 100vw, 1512px\" \/><\/p>\n","protected":false},"excerpt":{"rendered":"<p>\u00bfPuedes presentarte en pocas palabras ? Me llamo Mar\u00eda. Me considero una persona alegre, abierta e inquieta. \u00bfDe qu\u00e9 trata tu cuenta de Instagram? En sus inicios era una cuenta destinada a la moda, intentaba ofrecer a diario alternativas de looks. Sin embargo, con la llegada de mis dos hijos, pas\u00e9 de ense\u00f1ar mis looks [&hellip;]<\/p>\n","protected":false},"author":21,"featured_media":17113,"comment_status":"closed","ping_status":"closed","sticky":false,"template":"","format":"standard","meta":{"_acf_changed":false,"footnotes":""},"categories":[71],"tags":[],"class_list":["post-17095","post","type-post","status-publish","format-standard","has-post-thumbnail","hentry","category-actualidad"],"acf":[],"yoast_head":"<!-- This site is optimized with the Yoast SEO plugin v27.5 - https:\/\/yoast.com\/product\/yoast-seo-wordpress\/ -->\n<title>Entrevista de nuestra embajadora @mariapbj - Montadito Cheerz<\/title>\n<meta name=\"robots\" content=\"index, follow, max-snippet:-1, max-image-preview:large, max-video-preview:-1\" \/>\n<link rel=\"canonical\" href=\"https:\/\/esblog.cheerz.com\/actualidad\/entrevista-de-nuestra-embajadora-mariapbj\/\" \/>\n<meta property=\"og:locale\" content=\"fr_FR\" \/>\n<meta property=\"og:type\" content=\"article\" \/>\n<meta property=\"og:title\" content=\"Entrevista de nuestra embajadora @mariapbj - Montadito Cheerz\" \/>\n<meta property=\"og:description\" content=\"\u00bfPuedes presentarte en pocas palabras ? Me llamo Mar\u00eda. Me considero una persona alegre, abierta e inquieta. \u00bfDe qu\u00e9 trata tu cuenta de Instagram? En sus inicios era una cuenta destinada a la moda, intentaba ofrecer a diario alternativas de looks. Sin embargo, con la llegada de mis dos hijos, pas\u00e9 de ense\u00f1ar mis looks [&hellip;]\" \/>\n<meta property=\"og:url\" content=\"https:\/\/esblog.cheerz.com\/actualidad\/entrevista-de-nuestra-embajadora-mariapbj\/\" \/>\n<meta property=\"og:site_name\" content=\"Montadito Cheerz\" \/>\n<meta property=\"article:published_time\" content=\"2022-02-02T09:04:54+00:00\" \/>\n<meta property=\"article:modified_time\" content=\"2022-02-02T09:22:42+00:00\" \/>\n<meta property=\"og:image\" content=\"https:\/\/esblog.cheerz.com\/wp-content\/uploads\/2022\/02\/unnamed1-2-1.jpeg\" \/>\n\t<meta property=\"og:image:width\" content=\"1417\" \/>\n\t<meta property=\"og:image:height\" content=\"2016\" \/>\n\t<meta property=\"og:image:type\" content=\"image\/jpeg\" \/>\n<meta name=\"author\" content=\"Qui Marin Larios\" \/>\n<meta name=\"twitter:card\" content=\"summary_large_image\" \/>\n<meta name=\"twitter:label1\" content=\"\u00c9crit par\" \/>\n\t<meta name=\"twitter:data1\" content=\"Qui Marin Larios\" \/>\n\t<meta name=\"twitter:label2\" content=\"Dur\u00e9e de lecture estim\u00e9e\" \/>\n\t<meta name=\"twitter:data2\" content=\"4 minutes\" \/>\n<script type=\"application\/ld+json\" class=\"yoast-schema-graph\">{\"@context\":\"https:\\\/\\\/schema.org\",\"@graph\":[{\"@type\":\"Article\",\"@id\":\"https:\\\/\\\/esblog.cheerz.com\\\/actualidad\\\/entrevista-de-nuestra-embajadora-mariapbj\\\/#article\",\"isPartOf\":{\"@id\":\"https:\\\/\\\/esblog.cheerz.com\\\/actualidad\\\/entrevista-de-nuestra-embajadora-mariapbj\\\/\"},\"author\":{\"name\":\"Qui Marin Larios\",\"@id\":\"https:\\\/\\\/esblog.cheerz.com\\\/#\\\/schema\\\/person\\\/bd79f5feadc6426ac8e02c427e4a84ba\"},\"headline\":\"Entrevista de nuestra embajadora @mariapbj\",\"datePublished\":\"2022-02-02T09:04:54+00:00\",\"dateModified\":\"2022-02-02T09:22:42+00:00\",\"mainEntityOfPage\":{\"@id\":\"https:\\\/\\\/esblog.cheerz.com\\\/actualidad\\\/entrevista-de-nuestra-embajadora-mariapbj\\\/\"},\"wordCount\":446,\"image\":{\"@id\":\"https:\\\/\\\/esblog.cheerz.com\\\/actualidad\\\/entrevista-de-nuestra-embajadora-mariapbj\\\/#primaryimage\"},\"thumbnailUrl\":\"https:\\\/\\\/esblog.cheerz.com\\\/wp-content\\\/uploads\\\/2022\\\/02\\\/unnamed1-2-1.jpeg\",\"articleSection\":[\"Actualidad\"],\"inLanguage\":\"fr-FR\"},{\"@type\":\"WebPage\",\"@id\":\"https:\\\/\\\/esblog.cheerz.com\\\/actualidad\\\/entrevista-de-nuestra-embajadora-mariapbj\\\/\",\"url\":\"https:\\\/\\\/esblog.cheerz.com\\\/actualidad\\\/entrevista-de-nuestra-embajadora-mariapbj\\\/\",\"name\":\"Entrevista de nuestra embajadora @mariapbj - Montadito Cheerz\",\"isPartOf\":{\"@id\":\"https:\\\/\\\/esblog.cheerz.com\\\/#website\"},\"primaryImageOfPage\":{\"@id\":\"https:\\\/\\\/esblog.cheerz.com\\\/actualidad\\\/entrevista-de-nuestra-embajadora-mariapbj\\\/#primaryimage\"},\"image\":{\"@id\":\"https:\\\/\\\/esblog.cheerz.com\\\/actualidad\\\/entrevista-de-nuestra-embajadora-mariapbj\\\/#primaryimage\"},\"thumbnailUrl\":\"https:\\\/\\\/esblog.cheerz.com\\\/wp-content\\\/uploads\\\/2022\\\/02\\\/unnamed1-2-1.jpeg\",\"datePublished\":\"2022-02-02T09:04:54+00:00\",\"dateModified\":\"2022-02-02T09:22:42+00:00\",\"author\":{\"@id\":\"https:\\\/\\\/esblog.cheerz.com\\\/#\\\/schema\\\/person\\\/bd79f5feadc6426ac8e02c427e4a84ba\"},\"breadcrumb\":{\"@id\":\"https:\\\/\\\/esblog.cheerz.com\\\/actualidad\\\/entrevista-de-nuestra-embajadora-mariapbj\\\/#breadcrumb\"},\"inLanguage\":\"fr-FR\",\"potentialAction\":[{\"@type\":\"ReadAction\",\"target\":[\"https:\\\/\\\/esblog.cheerz.com\\\/actualidad\\\/entrevista-de-nuestra-embajadora-mariapbj\\\/\"]}]},{\"@type\":\"ImageObject\",\"inLanguage\":\"fr-FR\",\"@id\":\"https:\\\/\\\/esblog.cheerz.com\\\/actualidad\\\/entrevista-de-nuestra-embajadora-mariapbj\\\/#primaryimage\",\"url\":\"https:\\\/\\\/esblog.cheerz.com\\\/wp-content\\\/uploads\\\/2022\\\/02\\\/unnamed1-2-1.jpeg\",\"contentUrl\":\"https:\\\/\\\/esblog.cheerz.com\\\/wp-content\\\/uploads\\\/2022\\\/02\\\/unnamed1-2-1.jpeg\",\"width\":1417,\"height\":2016,\"caption\":\"Processed with VSCO with a5 preset Processed with stamp\"},{\"@type\":\"BreadcrumbList\",\"@id\":\"https:\\\/\\\/esblog.cheerz.com\\\/actualidad\\\/entrevista-de-nuestra-embajadora-mariapbj\\\/#breadcrumb\",\"itemListElement\":[{\"@type\":\"ListItem\",\"position\":1,\"name\":\"Royal Cheerz\",\"item\":\"https:\\\/\\\/esblog.cheerz.com\\\/\"},{\"@type\":\"ListItem\",\"position\":2,\"name\":\"Actualidad\",\"item\":\"https:\\\/\\\/esblog.cheerz.com\\\/categorie\\\/actualidad\\\/\"},{\"@type\":\"ListItem\",\"position\":3,\"name\":\"Entrevista de nuestra embajadora @mariapbj\"}]},{\"@type\":\"WebSite\",\"@id\":\"https:\\\/\\\/esblog.cheerz.com\\\/#website\",\"url\":\"https:\\\/\\\/esblog.cheerz.com\\\/\",\"name\":\"Montadito Cheerz\",\"description\":\"\",\"potentialAction\":[{\"@type\":\"SearchAction\",\"target\":{\"@type\":\"EntryPoint\",\"urlTemplate\":\"https:\\\/\\\/esblog.cheerz.com\\\/?s={search_term_string}\"},\"query-input\":{\"@type\":\"PropertyValueSpecification\",\"valueRequired\":true,\"valueName\":\"search_term_string\"}}],\"inLanguage\":\"fr-FR\"},{\"@type\":\"Person\",\"@id\":\"https:\\\/\\\/esblog.cheerz.com\\\/#\\\/schema\\\/person\\\/bd79f5feadc6426ac8e02c427e4a84ba\",\"name\":\"Qui Marin Larios\",\"image\":{\"@type\":\"ImageObject\",\"inLanguage\":\"fr-FR\",\"@id\":\"https:\\\/\\\/secure.gravatar.com\\\/avatar\\\/fa7ed7faba90c6d30c5cacf4b4653f9f4a9111bc59960b5aaf71342302b0cac9?s=96&d=mm&r=g\",\"url\":\"https:\\\/\\\/secure.gravatar.com\\\/avatar\\\/fa7ed7faba90c6d30c5cacf4b4653f9f4a9111bc59960b5aaf71342302b0cac9?s=96&d=mm&r=g\",\"contentUrl\":\"https:\\\/\\\/secure.gravatar.com\\\/avatar\\\/fa7ed7faba90c6d30c5cacf4b4653f9f4a9111bc59960b5aaf71342302b0cac9?s=96&d=mm&r=g\",\"caption\":\"Qui Marin Larios\"},\"url\":\"https:\\\/\\\/esblog.cheerz.com\\\/author\\\/qui-marinlarios\\\/\"}]}<\/script>\n<!-- \/ Yoast SEO plugin. -->","yoast_head_json":{"title":"Entrevista de nuestra embajadora @mariapbj - Montadito Cheerz","robots":{"index":"index","follow":"follow","max-snippet":"max-snippet:-1","max-image-preview":"max-image-preview:large","max-video-preview":"max-video-preview:-1"},"canonical":"https:\/\/esblog.cheerz.com\/actualidad\/entrevista-de-nuestra-embajadora-mariapbj\/","og_locale":"fr_FR","og_type":"article","og_title":"Entrevista de nuestra embajadora @mariapbj - Montadito Cheerz","og_description":"\u00bfPuedes presentarte en pocas palabras ? Me llamo Mar\u00eda. Me considero una persona alegre, abierta e inquieta. \u00bfDe qu\u00e9 trata tu cuenta de Instagram? En sus inicios era una cuenta destinada a la moda, intentaba ofrecer a diario alternativas de looks. Sin embargo, con la llegada de mis dos hijos, pas\u00e9 de ense\u00f1ar mis looks [&hellip;]","og_url":"https:\/\/esblog.cheerz.com\/actualidad\/entrevista-de-nuestra-embajadora-mariapbj\/","og_site_name":"Montadito Cheerz","article_published_time":"2022-02-02T09:04:54+00:00","article_modified_time":"2022-02-02T09:22:42+00:00","og_image":[{"width":1417,"height":2016,"url":"https:\/\/esblog.cheerz.com\/wp-content\/uploads\/2022\/02\/unnamed1-2-1.jpeg","type":"image\/jpeg"}],"author":"Qui Marin Larios","twitter_card":"summary_large_image","twitter_misc":{"\u00c9crit par":"Qui Marin Larios","Dur\u00e9e de lecture estim\u00e9e":"4 minutes"},"schema":{"@context":"https:\/\/schema.org","@graph":[{"@type":"Article","@id":"https:\/\/esblog.cheerz.com\/actualidad\/entrevista-de-nuestra-embajadora-mariapbj\/#article","isPartOf":{"@id":"https:\/\/esblog.cheerz.com\/actualidad\/entrevista-de-nuestra-embajadora-mariapbj\/"},"author":{"name":"Qui Marin Larios","@id":"https:\/\/esblog.cheerz.com\/#\/schema\/person\/bd79f5feadc6426ac8e02c427e4a84ba"},"headline":"Entrevista de nuestra embajadora @mariapbj","datePublished":"2022-02-02T09:04:54+00:00","dateModified":"2022-02-02T09:22:42+00:00","mainEntityOfPage":{"@id":"https:\/\/esblog.cheerz.com\/actualidad\/entrevista-de-nuestra-embajadora-mariapbj\/"},"wordCount":446,"image":{"@id":"https:\/\/esblog.cheerz.com\/actualidad\/entrevista-de-nuestra-embajadora-mariapbj\/#primaryimage"},"thumbnailUrl":"https:\/\/esblog.cheerz.com\/wp-content\/uploads\/2022\/02\/unnamed1-2-1.jpeg","articleSection":["Actualidad"],"inLanguage":"fr-FR"},{"@type":"WebPage","@id":"https:\/\/esblog.cheerz.com\/actualidad\/entrevista-de-nuestra-embajadora-mariapbj\/","url":"https:\/\/esblog.cheerz.com\/actualidad\/entrevista-de-nuestra-embajadora-mariapbj\/","name":"Entrevista de nuestra embajadora @mariapbj - Montadito Cheerz","isPartOf":{"@id":"https:\/\/esblog.cheerz.com\/#website"},"primaryImageOfPage":{"@id":"https:\/\/esblog.cheerz.com\/actualidad\/entrevista-de-nuestra-embajadora-mariapbj\/#primaryimage"},"image":{"@id":"https:\/\/esblog.cheerz.com\/actualidad\/entrevista-de-nuestra-embajadora-mariapbj\/#primaryimage"},"thumbnailUrl":"https:\/\/esblog.cheerz.com\/wp-content\/uploads\/2022\/02\/unnamed1-2-1.jpeg","datePublished":"2022-02-02T09:04:54+00:00","dateModified":"2022-02-02T09:22:42+00:00","author":{"@id":"https:\/\/esblog.cheerz.com\/#\/schema\/person\/bd79f5feadc6426ac8e02c427e4a84ba"},"breadcrumb":{"@id":"https:\/\/esblog.cheerz.com\/actualidad\/entrevista-de-nuestra-embajadora-mariapbj\/#breadcrumb"},"inLanguage":"fr-FR","potentialAction":[{"@type":"ReadAction","target":["https:\/\/esblog.cheerz.com\/actualidad\/entrevista-de-nuestra-embajadora-mariapbj\/"]}]},{"@type":"ImageObject","inLanguage":"fr-FR","@id":"https:\/\/esblog.cheerz.com\/actualidad\/entrevista-de-nuestra-embajadora-mariapbj\/#primaryimage","url":"https:\/\/esblog.cheerz.com\/wp-content\/uploads\/2022\/02\/unnamed1-2-1.jpeg","contentUrl":"https:\/\/esblog.cheerz.com\/wp-content\/uploads\/2022\/02\/unnamed1-2-1.jpeg","width":1417,"height":2016,"caption":"Processed with VSCO with a5 preset Processed with stamp"},{"@type":"BreadcrumbList","@id":"https:\/\/esblog.cheerz.com\/actualidad\/entrevista-de-nuestra-embajadora-mariapbj\/#breadcrumb","itemListElement":[{"@type":"ListItem","position":1,"name":"Royal Cheerz","item":"https:\/\/esblog.cheerz.com\/"},{"@type":"ListItem","position":2,"name":"Actualidad","item":"https:\/\/esblog.cheerz.com\/categorie\/actualidad\/"},{"@type":"ListItem","position":3,"name":"Entrevista de nuestra embajadora @mariapbj"}]},{"@type":"WebSite","@id":"https:\/\/esblog.cheerz.com\/#website","url":"https:\/\/esblog.cheerz.com\/","name":"Montadito Cheerz","description":"","potentialAction":[{"@type":"SearchAction","target":{"@type":"EntryPoint","urlTemplate":"https:\/\/esblog.cheerz.com\/?s={search_term_string}"},"query-input":{"@type":"PropertyValueSpecification","valueRequired":true,"valueName":"search_term_string"}}],"inLanguage":"fr-FR"},{"@type":"Person","@id":"https:\/\/esblog.cheerz.com\/#\/schema\/person\/bd79f5feadc6426ac8e02c427e4a84ba","name":"Qui Marin Larios","image":{"@type":"ImageObject","inLanguage":"fr-FR","@id":"https:\/\/secure.gravatar.com\/avatar\/fa7ed7faba90c6d30c5cacf4b4653f9f4a9111bc59960b5aaf71342302b0cac9?s=96&d=mm&r=g","url":"https:\/\/secure.gravatar.com\/avatar\/fa7ed7faba90c6d30c5cacf4b4653f9f4a9111bc59960b5aaf71342302b0cac9?s=96&d=mm&r=g","contentUrl":"https:\/\/secure.gravatar.com\/avatar\/fa7ed7faba90c6d30c5cacf4b4653f9f4a9111bc59960b5aaf71342302b0cac9?s=96&d=mm&r=g","caption":"Qui Marin Larios"},"url":"https:\/\/esblog.cheerz.com\/author\/qui-marinlarios\/"}]}},"_links":{"self":[{"href":"https:\/\/esblog.cheerz.com\/wp-json\/wp\/v2\/posts\/17095","targetHints":{"allow":["GET"]}}],"collection":[{"href":"https:\/\/esblog.cheerz.com\/wp-json\/wp\/v2\/posts"}],"about":[{"href":"https:\/\/esblog.cheerz.com\/wp-json\/wp\/v2\/types\/post"}],"author":[{"embeddable":true,"href":"https:\/\/esblog.cheerz.com\/wp-json\/wp\/v2\/users\/21"}],"replies":[{"embeddable":true,"href":"https:\/\/esblog.cheerz.com\/wp-json\/wp\/v2\/comments?post=17095"}],"version-history":[{"count":0,"href":"https:\/\/esblog.cheerz.com\/wp-json\/wp\/v2\/posts\/17095\/revisions"}],"wp:featuredmedia":[{"embeddable":true,"href":"https:\/\/esblog.cheerz.com\/wp-json\/wp\/v2\/media\/17113"}],"wp:attachment":[{"href":"https:\/\/esblog.cheerz.com\/wp-json\/wp\/v2\/media?parent=17095"}],"wp:term":[{"taxonomy":"category","embeddable":true,"href":"https:\/\/esblog.cheerz.com\/wp-json\/wp\/v2\/categories?post=17095"},{"taxonomy":"post_tag","embeddable":true,"href":"https:\/\/esblog.cheerz.com\/wp-json\/wp\/v2\/tags?post=17095"}],"curies":[{"name":"wp","href":"https:\/\/api.w.org\/{rel}","templated":true}]}}