
{"id":16643,"date":"2021-02-04T20:33:10","date_gmt":"2021-02-04T19:33:10","guid":{"rendered":"https:\/\/montadito.wpengine.com\/?p=16643"},"modified":"2021-12-27T18:13:13","modified_gmt":"2021-12-27T17:13:13","slug":"san-valentin-album-fotos-recuerdos","status":"publish","type":"post","link":"https:\/\/esblog.cheerz.com\/tutoriales\/san-valentin-album-fotos-recuerdos\/","title":{"rendered":"En San Valent\u00edn, \u00bfqu\u00e9 mejor que un \u00e1lbum de fotos con vuestros recuerdos?"},"content":{"rendered":"<p><span style=\"font-weight: 400;\">\u00a1Tic, tac, tic, tac! Se acerca San Valent\u00edn y est\u00e1s buscando por todas partes, pero a\u00fan no has encontrado ninguna idea para regalar&#8230; \u00bfC\u00f3mo demostrar a tu otra mitad todo el amor que sientes? Pues qu\u00e9 bien que est\u00e9s por aqu\u00ed, porque vamos a contarte c\u00f3mo crear un <\/span><a href=\"https:\/\/www.cheerz.com\/fr\/categories\/books\"><span style=\"font-weight: 400;\"><strong>\u00e1lbum de fotos personalizado<\/strong><\/span><\/a><span style=\"font-weight: 400;\"> para que pases un San Valent\u00edn inolvidable.<\/span><\/p>\n<h2><b>El paso a paso para hacer un regalo perfecto de Cheerz el D\u00eda de San Valent\u00edn:<\/b><\/h2>\n<h2 id=\"sv-nbsp\" style=\"font-size: 1.5em;\"><b>1. Encuentra a tu media naranja<\/b><\/h2>\n<p>Algo fundamental, porque todos tenemos una media naranja, \u00a1estemos o no en una relaci\u00f3n! Y si quieres regalar un \u00e1lbum a tu mejor amigo, a tu gato, o incluso a ti mismo, \u00a1hazlo! Lo principal es lograr un momento \u00fanico y personalizado.<\/p>\n<h3 id=\"photos-nbsp\"><b>2. Busca tus fotos m\u00e1s bonitas \ud83d\udcf7<\/b><\/h3>\n<p>Quiz\u00e1s no deber\u00edamos poner la mano en el fuego, pero estamos seguros de que cuando te vas de vacaciones, de fin de semana o incluso en tu d\u00eda a d\u00eda, haces un mont\u00f3n de fotos. \u00a1Es el momento de buscar esa foto especial juntos! Ya sabes: una imagen vale m\u00e1s que mil palabras. \u00a1Te dejamos algunos consejos!<\/p>\n<ul>\n<li>Empieza por hacer una selecci\u00f3n de fotos de aquel encuentro, los primeros viajes&#8230; en definitiva esos momentos tan bonitos.<\/li>\n<li>Elimina las que est\u00e9n mal encuadradas, las que salgan borrosas u oscuras y las que tengan a tu pulgar como principal protagonista (tranquilo, a todos nos ha pasado&#8230;).<\/li>\n<li>Clasifica tus fotos por orden cronol\u00f3gico, por tema, evento, formato&#8230;<\/li>\n<li>Crea una carpeta que se llame \u00ab\u00a0<em>Fotos de San Valent\u00edn de Cheerz<\/em>\u00a0\u00bb o \u00ab\u00a0<em>Fotos favoritas de Cheerz<\/em>\u00ab\u00a0.<\/li>\n<\/ul>\n<p><span style=\"font-weight: 400;\">\u00a1Y vamos al paso siguiente!<\/span><\/p>\n<h2 id=\"love-nbsp\" style=\"font-size: 1.5em;\">3. Escribe unas palabras bonitas <span style=\"font-weight: 400;\">\u2764\ufe0f<\/span><\/h2>\n<p>Desde un \u00ab\u00a0Verde que te quiero verde\u00a0\u00bb hasta un \u00ab\u00a0Te quiero mucho, como la trucha al trucho\u00a0\u00bb, \u00a1todo vale! Todo el mundo tiene su propia cita rom\u00e1ntica, pero seguro que t\u00fa tienes una canci\u00f3n de amor favorita, un poeta cuyas palabras te han conmovido o alguna expresi\u00f3n que te encante. Esta es su oportunidad de escribirlo en una p\u00e1gina para a\u00f1adir un toque personal a ese rom\u00e1ntico \u00e1lbum de fotos.<\/p>\n<p><img decoding=\"async\" class=\"wp-image-16889 size-large aligncenter\" src=\"https:\/\/montadito.cheerz.com\/wp-content\/uploads\/2021\/02\/2H4A8764-RTC-ES-copie-1024x683.jpg\" alt=\"\u00c1lbum San Valent\u00edn\" width=\"1024\" height=\"683\" srcset=\"https:\/\/esblog.cheerz.com\/wp-content\/uploads\/2021\/02\/2H4A8764-RTC-ES-copie-1024x683.jpg 1024w, https:\/\/esblog.cheerz.com\/wp-content\/uploads\/2021\/02\/2H4A8764-RTC-ES-copie-300x200.jpg 300w, https:\/\/esblog.cheerz.com\/wp-content\/uploads\/2021\/02\/2H4A8764-RTC-ES-copie-768x512.jpg 768w, https:\/\/esblog.cheerz.com\/wp-content\/uploads\/2021\/02\/2H4A8764-RTC-ES-copie-1536x1024.jpg 1536w, https:\/\/esblog.cheerz.com\/wp-content\/uploads\/2021\/02\/2H4A8764-RTC-ES-copie-scaled.jpg 2048w, https:\/\/esblog.cheerz.com\/wp-content\/uploads\/2021\/02\/2H4A8764-RTC-ES-copie-1000x667.jpg 1000w, https:\/\/esblog.cheerz.com\/wp-content\/uploads\/2021\/02\/2H4A8764-RTC-ES-copie-272x182.jpg 272w\" sizes=\"(max-width: 1024px) 100vw, 1024px\" \/><\/p>\n<h2 id=\"type-nbsp\" style=\"font-size: 1.5em;\">4. \u00bfSabes qu\u00e9 tipo de \u00e1lbum de fotos personalizado elegir?<\/h2>\n<p>Da vida a tus ideas y rienda suelta a tu creatividad y crea el \u00e1lbum de fotos personalizado m\u00e1s incre\u00edble y rom\u00e1ntico que jam\u00e1s hayas visto, impreso en papel fotogr\u00e1fico de alta calidad para regalar.<\/p>\n<p>Este a\u00f1o, hemos pedido a <a href=\"https:\/\/www.mathildecabanas.com\/\">Mathilde Cabanas<\/a> que dise\u00f1e (con amor) la edici\u00f3n limitada del <a href=\"https:\/\/www.cheerz.com\/es\/products\/photo-album-mini-a5-mathildecabanas\">\u00e1lbum de San Valent\u00edn<\/a>, que se une a esta selecci\u00f3n de libros de fotos. \u00a1Un \u00e1lbum imprescindible para cualquier enamorado!<\/p>\n<p>Si buscas otro modelo o formato, en Cheerz hay para todos los gustos. Descubre todos nuestros \u00e1lbumes navegando por la secci\u00f3n \u00ab\u00a0<a href=\"https:\/\/www.cheerz.com\/es\/categories\/books\">\u00c1lbum de fotos<\/a>\u00a0\u00bb de nuestra p\u00e1gina web o nuestra aplicaci\u00f3n.<\/p>\n<p><img decoding=\"async\" class=\"alignnone wp-image-16890 size-large\" src=\"https:\/\/montadito.cheerz.com\/wp-content\/uploads\/2021\/02\/2H4A8768-RTC-ES-copie-1024x1024.jpg\" alt=\"\u00c1lbum D\u00eda Enamorados\" width=\"1024\" height=\"1024\" srcset=\"https:\/\/esblog.cheerz.com\/wp-content\/uploads\/2021\/02\/2H4A8768-RTC-ES-copie-1024x1024.jpg 1024w, https:\/\/esblog.cheerz.com\/wp-content\/uploads\/2021\/02\/2H4A8768-RTC-ES-copie-300x300.jpg 300w, https:\/\/esblog.cheerz.com\/wp-content\/uploads\/2021\/02\/2H4A8768-RTC-ES-copie-150x150.jpg 150w, https:\/\/esblog.cheerz.com\/wp-content\/uploads\/2021\/02\/2H4A8768-RTC-ES-copie-768x768.jpg 768w, https:\/\/esblog.cheerz.com\/wp-content\/uploads\/2021\/02\/2H4A8768-RTC-ES-copie-1536x1536.jpg 1536w, https:\/\/esblog.cheerz.com\/wp-content\/uploads\/2021\/02\/2H4A8768-RTC-ES-copie-scaled.jpg 2048w, https:\/\/esblog.cheerz.com\/wp-content\/uploads\/2021\/02\/2H4A8768-RTC-ES-copie-1000x1000.jpg 1000w, https:\/\/esblog.cheerz.com\/wp-content\/uploads\/2021\/02\/2H4A8768-RTC-ES-copie-120x120.jpg 120w\" sizes=\"(max-width: 1024px) 100vw, 1024px\" \/><\/p>\n<h2 id=\"ask-nbsp\" style=\"font-size: 1.5em;\"><b>5. Ya lo he elegido&#8230; ahora, \u00bfc\u00f3mo creo el \u00e1lbum de fotos de amor perfecto para San Valent\u00edn?<\/b><\/h2>\n<p>Una vez que hayas seleccionado el \u00e1lbum e importado tus fotos, puedes organizarlas como quieras en las p\u00e1ginas del \u00e1lbum (que puede tener entre 24 y 120 p\u00e1ginas). Disfruta y libera tu alma art\u00edstica eligiendo los colores, las fotos y el texto para crear un \u00e1lbum de fotos que refleje tu personalidad. En pocos minutos habr\u00e1s creado un \u00e1lbum de fotos de amor personalizado con tus ilustraciones. \u2764\ufe0f<\/p>\n<p>Si quieres m\u00e1s informaci\u00f3n, consulta nuestro art\u00edculo: <a href=\"https:\/\/montadito.cheerz.com\/consejos\/guia-para-crear-un-album-de-fotos-online\/\">La gu\u00eda definitiva para crear un \u00e1lbum de fotos digital<\/a>.<\/p>\n<h2 id=\"doit-nbsp\" style=\"font-size: 1.5em;\"><b>6. \u00a1Nosotros nos encargamos del resto!\u00a0<\/b><\/h2>\n<p>En la Cheerz Factory (nuestra f\u00e1brica) nos tomamos muy en serio la elecci\u00f3n del mejor papel fotogr\u00e1fico del mercado para garantizar una alta calidad y un acabado perfecto. En cuanto tu \u00e1lbum de fotos est\u00e1 terminado (despu\u00e9s de imprimir, montar, pegar y secar durante m\u00e1s de 12 horas), un Cheerzleader revisa meticulosamente tu \u00e1lbum de fotos para asegurarse de que los acabados de impresi\u00f3n han quedado perfectos. Porque un \u00e1lbum de fotos en papel dura toda la vida, la calidad es nuestra prioridad.<\/p>\n<p><span style=\"font-weight: 400;\"><img decoding=\"async\" class=\"aligncenter wp-image-16888 size-large\" src=\"https:\/\/montadito.cheerz.com\/wp-content\/uploads\/2021\/02\/2H4A8440-RTC-ES-v3-1024x683.jpg\" alt=\"\u00c1lbum Edici\u00f3n Limitada\" width=\"1024\" height=\"683\" srcset=\"https:\/\/esblog.cheerz.com\/wp-content\/uploads\/2021\/02\/2H4A8440-RTC-ES-v3-1024x683.jpg 1024w, https:\/\/esblog.cheerz.com\/wp-content\/uploads\/2021\/02\/2H4A8440-RTC-ES-v3-300x200.jpg 300w, https:\/\/esblog.cheerz.com\/wp-content\/uploads\/2021\/02\/2H4A8440-RTC-ES-v3-768x512.jpg 768w, https:\/\/esblog.cheerz.com\/wp-content\/uploads\/2021\/02\/2H4A8440-RTC-ES-v3-1536x1024.jpg 1536w, https:\/\/esblog.cheerz.com\/wp-content\/uploads\/2021\/02\/2H4A8440-RTC-ES-v3-scaled.jpg 2048w, https:\/\/esblog.cheerz.com\/wp-content\/uploads\/2021\/02\/2H4A8440-RTC-ES-v3-1000x667.jpg 1000w, https:\/\/esblog.cheerz.com\/wp-content\/uploads\/2021\/02\/2H4A8440-RTC-ES-v3-272x182.jpg 272w\" sizes=\"(max-width: 1024px) 100vw, 1024px\" \/><br \/>\n<\/span><\/p>\n<p><strong>\u00a1Ahora s\u00ed! Ya est\u00e1s listo para el d\u00eda de los enamorados \ud83c\udf81<\/strong><\/p>\n<p>Si tienes alguna pregunta o necesitas alg\u00fan consejo personalizado, nuestro equipo de Happiness est\u00e1 aqu\u00ed para ti, as\u00ed que no dudes en escribirnos directamente en el chat. \ud83d\ude09<\/p>\n<p>\u00a1Hasta pronto!<\/p>\n","protected":false},"excerpt":{"rendered":"<p>\u00a1Tic, tac, tic, tac! Se acerca San Valent\u00edn y est\u00e1s buscando por todas partes, pero a\u00fan no has encontrado ninguna idea para regalar&#8230; \u00bfC\u00f3mo demostrar a tu otra mitad todo el amor que sientes? Pues qu\u00e9 bien que est\u00e9s por aqu\u00ed, porque vamos a contarte c\u00f3mo crear un \u00e1lbum de fotos personalizado para que pases [&hellip;]<\/p>\n","protected":false},"author":21,"featured_media":16889,"comment_status":"closed","ping_status":"closed","sticky":false,"template":"","format":"standard","meta":{"_acf_changed":false,"footnotes":""},"categories":[68],"tags":[],"class_list":["post-16643","post","type-post","status-publish","format-standard","has-post-thumbnail","hentry","category-tutoriales"],"acf":[],"yoast_head":"<!-- This site is optimized with the Yoast SEO plugin v27.5 - https:\/\/yoast.com\/product\/yoast-seo-wordpress\/ -->\n<title>En San Valent\u00edn, \u00bfqu\u00e9 mejor que un \u00e1lbum de fotos con vuestros recuerdos?<\/title>\n<meta name=\"description\" content=\"\u00bfBuscas ideas? Descubre c\u00f3mo crear un \u00e1lbum de fotos personalizado para que pases un San Valent\u00edn inolvidable.\u00a0\" \/>\n<meta name=\"robots\" content=\"index, follow, max-snippet:-1, max-image-preview:large, max-video-preview:-1\" \/>\n<link rel=\"canonical\" href=\"https:\/\/esblog.cheerz.com\/tutoriales\/san-valentin-album-fotos-recuerdos\/\" \/>\n<meta property=\"og:locale\" content=\"fr_FR\" \/>\n<meta property=\"og:type\" content=\"article\" \/>\n<meta property=\"og:title\" content=\"En San Valent\u00edn, \u00bfqu\u00e9 mejor que un \u00e1lbum de fotos con vuestros recuerdos?\" \/>\n<meta property=\"og:description\" content=\"\u00bfBuscas ideas? Descubre c\u00f3mo crear un \u00e1lbum de fotos personalizado para que pases un San Valent\u00edn inolvidable.\u00a0\" \/>\n<meta property=\"og:url\" content=\"https:\/\/esblog.cheerz.com\/tutoriales\/san-valentin-album-fotos-recuerdos\/\" \/>\n<meta property=\"og:site_name\" content=\"Montadito Cheerz\" \/>\n<meta property=\"article:published_time\" content=\"2021-02-04T19:33:10+00:00\" \/>\n<meta property=\"article:modified_time\" content=\"2021-12-27T17:13:13+00:00\" \/>\n<meta property=\"og:image\" content=\"https:\/\/esblog.cheerz.com\/wp-content\/uploads\/2021\/02\/2H4A8764-RTC-ES-copie-scaled.jpg\" \/>\n\t<meta property=\"og:image:width\" content=\"2048\" \/>\n\t<meta property=\"og:image:height\" content=\"1366\" \/>\n\t<meta property=\"og:image:type\" content=\"image\/jpeg\" \/>\n<meta name=\"author\" content=\"Qui Marin Larios\" \/>\n<meta name=\"twitter:card\" content=\"summary_large_image\" \/>\n<meta name=\"twitter:label1\" content=\"\u00c9crit par\" \/>\n\t<meta name=\"twitter:data1\" content=\"Qui Marin Larios\" \/>\n\t<meta name=\"twitter:label2\" content=\"Dur\u00e9e de lecture estim\u00e9e\" \/>\n\t<meta name=\"twitter:data2\" content=\"4 minutes\" \/>\n<script type=\"application\/ld+json\" class=\"yoast-schema-graph\">{\"@context\":\"https:\\\/\\\/schema.org\",\"@graph\":[{\"@type\":\"Article\",\"@id\":\"https:\\\/\\\/esblog.cheerz.com\\\/tutoriales\\\/san-valentin-album-fotos-recuerdos\\\/#article\",\"isPartOf\":{\"@id\":\"https:\\\/\\\/esblog.cheerz.com\\\/tutoriales\\\/san-valentin-album-fotos-recuerdos\\\/\"},\"author\":{\"name\":\"Qui Marin Larios\",\"@id\":\"https:\\\/\\\/esblog.cheerz.com\\\/#\\\/schema\\\/person\\\/bd79f5feadc6426ac8e02c427e4a84ba\"},\"headline\":\"En San Valent\u00edn, \u00bfqu\u00e9 mejor que un \u00e1lbum de fotos con vuestros recuerdos?\",\"datePublished\":\"2021-02-04T19:33:10+00:00\",\"dateModified\":\"2021-12-27T17:13:13+00:00\",\"mainEntityOfPage\":{\"@id\":\"https:\\\/\\\/esblog.cheerz.com\\\/tutoriales\\\/san-valentin-album-fotos-recuerdos\\\/\"},\"wordCount\":746,\"image\":{\"@id\":\"https:\\\/\\\/esblog.cheerz.com\\\/tutoriales\\\/san-valentin-album-fotos-recuerdos\\\/#primaryimage\"},\"thumbnailUrl\":\"https:\\\/\\\/esblog.cheerz.com\\\/wp-content\\\/uploads\\\/2021\\\/02\\\/2H4A8764-RTC-ES-copie-scaled.jpg\",\"articleSection\":[\"Tutoriales\"],\"inLanguage\":\"fr-FR\"},{\"@type\":\"WebPage\",\"@id\":\"https:\\\/\\\/esblog.cheerz.com\\\/tutoriales\\\/san-valentin-album-fotos-recuerdos\\\/\",\"url\":\"https:\\\/\\\/esblog.cheerz.com\\\/tutoriales\\\/san-valentin-album-fotos-recuerdos\\\/\",\"name\":\"En San Valent\u00edn, \u00bfqu\u00e9 mejor que un \u00e1lbum de fotos con vuestros recuerdos?\",\"isPartOf\":{\"@id\":\"https:\\\/\\\/esblog.cheerz.com\\\/#website\"},\"primaryImageOfPage\":{\"@id\":\"https:\\\/\\\/esblog.cheerz.com\\\/tutoriales\\\/san-valentin-album-fotos-recuerdos\\\/#primaryimage\"},\"image\":{\"@id\":\"https:\\\/\\\/esblog.cheerz.com\\\/tutoriales\\\/san-valentin-album-fotos-recuerdos\\\/#primaryimage\"},\"thumbnailUrl\":\"https:\\\/\\\/esblog.cheerz.com\\\/wp-content\\\/uploads\\\/2021\\\/02\\\/2H4A8764-RTC-ES-copie-scaled.jpg\",\"datePublished\":\"2021-02-04T19:33:10+00:00\",\"dateModified\":\"2021-12-27T17:13:13+00:00\",\"author\":{\"@id\":\"https:\\\/\\\/esblog.cheerz.com\\\/#\\\/schema\\\/person\\\/bd79f5feadc6426ac8e02c427e4a84ba\"},\"description\":\"\u00bfBuscas ideas? Descubre c\u00f3mo crear un \u00e1lbum de fotos personalizado para que pases un San Valent\u00edn inolvidable.\u00a0\",\"breadcrumb\":{\"@id\":\"https:\\\/\\\/esblog.cheerz.com\\\/tutoriales\\\/san-valentin-album-fotos-recuerdos\\\/#breadcrumb\"},\"inLanguage\":\"fr-FR\",\"potentialAction\":[{\"@type\":\"ReadAction\",\"target\":[\"https:\\\/\\\/esblog.cheerz.com\\\/tutoriales\\\/san-valentin-album-fotos-recuerdos\\\/\"]}]},{\"@type\":\"ImageObject\",\"inLanguage\":\"fr-FR\",\"@id\":\"https:\\\/\\\/esblog.cheerz.com\\\/tutoriales\\\/san-valentin-album-fotos-recuerdos\\\/#primaryimage\",\"url\":\"https:\\\/\\\/esblog.cheerz.com\\\/wp-content\\\/uploads\\\/2021\\\/02\\\/2H4A8764-RTC-ES-copie-scaled.jpg\",\"contentUrl\":\"https:\\\/\\\/esblog.cheerz.com\\\/wp-content\\\/uploads\\\/2021\\\/02\\\/2H4A8764-RTC-ES-copie-scaled.jpg\",\"width\":2048,\"height\":1366,\"caption\":\"\u00c1lbum San Valent\u00edn\"},{\"@type\":\"BreadcrumbList\",\"@id\":\"https:\\\/\\\/esblog.cheerz.com\\\/tutoriales\\\/san-valentin-album-fotos-recuerdos\\\/#breadcrumb\",\"itemListElement\":[{\"@type\":\"ListItem\",\"position\":1,\"name\":\"Royal Cheerz\",\"item\":\"https:\\\/\\\/esblog.cheerz.com\\\/\"},{\"@type\":\"ListItem\",\"position\":2,\"name\":\"Tutoriales\",\"item\":\"https:\\\/\\\/esblog.cheerz.com\\\/categorie\\\/tutoriales\\\/\"},{\"@type\":\"ListItem\",\"position\":3,\"name\":\"En San Valent\u00edn, \u00bfqu\u00e9 mejor que un \u00e1lbum de fotos con vuestros recuerdos?\"}]},{\"@type\":\"WebSite\",\"@id\":\"https:\\\/\\\/esblog.cheerz.com\\\/#website\",\"url\":\"https:\\\/\\\/esblog.cheerz.com\\\/\",\"name\":\"Montadito Cheerz\",\"description\":\"\",\"potentialAction\":[{\"@type\":\"SearchAction\",\"target\":{\"@type\":\"EntryPoint\",\"urlTemplate\":\"https:\\\/\\\/esblog.cheerz.com\\\/?s={search_term_string}\"},\"query-input\":{\"@type\":\"PropertyValueSpecification\",\"valueRequired\":true,\"valueName\":\"search_term_string\"}}],\"inLanguage\":\"fr-FR\"},{\"@type\":\"Person\",\"@id\":\"https:\\\/\\\/esblog.cheerz.com\\\/#\\\/schema\\\/person\\\/bd79f5feadc6426ac8e02c427e4a84ba\",\"name\":\"Qui Marin Larios\",\"image\":{\"@type\":\"ImageObject\",\"inLanguage\":\"fr-FR\",\"@id\":\"https:\\\/\\\/secure.gravatar.com\\\/avatar\\\/fa7ed7faba90c6d30c5cacf4b4653f9f4a9111bc59960b5aaf71342302b0cac9?s=96&d=mm&r=g\",\"url\":\"https:\\\/\\\/secure.gravatar.com\\\/avatar\\\/fa7ed7faba90c6d30c5cacf4b4653f9f4a9111bc59960b5aaf71342302b0cac9?s=96&d=mm&r=g\",\"contentUrl\":\"https:\\\/\\\/secure.gravatar.com\\\/avatar\\\/fa7ed7faba90c6d30c5cacf4b4653f9f4a9111bc59960b5aaf71342302b0cac9?s=96&d=mm&r=g\",\"caption\":\"Qui Marin Larios\"},\"url\":\"https:\\\/\\\/esblog.cheerz.com\\\/author\\\/qui-marinlarios\\\/\"}]}<\/script>\n<!-- \/ Yoast SEO plugin. -->","yoast_head_json":{"title":"En San Valent\u00edn, \u00bfqu\u00e9 mejor que un \u00e1lbum de fotos con vuestros recuerdos?","description":"\u00bfBuscas ideas? Descubre c\u00f3mo crear un \u00e1lbum de fotos personalizado para que pases un San Valent\u00edn inolvidable.\u00a0","robots":{"index":"index","follow":"follow","max-snippet":"max-snippet:-1","max-image-preview":"max-image-preview:large","max-video-preview":"max-video-preview:-1"},"canonical":"https:\/\/esblog.cheerz.com\/tutoriales\/san-valentin-album-fotos-recuerdos\/","og_locale":"fr_FR","og_type":"article","og_title":"En San Valent\u00edn, \u00bfqu\u00e9 mejor que un \u00e1lbum de fotos con vuestros recuerdos?","og_description":"\u00bfBuscas ideas? Descubre c\u00f3mo crear un \u00e1lbum de fotos personalizado para que pases un San Valent\u00edn inolvidable.\u00a0","og_url":"https:\/\/esblog.cheerz.com\/tutoriales\/san-valentin-album-fotos-recuerdos\/","og_site_name":"Montadito Cheerz","article_published_time":"2021-02-04T19:33:10+00:00","article_modified_time":"2021-12-27T17:13:13+00:00","og_image":[{"width":2048,"height":1366,"url":"https:\/\/esblog.cheerz.com\/wp-content\/uploads\/2021\/02\/2H4A8764-RTC-ES-copie-scaled.jpg","type":"image\/jpeg"}],"author":"Qui Marin Larios","twitter_card":"summary_large_image","twitter_misc":{"\u00c9crit par":"Qui Marin Larios","Dur\u00e9e de lecture estim\u00e9e":"4 minutes"},"schema":{"@context":"https:\/\/schema.org","@graph":[{"@type":"Article","@id":"https:\/\/esblog.cheerz.com\/tutoriales\/san-valentin-album-fotos-recuerdos\/#article","isPartOf":{"@id":"https:\/\/esblog.cheerz.com\/tutoriales\/san-valentin-album-fotos-recuerdos\/"},"author":{"name":"Qui Marin Larios","@id":"https:\/\/esblog.cheerz.com\/#\/schema\/person\/bd79f5feadc6426ac8e02c427e4a84ba"},"headline":"En San Valent\u00edn, \u00bfqu\u00e9 mejor que un \u00e1lbum de fotos con vuestros recuerdos?","datePublished":"2021-02-04T19:33:10+00:00","dateModified":"2021-12-27T17:13:13+00:00","mainEntityOfPage":{"@id":"https:\/\/esblog.cheerz.com\/tutoriales\/san-valentin-album-fotos-recuerdos\/"},"wordCount":746,"image":{"@id":"https:\/\/esblog.cheerz.com\/tutoriales\/san-valentin-album-fotos-recuerdos\/#primaryimage"},"thumbnailUrl":"https:\/\/esblog.cheerz.com\/wp-content\/uploads\/2021\/02\/2H4A8764-RTC-ES-copie-scaled.jpg","articleSection":["Tutoriales"],"inLanguage":"fr-FR"},{"@type":"WebPage","@id":"https:\/\/esblog.cheerz.com\/tutoriales\/san-valentin-album-fotos-recuerdos\/","url":"https:\/\/esblog.cheerz.com\/tutoriales\/san-valentin-album-fotos-recuerdos\/","name":"En San Valent\u00edn, \u00bfqu\u00e9 mejor que un \u00e1lbum de fotos con vuestros recuerdos?","isPartOf":{"@id":"https:\/\/esblog.cheerz.com\/#website"},"primaryImageOfPage":{"@id":"https:\/\/esblog.cheerz.com\/tutoriales\/san-valentin-album-fotos-recuerdos\/#primaryimage"},"image":{"@id":"https:\/\/esblog.cheerz.com\/tutoriales\/san-valentin-album-fotos-recuerdos\/#primaryimage"},"thumbnailUrl":"https:\/\/esblog.cheerz.com\/wp-content\/uploads\/2021\/02\/2H4A8764-RTC-ES-copie-scaled.jpg","datePublished":"2021-02-04T19:33:10+00:00","dateModified":"2021-12-27T17:13:13+00:00","author":{"@id":"https:\/\/esblog.cheerz.com\/#\/schema\/person\/bd79f5feadc6426ac8e02c427e4a84ba"},"description":"\u00bfBuscas ideas? Descubre c\u00f3mo crear un \u00e1lbum de fotos personalizado para que pases un San Valent\u00edn inolvidable.\u00a0","breadcrumb":{"@id":"https:\/\/esblog.cheerz.com\/tutoriales\/san-valentin-album-fotos-recuerdos\/#breadcrumb"},"inLanguage":"fr-FR","potentialAction":[{"@type":"ReadAction","target":["https:\/\/esblog.cheerz.com\/tutoriales\/san-valentin-album-fotos-recuerdos\/"]}]},{"@type":"ImageObject","inLanguage":"fr-FR","@id":"https:\/\/esblog.cheerz.com\/tutoriales\/san-valentin-album-fotos-recuerdos\/#primaryimage","url":"https:\/\/esblog.cheerz.com\/wp-content\/uploads\/2021\/02\/2H4A8764-RTC-ES-copie-scaled.jpg","contentUrl":"https:\/\/esblog.cheerz.com\/wp-content\/uploads\/2021\/02\/2H4A8764-RTC-ES-copie-scaled.jpg","width":2048,"height":1366,"caption":"\u00c1lbum San Valent\u00edn"},{"@type":"BreadcrumbList","@id":"https:\/\/esblog.cheerz.com\/tutoriales\/san-valentin-album-fotos-recuerdos\/#breadcrumb","itemListElement":[{"@type":"ListItem","position":1,"name":"Royal Cheerz","item":"https:\/\/esblog.cheerz.com\/"},{"@type":"ListItem","position":2,"name":"Tutoriales","item":"https:\/\/esblog.cheerz.com\/categorie\/tutoriales\/"},{"@type":"ListItem","position":3,"name":"En San Valent\u00edn, \u00bfqu\u00e9 mejor que un \u00e1lbum de fotos con vuestros recuerdos?"}]},{"@type":"WebSite","@id":"https:\/\/esblog.cheerz.com\/#website","url":"https:\/\/esblog.cheerz.com\/","name":"Montadito Cheerz","description":"","potentialAction":[{"@type":"SearchAction","target":{"@type":"EntryPoint","urlTemplate":"https:\/\/esblog.cheerz.com\/?s={search_term_string}"},"query-input":{"@type":"PropertyValueSpecification","valueRequired":true,"valueName":"search_term_string"}}],"inLanguage":"fr-FR"},{"@type":"Person","@id":"https:\/\/esblog.cheerz.com\/#\/schema\/person\/bd79f5feadc6426ac8e02c427e4a84ba","name":"Qui Marin Larios","image":{"@type":"ImageObject","inLanguage":"fr-FR","@id":"https:\/\/secure.gravatar.com\/avatar\/fa7ed7faba90c6d30c5cacf4b4653f9f4a9111bc59960b5aaf71342302b0cac9?s=96&d=mm&r=g","url":"https:\/\/secure.gravatar.com\/avatar\/fa7ed7faba90c6d30c5cacf4b4653f9f4a9111bc59960b5aaf71342302b0cac9?s=96&d=mm&r=g","contentUrl":"https:\/\/secure.gravatar.com\/avatar\/fa7ed7faba90c6d30c5cacf4b4653f9f4a9111bc59960b5aaf71342302b0cac9?s=96&d=mm&r=g","caption":"Qui Marin Larios"},"url":"https:\/\/esblog.cheerz.com\/author\/qui-marinlarios\/"}]}},"_links":{"self":[{"href":"https:\/\/esblog.cheerz.com\/wp-json\/wp\/v2\/posts\/16643","targetHints":{"allow":["GET"]}}],"collection":[{"href":"https:\/\/esblog.cheerz.com\/wp-json\/wp\/v2\/posts"}],"about":[{"href":"https:\/\/esblog.cheerz.com\/wp-json\/wp\/v2\/types\/post"}],"author":[{"embeddable":true,"href":"https:\/\/esblog.cheerz.com\/wp-json\/wp\/v2\/users\/21"}],"replies":[{"embeddable":true,"href":"https:\/\/esblog.cheerz.com\/wp-json\/wp\/v2\/comments?post=16643"}],"version-history":[{"count":0,"href":"https:\/\/esblog.cheerz.com\/wp-json\/wp\/v2\/posts\/16643\/revisions"}],"wp:featuredmedia":[{"embeddable":true,"href":"https:\/\/esblog.cheerz.com\/wp-json\/wp\/v2\/media\/16889"}],"wp:attachment":[{"href":"https:\/\/esblog.cheerz.com\/wp-json\/wp\/v2\/media?parent=16643"}],"wp:term":[{"taxonomy":"category","embeddable":true,"href":"https:\/\/esblog.cheerz.com\/wp-json\/wp\/v2\/categories?post=16643"},{"taxonomy":"post_tag","embeddable":true,"href":"https:\/\/esblog.cheerz.com\/wp-json\/wp\/v2\/tags?post=16643"}],"curies":[{"name":"wp","href":"https:\/\/api.w.org\/{rel}","templated":true}]}}