
{"id":16505,"date":"2020-12-01T10:54:58","date_gmt":"2020-12-01T09:54:58","guid":{"rendered":"https:\/\/montadito.wpengine.com\/?p=16505"},"modified":"2021-12-27T14:35:11","modified_gmt":"2021-12-27T13:35:11","slug":"crear-calendario-fotos-en-linea","status":"publish","type":"post","link":"https:\/\/esblog.cheerz.com\/consejos\/crear-calendario-fotos-en-linea\/","title":{"rendered":"Crea un calendario de fotos en l\u00ednea"},"content":{"rendered":"<h2 id=\"how-nbsp\"><strong>\u00bfC\u00f3mo crear un calendario de fotos personalizado?<\/strong><\/h2>\n<p><em>\u00ab\u00a0\u00a1Ups!, \u00a1me olvid\u00e9 por completo!\u00a0\u00bb, \u00ab\u00a0\u00a1Maldita sea!\u00a0\u00bb, \u00ab\u00a0Ah, \u00bffue ayer?\u00a0\u00bb<\/em><\/p>\n<p>Se acabaron los olvidos, las excusas y las molestias. Este a\u00f1o, <strong>convi\u00e9rtete en un maestro de la organizaci\u00f3n<\/strong>.<\/p>\n<p>\u00bfTienes una pared blanca para decorar en tu cocina? \u00bfBuscas algo<strong>\u00a0original y personalizado<\/strong> para regalar a tus seres queridos en Navidad? Est\u00e1s en el sitio correcto. Hoy te traemos un tutorial para crear el <a href=\"https:\/\/www.cheerz.com\/es\/categories\/calendar\">calendario fotogr\u00e1fico<\/a> m\u00e1s bonito de la historia: el tuyo propio. As\u00ed que prepara tus bol\u00edgrafos y comencemos.<\/p>\n<h3 id=\"pro-nbsp\"><b>#1: Selecciona tus fotos como un pro<\/b><\/h3>\n<p>\u00bfTienes miles de fotos en el m\u00f3vil? \u00bfEres un fot\u00f3grafo compulsivo? Este paso es para ti. <strong>La selecci\u00f3n de las fotos es esencial<\/strong>, puede parecer larga, pero tenemos algunos consejos para ayudarte.<\/p>\n<ol>\n<li>Empieza por <strong>eliminar todas las fotos mal encuadradas, borrosas, demasiado oscuras<\/strong> o esas en las que aparece tu pulgar (tranquilo, a todos nos pasa).<\/li>\n<li>Despu\u00e9s, tendr\u00e1s que elegir las<strong>\u00a0fotos m\u00e1s bonitas<\/strong>. Sea cual sea el formato, el <strong>calendario fotogr\u00e1fico puede contener entre 1 y 4 fotos en cada mes<\/strong>, adem\u00e1s de la foto de portada. Excepto el calendario de una sola p\u00e1gina que, obviamente, no puede contener m\u00e1s de cuatro fotos. Tras un r\u00e1pido c\u00e1lculo, tendr\u00e1s que elegir entre 13 y 49 fotos (s\u00ed, Einstein) de entre todos tus recuerdos.<\/li>\n<li>Selecciona tus fotos y <strong>crea carpetas para cada mes del a\u00f1o<\/strong>: fotos de las vacaciones de verano para entrar en calor en pleno mes de diciembre o fotos de la \u00faltima Navidad en agosto. De ti depende seleccionar lo mejor de tus fotos para cada mes, para que tu calendario de pared personalizado est\u00e9 lleno de buenas vibraciones y emociones.<\/li>\n<\/ol>\n<h3 id=\"format-nbsp\"><b>#2: \u00bfC\u00f3mo elegir el formato de mi calendario de fotos?<\/b><\/h3>\n<p>Ya has o\u00eddo hablar de los 4 fant\u00e1sticos, la pizza de 4 quesos y de las 4 estaciones de Vivaldi. Ahora, se\u00f1oras y se\u00f1ores, es hora de conocer <strong>los 4 formatos para crear tu calendario fotogr\u00e1fico<\/strong>:<\/p>\n<ul>\n<li style=\"font-weight: 400;\"><a href=\"https:\/\/www.cheerz.com\/es\/products\/calendars-a3-portrait\"><b>El calendario de fotos A3<\/b><\/a> (30 x 42 cm) con espirales de color plateado, perfecto para colgar en la pared. Este calendario personalizado es ideal para fotos de gran tama\u00f1o y vestir\u00e1 tu casa con estilo.<\/li>\n<li style=\"font-weight: 400;\"><a href=\"https:\/\/www.cheerz.com\/es\/products\/calendars-a4-landscape\"><b>El calendario de fotos A4 paisaje<\/b><\/a><span style=\"font-weight: 400;\"> (para ser exactos, A3 cuando est\u00e1 abierto (30 x 42 cm) y A4 cuando est\u00e1 cerrado (21 x 30 cm)). En este calendario de doble tama\u00f1o encontrar\u00e1s un recuadro para cada d\u00eda del mes, lo cual te permitir\u00e1 planificar tus citas y anotar tus eventos, adem\u00e1s de disfrutar de tus fotos durante todo el a\u00f1o. Una aut\u00e9ntica agenda que ser\u00e1 perfecta para ti tanto si eres ultraorganizado como si necesitas un empujoncito para serlo.<\/span><\/li>\n<li style=\"font-weight: 400;\"><a href=\"https:\/\/www.cheerz.com\/es\/products\/calendars-a4-portrait\"><b>El calendario de fotos A4 portarretrato <\/b><\/a><span style=\"font-weight: 400;\">(en un formato sencillo de 21 x 30 cm): es, sin duda, el hermano peque\u00f1o del calendario fotogr\u00e1fico apaisado A4. Son similares en todos los sentidos, pero este se mantiene en posici\u00f3n vertical y las fotos est\u00e1n en la misma p\u00e1gina que los d\u00edas del mes. \u00bfDe qu\u00e9 equipo eres: retrato o paisaje?\u00a0<\/span><\/li>\n<li style=\"font-weight: 400;\"><a href=\"https:\/\/www.cheerz.com\/fr\/products\/calendar30x45-monopage\"><b>El calendario de fotos anual<\/b><\/a><span style=\"font-weight: 400;\"> (30 x 45 cm en formato vertical u horizontal): \u00a1es el ni\u00f1o nuevo del barrio! Todo bonito, c\u00e1lido, es muy f\u00e1cil y r\u00e1pido de crear. Lo tendr\u00e1s listo en muy pocos clics y es una gran idea de regalo a un precio muy asequible para peque\u00f1os presupuestos o para decorar tu oficina durante todo el a\u00f1o.\u00a0<\/span><\/li>\n<\/ul>\n<p>Hay para todos los gustos. Selecciona el mejor formato para tu fotocalendario y sigamos adelante. \ud83d\udc47<\/p>\n<p><a href=\"https:\/\/www.cheerz.com\/fr\"><img decoding=\"async\" class=\"alignnone wp-image-16507 size-full\" title=\"calendrier annuel cheerz\" src=\"https:\/\/montadito.wpengine.com\/wp-content\/uploads\/2020\/11\/calendrier_photo1.png\" alt=\"calendrier annuel 2021 id\u00e9e de cadeau noel\" width=\"1200\" height=\"479\" srcset=\"https:\/\/esblog.cheerz.com\/wp-content\/uploads\/2020\/11\/calendrier_photo1.png 1200w, https:\/\/esblog.cheerz.com\/wp-content\/uploads\/2020\/11\/calendrier_photo1-300x120.png 300w, https:\/\/esblog.cheerz.com\/wp-content\/uploads\/2020\/11\/calendrier_photo1-1024x409.png 1024w, https:\/\/esblog.cheerz.com\/wp-content\/uploads\/2020\/11\/calendrier_photo1-768x307.png 768w, https:\/\/esblog.cheerz.com\/wp-content\/uploads\/2020\/11\/calendrier_photo1-1000x399.png 1000w\" sizes=\"(max-width: 1200px) 100vw, 1200px\" \/><\/a><\/p>\n<h3 id=\"perso-nbsp\"><b>#3: \u00bfC\u00f3mo personalizar tu calendario de fotos?\u00a0<\/b><\/h3>\n<p><i><span style=\"font-weight: 400;\">\u201cClaro, lo hice yo.\u201d<\/span><\/i><\/p>\n<p>Si quieres que el calendario te quede perfecto, te dejamos algunos consejos para cuando crees tu calendario fotogr\u00e1fico 100% personalizado, 100% recuerdos, 100% t\u00fa:<\/p>\n<ol>\n<li style=\"font-weight: 400;\"><strong>Empieza por elegir el mes de inicio de tu calendario.<\/strong> S\u00ed, \u00bfpor qu\u00e9 no empezar el a\u00f1o en julio? T\u00fa decides con el calendario fotogr\u00e1fico personalizado. Es pr\u00e1ctico para los que llegan tarde o para empezar la agenda escolar en septiembre.<\/li>\n<li style=\"font-weight: 400;\"><strong>A continuaci\u00f3n, elige el t\u00edtulo de tu calendario.<\/strong> Incluso puedes a\u00f1adir peque\u00f1as palabras a cada mes, en la portada o en los eventos.<\/li>\n<li style=\"font-weight: 400;\">En cuanto a las fotos, \u00a1t\u00fa eres el artista! <strong>De ti depende la organizaci\u00f3n de la distribuci\u00f3n.<\/strong> Puedes organizarlas como quieras y variar el n\u00famero de fotos de cada mes. Y en cuanto al formato de las fotos, \u00a1t\u00fa decides! Redondo o rectangular, \u00bfqu\u00e9 prefieres?<\/li>\n<li style=\"font-weight: 400;\">Para los que os gusta ver la vida a todo color, \u00a1<strong>hay 6 colores diferentes disponibles<\/strong> para adaptarse cada mes a vuestro estado de \u00e1nimo!<\/li>\n<\/ol>\n<p><strong>El peque\u00f1o extra:<\/strong> \u00a1coge un boli y anota tus citas en tu fotocalendario a lo largo de todo el a\u00f1o! Se acabaron las excusas para olvidar el cumplea\u00f1os de la t\u00eda Carolina, la boda de tu primo hermano o la fecha de nacimiento de tu sobrino peque\u00f1o.<\/p>\n<h3 id=\"dates-nbsp\"><b>#4: \u00bfC\u00f3mo recordar las fechas m\u00e1s importantes?<\/b><\/h3>\n<p>Anotar tus citas en boli<em>\u00a0<\/em>est\u00e1 bien, pero poder a\u00f1adirlas directamente a tu calendario en el momento en que lo creas es a\u00fan mejor. En efecto, en los calendarios fotogr\u00e1ficos A4 en formato vertical y apaisado, <strong>puedes a\u00f1adir notas en cada casilla del calendario:<\/strong> cumplea\u00f1os, celebraciones anuales de la familia, fechas de vacaciones&#8230; \u00a1Hazte la vida f\u00e1cil a ti o al afortunado futuro propietario del calendario para no dejar nada al azar y no perderos nada! Un regalo original pero, sobre todo, muy \u00fatil.<\/p>\n<h3 id=\"go-nbsp\"><b>\u00a0#5: \u00a1Te toca a ti!<\/b><\/h3>\n<p>\u00a1Eso es todo, amigos! Has seguido este tutorial a la perfecci\u00f3n y ya <strong>eres todo un profesional del calendario fotogr\u00e1fico<\/strong>. Ya est\u00e1s listo para empezar tu pr\u00f3xima creaci\u00f3n (\u00a1estamos deseando verla!).<\/p>\n<p>Tu pedido est\u00e1 ahora en nuestra <strong>Cheerz Factory<\/strong>, que imprime cuidadosamente tus bonitas creaciones. Utilizamos <strong>el mejor papel fotogr\u00e1fico del mercado<\/strong> para garantizar que tus fotos sean de la m\u00e1xima calidad. Se trata de un papel satinado de alta calidad en el que puedes escribir con boli para que nunca te olvides de un cumplea\u00f1os. Puedes incluso recortar el papel para enmarcar tus mejores fotos, si quieres. No hay mejor excusa para crear grandes calendarios de fotos y que sean un regalo perfecto.<\/p>\n<p>\ud83d\udca1 \u00bfSabes qu\u00e9? Un Cheerzleader comprueba manualmente cada detalle de tu calendario fotogr\u00e1fico para asegurarse de que todo est\u00e1 perfecto antes de envi\u00e1rtelo.<\/p>\n<p><a href=\"https:\/\/www.cheerz.com\/fr\"><img decoding=\"async\" class=\"alignnone wp-image-16506 size-full\" title=\"calendrier photo monopage cheerz\" src=\"https:\/\/montadito.wpengine.com\/wp-content\/uploads\/2020\/11\/calendrier_photo_lifestyle.png\" alt=\"calendrier photo monopage cheerz\" width=\"1200\" height=\"693\" srcset=\"https:\/\/esblog.cheerz.com\/wp-content\/uploads\/2020\/11\/calendrier_photo_lifestyle.png 1200w, https:\/\/esblog.cheerz.com\/wp-content\/uploads\/2020\/11\/calendrier_photo_lifestyle-300x173.png 300w, https:\/\/esblog.cheerz.com\/wp-content\/uploads\/2020\/11\/calendrier_photo_lifestyle-1024x591.png 1024w, https:\/\/esblog.cheerz.com\/wp-content\/uploads\/2020\/11\/calendrier_photo_lifestyle-768x444.png 768w, https:\/\/esblog.cheerz.com\/wp-content\/uploads\/2020\/11\/calendrier_photo_lifestyle-1000x578.png 1000w, https:\/\/esblog.cheerz.com\/wp-content\/uploads\/2020\/11\/calendrier_photo_lifestyle-780x450.png 780w\" sizes=\"(max-width: 1200px) 100vw, 1200px\" \/><\/a><\/p>\n<p><strong><i>\u00ab\u00a0\u00bfEst\u00e1s dentro o est\u00e1s fuera?\u00a0\u00bb<\/i><\/strong><\/p>\n<p>\u00bfBuscas nuestros calendarios? Dir\u00edgete a la secci\u00f3n \u00ab\u00a0<a href=\"https:\/\/www.cheerz.com\/es\/categories\/calendar\">Calendario de fotos<\/a>\u00a0\u00bb de nuestra <a href=\"https:\/\/www.cheerz.com\/es\">web<\/a> o aplicaci\u00f3n para encontrar tu formato favorito. Y si necesitas consejos personalizados, nuestro equipo de Happiness est\u00e1 aqu\u00ed para responder a tus preguntas, saludar o simplemente compartir su sabidur\u00eda. \u2764\ufe0f As\u00ed que no dudes en ponerte en contacto con nosotros directamente en el chat.<\/p>\n<p>Descubre tambi\u00e9n todos nuestros productos para acompa\u00f1ar a ese magn\u00edfico calendario fotogr\u00e1fico personalizado: libro de fotos, lienzo fotogr\u00e1fico, im\u00e1n cuadrado y p\u00f3ster <em>vintage<\/em>&#8230; \u00a1Encontrar\u00e1s tantas ideas para hacer regalos personalizados, que estamos seguros de que te encantar\u00e1n!<\/p>\n","protected":false},"excerpt":{"rendered":"<p>\u00bfC\u00f3mo crear un calendario de fotos personalizado? \u00ab\u00a0\u00a1Ups!, \u00a1me olvid\u00e9 por completo!\u00a0\u00bb, \u00ab\u00a0\u00a1Maldita sea!\u00a0\u00bb, \u00ab\u00a0Ah, \u00bffue ayer?\u00a0\u00bb Se acabaron los olvidos, las excusas y las molestias. Este a\u00f1o, convi\u00e9rtete en un maestro de la organizaci\u00f3n. \u00bfTienes una pared blanca para decorar en tu cocina? \u00bfBuscas algo\u00a0original y personalizado para regalar a tus seres queridos en [&hellip;]<\/p>\n","protected":false},"author":21,"featured_media":16508,"comment_status":"closed","ping_status":"closed","sticky":false,"template":"","format":"standard","meta":{"_acf_changed":false,"footnotes":""},"categories":[69],"tags":[],"class_list":["post-16505","post","type-post","status-publish","format-standard","has-post-thumbnail","hentry","category-consejos"],"acf":[],"yoast_head":"<!-- This site is optimized with the Yoast SEO plugin v27.5 - https:\/\/yoast.com\/product\/yoast-seo-wordpress\/ -->\n<title>\u00a1Crear un calendario de fotos en l\u00ednea! - Gu\u00eda - Cheerz<\/title>\n<meta name=\"description\" content=\"\u27a4 En la vida hay fechas que no deben faltar, as\u00ed que no te olvides de nada, descubre c\u00f3mo crear tu propio calendario fotogr\u00e1fico\" \/>\n<meta name=\"robots\" content=\"index, follow, max-snippet:-1, max-image-preview:large, max-video-preview:-1\" \/>\n<link rel=\"canonical\" href=\"https:\/\/esblog.cheerz.com\/consejos\/crear-calendario-fotos-en-linea\/\" \/>\n<meta property=\"og:locale\" content=\"fr_FR\" \/>\n<meta property=\"og:type\" content=\"article\" \/>\n<meta property=\"og:title\" content=\"\u00a1Crear un calendario de fotos en l\u00ednea! - Gu\u00eda - Cheerz\" \/>\n<meta property=\"og:description\" content=\"\u27a4 En la vida hay fechas que no deben faltar, as\u00ed que no te olvides de nada, descubre c\u00f3mo crear tu propio calendario fotogr\u00e1fico\" \/>\n<meta property=\"og:url\" content=\"https:\/\/esblog.cheerz.com\/consejos\/crear-calendario-fotos-en-linea\/\" \/>\n<meta property=\"og:site_name\" content=\"Montadito Cheerz\" \/>\n<meta property=\"article:published_time\" content=\"2020-12-01T09:54:58+00:00\" \/>\n<meta property=\"article:modified_time\" content=\"2021-12-27T13:35:11+00:00\" \/>\n<meta property=\"og:image\" content=\"https:\/\/esblog.cheerz.com\/wp-content\/uploads\/2020\/11\/header_calendrier_photo.png\" \/>\n\t<meta property=\"og:image:width\" content=\"1200\" \/>\n\t<meta property=\"og:image:height\" content=\"800\" \/>\n\t<meta property=\"og:image:type\" content=\"image\/png\" \/>\n<meta name=\"author\" content=\"Qui Marin Larios\" \/>\n<meta name=\"twitter:card\" content=\"summary_large_image\" \/>\n<meta name=\"twitter:label1\" content=\"\u00c9crit par\" \/>\n\t<meta name=\"twitter:data1\" content=\"Qui Marin Larios\" \/>\n\t<meta name=\"twitter:label2\" content=\"Dur\u00e9e de lecture estim\u00e9e\" \/>\n\t<meta name=\"twitter:data2\" content=\"6 minutes\" \/>\n<script type=\"application\/ld+json\" class=\"yoast-schema-graph\">{\"@context\":\"https:\\\/\\\/schema.org\",\"@graph\":[{\"@type\":\"Article\",\"@id\":\"https:\\\/\\\/esblog.cheerz.com\\\/consejos\\\/crear-calendario-fotos-en-linea\\\/#article\",\"isPartOf\":{\"@id\":\"https:\\\/\\\/esblog.cheerz.com\\\/consejos\\\/crear-calendario-fotos-en-linea\\\/\"},\"author\":{\"name\":\"Qui Marin Larios\",\"@id\":\"https:\\\/\\\/esblog.cheerz.com\\\/#\\\/schema\\\/person\\\/bd79f5feadc6426ac8e02c427e4a84ba\"},\"headline\":\"Crea un calendario de fotos en l\u00ednea\",\"datePublished\":\"2020-12-01T09:54:58+00:00\",\"dateModified\":\"2021-12-27T13:35:11+00:00\",\"mainEntityOfPage\":{\"@id\":\"https:\\\/\\\/esblog.cheerz.com\\\/consejos\\\/crear-calendario-fotos-en-linea\\\/\"},\"wordCount\":1199,\"image\":{\"@id\":\"https:\\\/\\\/esblog.cheerz.com\\\/consejos\\\/crear-calendario-fotos-en-linea\\\/#primaryimage\"},\"thumbnailUrl\":\"https:\\\/\\\/esblog.cheerz.com\\\/wp-content\\\/uploads\\\/2020\\\/11\\\/header_calendrier_photo.png\",\"articleSection\":[\"Consejos\"],\"inLanguage\":\"fr-FR\"},{\"@type\":\"WebPage\",\"@id\":\"https:\\\/\\\/esblog.cheerz.com\\\/consejos\\\/crear-calendario-fotos-en-linea\\\/\",\"url\":\"https:\\\/\\\/esblog.cheerz.com\\\/consejos\\\/crear-calendario-fotos-en-linea\\\/\",\"name\":\"\u00a1Crear un calendario de fotos en l\u00ednea! - Gu\u00eda - Cheerz\",\"isPartOf\":{\"@id\":\"https:\\\/\\\/esblog.cheerz.com\\\/#website\"},\"primaryImageOfPage\":{\"@id\":\"https:\\\/\\\/esblog.cheerz.com\\\/consejos\\\/crear-calendario-fotos-en-linea\\\/#primaryimage\"},\"image\":{\"@id\":\"https:\\\/\\\/esblog.cheerz.com\\\/consejos\\\/crear-calendario-fotos-en-linea\\\/#primaryimage\"},\"thumbnailUrl\":\"https:\\\/\\\/esblog.cheerz.com\\\/wp-content\\\/uploads\\\/2020\\\/11\\\/header_calendrier_photo.png\",\"datePublished\":\"2020-12-01T09:54:58+00:00\",\"dateModified\":\"2021-12-27T13:35:11+00:00\",\"author\":{\"@id\":\"https:\\\/\\\/esblog.cheerz.com\\\/#\\\/schema\\\/person\\\/bd79f5feadc6426ac8e02c427e4a84ba\"},\"description\":\"\u27a4 En la vida hay fechas que no deben faltar, as\u00ed que no te olvides de nada, descubre c\u00f3mo crear tu propio calendario fotogr\u00e1fico\",\"breadcrumb\":{\"@id\":\"https:\\\/\\\/esblog.cheerz.com\\\/consejos\\\/crear-calendario-fotos-en-linea\\\/#breadcrumb\"},\"inLanguage\":\"fr-FR\",\"potentialAction\":[{\"@type\":\"ReadAction\",\"target\":[\"https:\\\/\\\/esblog.cheerz.com\\\/consejos\\\/crear-calendario-fotos-en-linea\\\/\"]}]},{\"@type\":\"ImageObject\",\"inLanguage\":\"fr-FR\",\"@id\":\"https:\\\/\\\/esblog.cheerz.com\\\/consejos\\\/crear-calendario-fotos-en-linea\\\/#primaryimage\",\"url\":\"https:\\\/\\\/esblog.cheerz.com\\\/wp-content\\\/uploads\\\/2020\\\/11\\\/header_calendrier_photo.png\",\"contentUrl\":\"https:\\\/\\\/esblog.cheerz.com\\\/wp-content\\\/uploads\\\/2020\\\/11\\\/header_calendrier_photo.png\",\"width\":1200,\"height\":800,\"caption\":\"calendrier photo monopage annuel cheerz\"},{\"@type\":\"BreadcrumbList\",\"@id\":\"https:\\\/\\\/esblog.cheerz.com\\\/consejos\\\/crear-calendario-fotos-en-linea\\\/#breadcrumb\",\"itemListElement\":[{\"@type\":\"ListItem\",\"position\":1,\"name\":\"Royal Cheerz\",\"item\":\"https:\\\/\\\/esblog.cheerz.com\\\/\"},{\"@type\":\"ListItem\",\"position\":2,\"name\":\"Consejos\",\"item\":\"https:\\\/\\\/esblog.cheerz.com\\\/categorie\\\/consejos\\\/\"},{\"@type\":\"ListItem\",\"position\":3,\"name\":\"Crea un calendario de fotos en l\u00ednea\"}]},{\"@type\":\"WebSite\",\"@id\":\"https:\\\/\\\/esblog.cheerz.com\\\/#website\",\"url\":\"https:\\\/\\\/esblog.cheerz.com\\\/\",\"name\":\"Montadito Cheerz\",\"description\":\"\",\"potentialAction\":[{\"@type\":\"SearchAction\",\"target\":{\"@type\":\"EntryPoint\",\"urlTemplate\":\"https:\\\/\\\/esblog.cheerz.com\\\/?s={search_term_string}\"},\"query-input\":{\"@type\":\"PropertyValueSpecification\",\"valueRequired\":true,\"valueName\":\"search_term_string\"}}],\"inLanguage\":\"fr-FR\"},{\"@type\":\"Person\",\"@id\":\"https:\\\/\\\/esblog.cheerz.com\\\/#\\\/schema\\\/person\\\/bd79f5feadc6426ac8e02c427e4a84ba\",\"name\":\"Qui Marin Larios\",\"image\":{\"@type\":\"ImageObject\",\"inLanguage\":\"fr-FR\",\"@id\":\"https:\\\/\\\/secure.gravatar.com\\\/avatar\\\/fa7ed7faba90c6d30c5cacf4b4653f9f4a9111bc59960b5aaf71342302b0cac9?s=96&d=mm&r=g\",\"url\":\"https:\\\/\\\/secure.gravatar.com\\\/avatar\\\/fa7ed7faba90c6d30c5cacf4b4653f9f4a9111bc59960b5aaf71342302b0cac9?s=96&d=mm&r=g\",\"contentUrl\":\"https:\\\/\\\/secure.gravatar.com\\\/avatar\\\/fa7ed7faba90c6d30c5cacf4b4653f9f4a9111bc59960b5aaf71342302b0cac9?s=96&d=mm&r=g\",\"caption\":\"Qui Marin Larios\"},\"url\":\"https:\\\/\\\/esblog.cheerz.com\\\/author\\\/qui-marinlarios\\\/\"}]}<\/script>\n<!-- \/ Yoast SEO plugin. -->","yoast_head_json":{"title":"\u00a1Crear un calendario de fotos en l\u00ednea! - Gu\u00eda - Cheerz","description":"\u27a4 En la vida hay fechas que no deben faltar, as\u00ed que no te olvides de nada, descubre c\u00f3mo crear tu propio calendario fotogr\u00e1fico","robots":{"index":"index","follow":"follow","max-snippet":"max-snippet:-1","max-image-preview":"max-image-preview:large","max-video-preview":"max-video-preview:-1"},"canonical":"https:\/\/esblog.cheerz.com\/consejos\/crear-calendario-fotos-en-linea\/","og_locale":"fr_FR","og_type":"article","og_title":"\u00a1Crear un calendario de fotos en l\u00ednea! - Gu\u00eda - Cheerz","og_description":"\u27a4 En la vida hay fechas que no deben faltar, as\u00ed que no te olvides de nada, descubre c\u00f3mo crear tu propio calendario fotogr\u00e1fico","og_url":"https:\/\/esblog.cheerz.com\/consejos\/crear-calendario-fotos-en-linea\/","og_site_name":"Montadito Cheerz","article_published_time":"2020-12-01T09:54:58+00:00","article_modified_time":"2021-12-27T13:35:11+00:00","og_image":[{"width":1200,"height":800,"url":"https:\/\/esblog.cheerz.com\/wp-content\/uploads\/2020\/11\/header_calendrier_photo.png","type":"image\/png"}],"author":"Qui Marin Larios","twitter_card":"summary_large_image","twitter_misc":{"\u00c9crit par":"Qui Marin Larios","Dur\u00e9e de lecture estim\u00e9e":"6 minutes"},"schema":{"@context":"https:\/\/schema.org","@graph":[{"@type":"Article","@id":"https:\/\/esblog.cheerz.com\/consejos\/crear-calendario-fotos-en-linea\/#article","isPartOf":{"@id":"https:\/\/esblog.cheerz.com\/consejos\/crear-calendario-fotos-en-linea\/"},"author":{"name":"Qui Marin Larios","@id":"https:\/\/esblog.cheerz.com\/#\/schema\/person\/bd79f5feadc6426ac8e02c427e4a84ba"},"headline":"Crea un calendario de fotos en l\u00ednea","datePublished":"2020-12-01T09:54:58+00:00","dateModified":"2021-12-27T13:35:11+00:00","mainEntityOfPage":{"@id":"https:\/\/esblog.cheerz.com\/consejos\/crear-calendario-fotos-en-linea\/"},"wordCount":1199,"image":{"@id":"https:\/\/esblog.cheerz.com\/consejos\/crear-calendario-fotos-en-linea\/#primaryimage"},"thumbnailUrl":"https:\/\/esblog.cheerz.com\/wp-content\/uploads\/2020\/11\/header_calendrier_photo.png","articleSection":["Consejos"],"inLanguage":"fr-FR"},{"@type":"WebPage","@id":"https:\/\/esblog.cheerz.com\/consejos\/crear-calendario-fotos-en-linea\/","url":"https:\/\/esblog.cheerz.com\/consejos\/crear-calendario-fotos-en-linea\/","name":"\u00a1Crear un calendario de fotos en l\u00ednea! - Gu\u00eda - Cheerz","isPartOf":{"@id":"https:\/\/esblog.cheerz.com\/#website"},"primaryImageOfPage":{"@id":"https:\/\/esblog.cheerz.com\/consejos\/crear-calendario-fotos-en-linea\/#primaryimage"},"image":{"@id":"https:\/\/esblog.cheerz.com\/consejos\/crear-calendario-fotos-en-linea\/#primaryimage"},"thumbnailUrl":"https:\/\/esblog.cheerz.com\/wp-content\/uploads\/2020\/11\/header_calendrier_photo.png","datePublished":"2020-12-01T09:54:58+00:00","dateModified":"2021-12-27T13:35:11+00:00","author":{"@id":"https:\/\/esblog.cheerz.com\/#\/schema\/person\/bd79f5feadc6426ac8e02c427e4a84ba"},"description":"\u27a4 En la vida hay fechas que no deben faltar, as\u00ed que no te olvides de nada, descubre c\u00f3mo crear tu propio calendario fotogr\u00e1fico","breadcrumb":{"@id":"https:\/\/esblog.cheerz.com\/consejos\/crear-calendario-fotos-en-linea\/#breadcrumb"},"inLanguage":"fr-FR","potentialAction":[{"@type":"ReadAction","target":["https:\/\/esblog.cheerz.com\/consejos\/crear-calendario-fotos-en-linea\/"]}]},{"@type":"ImageObject","inLanguage":"fr-FR","@id":"https:\/\/esblog.cheerz.com\/consejos\/crear-calendario-fotos-en-linea\/#primaryimage","url":"https:\/\/esblog.cheerz.com\/wp-content\/uploads\/2020\/11\/header_calendrier_photo.png","contentUrl":"https:\/\/esblog.cheerz.com\/wp-content\/uploads\/2020\/11\/header_calendrier_photo.png","width":1200,"height":800,"caption":"calendrier photo monopage annuel cheerz"},{"@type":"BreadcrumbList","@id":"https:\/\/esblog.cheerz.com\/consejos\/crear-calendario-fotos-en-linea\/#breadcrumb","itemListElement":[{"@type":"ListItem","position":1,"name":"Royal Cheerz","item":"https:\/\/esblog.cheerz.com\/"},{"@type":"ListItem","position":2,"name":"Consejos","item":"https:\/\/esblog.cheerz.com\/categorie\/consejos\/"},{"@type":"ListItem","position":3,"name":"Crea un calendario de fotos en l\u00ednea"}]},{"@type":"WebSite","@id":"https:\/\/esblog.cheerz.com\/#website","url":"https:\/\/esblog.cheerz.com\/","name":"Montadito Cheerz","description":"","potentialAction":[{"@type":"SearchAction","target":{"@type":"EntryPoint","urlTemplate":"https:\/\/esblog.cheerz.com\/?s={search_term_string}"},"query-input":{"@type":"PropertyValueSpecification","valueRequired":true,"valueName":"search_term_string"}}],"inLanguage":"fr-FR"},{"@type":"Person","@id":"https:\/\/esblog.cheerz.com\/#\/schema\/person\/bd79f5feadc6426ac8e02c427e4a84ba","name":"Qui Marin Larios","image":{"@type":"ImageObject","inLanguage":"fr-FR","@id":"https:\/\/secure.gravatar.com\/avatar\/fa7ed7faba90c6d30c5cacf4b4653f9f4a9111bc59960b5aaf71342302b0cac9?s=96&d=mm&r=g","url":"https:\/\/secure.gravatar.com\/avatar\/fa7ed7faba90c6d30c5cacf4b4653f9f4a9111bc59960b5aaf71342302b0cac9?s=96&d=mm&r=g","contentUrl":"https:\/\/secure.gravatar.com\/avatar\/fa7ed7faba90c6d30c5cacf4b4653f9f4a9111bc59960b5aaf71342302b0cac9?s=96&d=mm&r=g","caption":"Qui Marin Larios"},"url":"https:\/\/esblog.cheerz.com\/author\/qui-marinlarios\/"}]}},"_links":{"self":[{"href":"https:\/\/esblog.cheerz.com\/wp-json\/wp\/v2\/posts\/16505","targetHints":{"allow":["GET"]}}],"collection":[{"href":"https:\/\/esblog.cheerz.com\/wp-json\/wp\/v2\/posts"}],"about":[{"href":"https:\/\/esblog.cheerz.com\/wp-json\/wp\/v2\/types\/post"}],"author":[{"embeddable":true,"href":"https:\/\/esblog.cheerz.com\/wp-json\/wp\/v2\/users\/21"}],"replies":[{"embeddable":true,"href":"https:\/\/esblog.cheerz.com\/wp-json\/wp\/v2\/comments?post=16505"}],"version-history":[{"count":0,"href":"https:\/\/esblog.cheerz.com\/wp-json\/wp\/v2\/posts\/16505\/revisions"}],"wp:featuredmedia":[{"embeddable":true,"href":"https:\/\/esblog.cheerz.com\/wp-json\/wp\/v2\/media\/16508"}],"wp:attachment":[{"href":"https:\/\/esblog.cheerz.com\/wp-json\/wp\/v2\/media?parent=16505"}],"wp:term":[{"taxonomy":"category","embeddable":true,"href":"https:\/\/esblog.cheerz.com\/wp-json\/wp\/v2\/categories?post=16505"},{"taxonomy":"post_tag","embeddable":true,"href":"https:\/\/esblog.cheerz.com\/wp-json\/wp\/v2\/tags?post=16505"}],"curies":[{"name":"wp","href":"https:\/\/api.w.org\/{rel}","templated":true}]}}