
{"id":16118,"date":"2020-06-30T17:40:54","date_gmt":"2020-06-30T15:40:54","guid":{"rendered":"https:\/\/montadito.wpengine.com\/?p=16118"},"modified":"2025-07-01T11:56:18","modified_gmt":"2025-07-01T09:56:18","slug":"el-collage-de-fotos-ideal-para-decorar-tus-paredes","status":"publish","type":"post","link":"https:\/\/esblog.cheerz.com\/tutoriales\/header-revivre\/el-collage-de-fotos-ideal-para-decorar-tus-paredes\/","title":{"rendered":"El collage de fotos ideal para decorar tus paredes"},"content":{"rendered":"<p>\u00bfBuscas nuevas ideas para cambiar el look de las paredes de tu casa? \u00bfNecesitas un poco de inspiraci\u00f3n para hacer algo con tus revelados? <strong><br \/>\n<\/strong><\/p>\n<p>\u00bfQu\u00e9 tal si haces un <em>collage <\/em>de fotos?<\/p>\n<div class=\"sommaire_content\"><u><strong>Resumen:<\/strong><\/u><\/div>\n<ul class=\"sommaire_ul_content\">\n<li style=\"list-style-type: none;\">\n<ul class=\"sommaire_ul_content\">\n<li style=\"text-align: justify;\"><a href=\"#how-nbsp\">\u00bfC\u00f3mo hacer un <em>collage<\/em> con tus revelados de fotos?<\/a><\/li>\n<li style=\"text-align: justify;\"><a href=\"#need-nbsp\">Todo lo que necesitas\u2026<\/a><\/li>\n<li style=\"text-align: justify;\"><a href=\"#doit-nbsp\">\u00a1Manos a la obra!<\/a><\/li>\n<li style=\"text-align: justify;\"><a href=\"#prep-nbsp\">Paso 1: la preparaci\u00f3n <\/a><\/li>\n<li style=\"text-align: justify;\"><a href=\"#ficelle-nbsp\">Paso 2: la uni\u00f3n<\/a><\/li>\n<li style=\"text-align: justify;\"><a href=\"#mt-nbsp\">Paso 3: la cinta adhesiva<\/a><\/li>\n<li style=\"text-align: justify;\"><a href=\"#photos-nbsp\">Paso 4: las fotos<\/a><\/li>\n<li style=\"text-align: justify;\"><a href=\"#daam-nbsp\">\u00a1Me flipaaa!<\/a><\/li>\n<\/ul>\n<\/li>\n<\/ul>\n<p>Una alternativa original al cl\u00e1sico marco de fotos, personalizable e infinitamente modificable.<\/p>\n<h2 id=\"how-nbsp\"><b>\u00bfC\u00f3mo hacer un <em>collage<\/em> con tus revelados?<\/b><\/h2>\n<p>\u00bfPor qu\u00e9 elegir entre las fotos de tu \u00faltima fiesta de cumplea\u00f1os, las del memorable concierto del a\u00f1o pasado (recuerda, ese en el que cantaste tanto que sonaste como Marge Simpson durante los tres d\u00edas siguientes) o la foto de la primera sonrisa del peque\u00f1o Marcos, si puedes juntarlas todas en un collage para conseguir una bonita decoraci\u00f3n con fotos?<\/p>\n<p>\u00a1S\u00ed! Un <em>collage<\/em> de fotos re\u00fane tus mejores recuerdos en un solo lugar y llena de emoci\u00f3n las habitaciones de tu casa, ya sea el despacho o la cocina, \u00a1y eso no tiene precio! Poco importa si lo quieres colgar en la pared o si prefieres ponerlo sobre una mesa; es la decoraci\u00f3n con fotos que necesitas para reunirlo todo. Tus fotos favoritas (incluida esa famosa foto tuya con 5 a\u00f1os delante de tus regalos de Navidad que tanto hace re\u00edr a tu familia), las invitaciones que recibiste, el anuncio del nacimiento de tu hijo peque\u00f1o e incluso los billetes de tren como recuerdo de tus \u00faltimas vacaciones familiares en el sur. De hecho, \u00a1incluso con una sola foto podr\u00edas hacer un gran <em>collage!<\/em><\/p>\n<h3 id=\"need-nbsp\"><b>Todo lo que necesitas\u2026<\/b><\/h3>\n<p><span style=\"font-weight: 400;\">Hay muchas versiones diferentes del <em>collage<\/em> de fotos (puedes crear un <a href=\"https:\/\/www.cheerz.com\/es\/products\/poster\">p\u00f3ster<\/a> con muchas fotos, una guirnalda de fotos o un <em>collage<\/em> con fotos), pero la versi\u00f3n que te proponemos aqu\u00ed es para hacerla sobre una estructura de madera clara, perfecta para decorar cualquier pared de tu casa.<\/span><\/p>\n<p>Para hacer tu propio <em>collage<\/em> de fotos, necesitar\u00e1s:<\/p>\n<ul>\n<li style=\"font-weight: 400;\"><strong>Bonitos <a href=\"https:\/\/www.cheerz.com\/es\/categories\/prints\">revelados<\/a>: <\/strong>puedes mezclar y combinar los diferentes formatos de fotos (<a href=\"https:\/\/www.cheerz.com\/es\/products\/retro-prints\">retro<\/a>, <a href=\"https:\/\/www.cheerz.com\/es\/products\/classic-prints\">cl\u00e1sico<\/a>, <a href=\"https:\/\/www.cheerz.com\/es\/products\/square-prints\">cuadrado<\/a>, <a href=\"https:\/\/www.cheerz.com\/es\/products\/strips\">fotomat\u00f3n<\/a>, <a href=\"https:\/\/www.cheerz.com\/es\/products\/prints-mini\">creativos<\/a>, siempre con papel arg\u00e9ntico de alta calidad) u optar por la singularidad con un solo formato.<strong>\u00a0<\/strong><\/li>\n<li style=\"font-weight: 400;\"><strong>Cinta adhesiva<\/strong><\/li>\n<li style=\"font-weight: 400;\"><span style=\"font-weight: 400;\"><strong>Un marco de madera <\/strong>(en el formato que prefieras)<\/span><\/li>\n<li style=\"font-weight: 400;\"><strong>Cuerda<\/strong><\/li>\n<li style=\"font-weight: 400;\"><span style=\"font-weight: 400;\"><strong>Unas tijeras<\/strong> \u2702\ufe0f<\/span><\/li>\n<li style=\"font-weight: 400;\"><span style=\"font-weight: 400;\"><strong>Pinzas<\/strong> (preferiblemente de las peque\u00f1as y bonitas de madera, aunque puedes hacerlo como quieras)<\/span><\/li>\n<\/ul>\n<h2><img decoding=\"async\" class=\"aligncenter wp-image-16143 size-full\" src=\"https:\/\/montadito.cheerz.com\/wp-content\/uploads\/2020\/06\/royalcheerz_pelemele_vignette.png\" alt=\"p\u00eale m\u00eale photo DIY - Cheerz\" width=\"772\" height=\"542\" srcset=\"https:\/\/esblog.cheerz.com\/wp-content\/uploads\/2020\/06\/royalcheerz_pelemele_vignette.png 772w, https:\/\/esblog.cheerz.com\/wp-content\/uploads\/2020\/06\/royalcheerz_pelemele_vignette-300x211.png 300w, https:\/\/esblog.cheerz.com\/wp-content\/uploads\/2020\/06\/royalcheerz_pelemele_vignette-768x539.png 768w, https:\/\/esblog.cheerz.com\/wp-content\/uploads\/2020\/06\/royalcheerz_pelemele_vignette-400x280.png 400w\" sizes=\"(max-width: 772px) 100vw, 772px\" \/><\/h2>\n<h3 id=\"doit-nbsp\"><b>\u00a1Manos a la obra!<\/b><\/h3>\n<h3 id=\"prep-nbsp\"><span style=\"font-weight: 400;\"><span style=\"text-decoration: underline;\"><strong>Paso 1<\/strong><\/span>: la preparaci\u00f3n\u00a0<\/span><\/h3>\n<p>Antes de empezar a hacer tu <em>collage<\/em> de fotos, aseg\u00farate de que tienes todo el material que vas a necesitar. La idea es que tenga tus fotos favoritas a mano (t\u00fa decides si eres m\u00e1s de explosi\u00f3n fotogr\u00e1fica, de dominio sutil de la atm\u00f3sfera o de ambas cosas). As\u00ed podr\u00e1s cambiarlos f\u00e1cilmente.<\/p>\n<p><strong>Nuestra idea:<\/strong> el <em>collage<\/em> de fotos es un recuerdo de boda personalizado perfecto (adem\u00e1s del libro de fotos, claro, pero hay que abrirlo para disfrutarlo): aqu\u00ed podr\u00e1s incluir el <em>seating<\/em>, las invitaciones, las notas recibidas (menci\u00f3n especial a tus suegros que escribieron sus deseos en las tazas de regalo), las fotos de recuerdo de la fiesta (la incre\u00edble foto del beso merece un lugar en tu casa), el cuaderno de canciones&#8230; Puedes juntar todos estos objetos como un <em>collage<\/em> de este bonito d\u00eda.<\/p>\n<p><strong>Otra idea:<\/strong> Crea tu propio<em> collage<\/em> de fotos con colores y haz que combine a la perfecci\u00f3n con la decoraci\u00f3n de tu dormitorio de colores pastel, con la misma suavidad y armon\u00eda.<\/p>\n<h3 id=\"ficelle-nbsp\"><span style=\"font-weight: 400;\"><span style=\"text-decoration: underline;\"><strong>Paso 2<\/strong><\/span>: la cuerda<\/span><\/h3>\n<p>Ahora que tienes todo lo que necesitas, vamos a empezar a preparar el marco de nuestro <em>collage<\/em>. Para ello, coloca el marco en formato apaisado y saca la cuerda.<\/p>\n<p><strong>#1<\/strong> Corta un trozo de cuerda de unos 90 cm (esto puede cambiar dependiendo del tama\u00f1o de tu marco, as\u00ed que no dudes en cortar m\u00e1s para no quedarte corto) y da una o dos vueltas alrededor de la parte superior derecha de tu marco. Un peque\u00f1o y sencillo nudo es todo lo que necesitas para que el <em>collage<\/em> se mantenga unido.<\/p>\n<p><strong>#2<\/strong> A continuaci\u00f3n, tira de la cuerda hasta la parte inferior del marco y p\u00e1sala por los peque\u00f1os agujeros de la parte inferior derecha. Sube hasta el segundo agujero peque\u00f1o en la parte superior izquierda y contin\u00faa hasta que tengas un zigzag de cuerda estirada.<\/p>\n<p><strong>#3<\/strong> Vuelve a hacer un peque\u00f1o nudo alrededor del marco para mantener la cuerda en su sitio. \u00a1No es tan dif\u00edcil como parece!<\/p>\n<h3 id=\"mt-nbsp\"><span style=\"font-weight: 400;\"><span style=\"text-decoration: underline;\"><strong>Paso 3<\/strong><\/span>: la cinta adhesiva<\/span><\/h3>\n<p>Ahora puedes a\u00f1adir un poco de color a tu marco de madera con la ayuda de unos bonitos rollos de cinta adhesiva. Puedes envolver la cinta de color alrededor de un lado del marco, pegarla en las esquinas o cubrirla por completo. S\u00e9 creativo, \u00a1no te faltan ideas!<\/p>\n<h3 id=\"photos-nbsp\"><span style=\"font-weight: 400;\"><span style=\"text-decoration: underline;\"><strong>Paso 4<\/strong><\/span>: las fotos<\/span><\/h3>\n<p>Una vez que tengas el marco listo y decorado, es el momento de colgar las fotos. Para ello, coge las pinzas y cuelga las fotos a lo largo de la cuerda. Puedes superponer un poco las fotos para dar un efecto de abundancia o espaciarlas. Es tan f\u00e1cil que, si quieres, podr\u00e1s ir cambiando tu <em>collage<\/em> para tenerlo siempre a tu gusto. Una foto tuya en la playa en verano, una foto de Marquitos cubierto de hojas de arce en oto\u00f1o (esta foto es tan bonita que la dejar\u00e1s colgada todo el a\u00f1o), una foto de tu t\u00edo esquiando en invierno y, por qu\u00e9 no, una foto tuya con tu cesta de picnic favorita en primavera. \u00a1Crea diferentes ambientes!<\/p>\n<h2 id=\"daam-nbsp\"><b>\u00a1Me flipaaa!<\/b><\/h2>\n<p>\u00a1Eso es! Ahora tienes un magn\u00edfico marco con un <em>collage<\/em> de fotos creado por ti, que podr\u00e1s regalar, colocar como <a href=\"https:\/\/www.cheerz.com\/es\/categories\/frames\">decoraci\u00f3n de pared<\/a> y combinar con nuestros otros productos de decoraci\u00f3n de fotos, o incluso con cualquier otro producto disponible (<a href=\"https:\/\/www.cheerz.com\/es\/categories\/books\">\u00e1lbum de fotos<\/a>, <a href=\"https:\/\/www.cheerz.com\/es\/categories\/calendar\">calendario de fotos<\/a>, <a href=\"https:\/\/www.cheerz.com\/es\/categories\/canvas\">lienzo de fotos<\/a>, <a href=\"https:\/\/www.cheerz.com\/es\/products\/poster\">p\u00f3ster de fotos<\/a>, <a href=\"https:\/\/www.cheerz.com\/es\/products\/poster-framed\">marco de fotos<\/a>&#8230; encu\u00e9ntralos todos en el formato que elijas en nuestra web y app).<\/p>\n<p>\u00bfListo para crear tu collage?<\/p>\n<p>\u00a1Haz una foto y comparte tu creaci\u00f3n mural con nosotros en <strong>#cheerzesp<\/strong>!<\/p>\n<p>Y si necesitas informaci\u00f3n general o personalizada sobre precios, pagos o la receta del pastel de zanahoria, nuestro equipo de Happiness responde a todas sus preguntas en l\u00ednea y en directo. As\u00ed que no dudes en ponerte en contacto con nosotros a trav\u00e9s del chat para obtener m\u00e1s informaci\u00f3n.<\/p>\n<p><!--End mc_embed_signup--><\/p>\n","protected":false},"excerpt":{"rendered":"<p>\u00bfBuscas nuevas ideas para cambiar el look de las paredes de tu casa? \u00bfNecesitas un poco de inspiraci\u00f3n para hacer algo con tus revelados? \u00bfQu\u00e9 tal si haces un collage de fotos? Resumen: \u00bfC\u00f3mo hacer un collage con tus revelados de fotos? Todo lo que necesitas\u2026 \u00a1Manos a la obra! Paso 1: la preparaci\u00f3n Paso [&hellip;]<\/p>\n","protected":false},"author":21,"featured_media":16158,"comment_status":"closed","ping_status":"closed","sticky":true,"template":"","format":"video","meta":{"_acf_changed":false,"footnotes":""},"categories":[68,1443],"tags":[],"class_list":["post-16118","post","type-post","status-publish","format-video","has-post-thumbnail","hentry","category-tutoriales","category-header-revivre","post_format-post-format-video"],"acf":[],"yoast_head":"<!-- This site is optimized with the Yoast SEO plugin v27.5 - https:\/\/yoast.com\/product\/yoast-seo-wordpress\/ -->\n<title>El collage de fotos ideal para decorar tus paredes - Montadito Cheerz<\/title>\n<meta name=\"description\" content=\"\ud83d\udc49 \u00a1Un collage de fotos para una decoraci\u00f3n de \u00e9xito! \u00bfBuscas nuevas ideas para cambiar el look de las paredes de tu casa?\" \/>\n<meta name=\"robots\" content=\"index, follow, max-snippet:-1, max-image-preview:large, max-video-preview:-1\" \/>\n<link rel=\"canonical\" href=\"https:\/\/esblog.cheerz.com\/tutoriales\/header-revivre\/el-collage-de-fotos-ideal-para-decorar-tus-paredes\/\" \/>\n<meta property=\"og:locale\" content=\"fr_FR\" \/>\n<meta property=\"og:type\" content=\"article\" \/>\n<meta property=\"og:title\" content=\"El collage de fotos ideal para decorar tus paredes - Montadito Cheerz\" \/>\n<meta property=\"og:description\" content=\"\ud83d\udc49 \u00a1Un collage de fotos para una decoraci\u00f3n de \u00e9xito! \u00bfBuscas nuevas ideas para cambiar el look de las paredes de tu casa?\" \/>\n<meta property=\"og:url\" content=\"https:\/\/esblog.cheerz.com\/tutoriales\/header-revivre\/el-collage-de-fotos-ideal-para-decorar-tus-paredes\/\" \/>\n<meta property=\"og:site_name\" content=\"Montadito Cheerz\" \/>\n<meta property=\"article:published_time\" content=\"2020-06-30T15:40:54+00:00\" \/>\n<meta property=\"article:modified_time\" content=\"2025-07-01T09:56:18+00:00\" \/>\n<meta property=\"og:image\" content=\"https:\/\/esblog.cheerz.com\/wp-content\/uploads\/2020\/06\/st1f5fcg.jpg\" \/>\n\t<meta property=\"og:image:width\" content=\"772\" \/>\n\t<meta property=\"og:image:height\" content=\"542\" \/>\n\t<meta property=\"og:image:type\" content=\"image\/jpeg\" \/>\n<meta name=\"author\" content=\"Qui Marin Larios\" \/>\n<meta name=\"twitter:card\" content=\"summary_large_image\" \/>\n<meta name=\"twitter:label1\" content=\"\u00c9crit par\" \/>\n\t<meta name=\"twitter:data1\" content=\"Qui Marin Larios\" \/>\n\t<meta name=\"twitter:label2\" content=\"Dur\u00e9e de lecture estim\u00e9e\" \/>\n\t<meta name=\"twitter:data2\" content=\"5 minutes\" \/>\n<script type=\"application\/ld+json\" class=\"yoast-schema-graph\">{\"@context\":\"https:\\\/\\\/schema.org\",\"@graph\":[{\"@type\":\"Article\",\"@id\":\"https:\\\/\\\/esblog.cheerz.com\\\/tutoriales\\\/header-revivre\\\/el-collage-de-fotos-ideal-para-decorar-tus-paredes\\\/#article\",\"isPartOf\":{\"@id\":\"https:\\\/\\\/esblog.cheerz.com\\\/tutoriales\\\/header-revivre\\\/el-collage-de-fotos-ideal-para-decorar-tus-paredes\\\/\"},\"author\":{\"name\":\"Qui Marin Larios\",\"@id\":\"https:\\\/\\\/esblog.cheerz.com\\\/#\\\/schema\\\/person\\\/bd79f5feadc6426ac8e02c427e4a84ba\"},\"headline\":\"El collage de fotos ideal para decorar tus paredes\",\"datePublished\":\"2020-06-30T15:40:54+00:00\",\"dateModified\":\"2025-07-01T09:56:18+00:00\",\"mainEntityOfPage\":{\"@id\":\"https:\\\/\\\/esblog.cheerz.com\\\/tutoriales\\\/header-revivre\\\/el-collage-de-fotos-ideal-para-decorar-tus-paredes\\\/\"},\"wordCount\":1107,\"image\":{\"@id\":\"https:\\\/\\\/esblog.cheerz.com\\\/tutoriales\\\/header-revivre\\\/el-collage-de-fotos-ideal-para-decorar-tus-paredes\\\/#primaryimage\"},\"thumbnailUrl\":\"https:\\\/\\\/esblog.cheerz.com\\\/wp-content\\\/uploads\\\/2020\\\/06\\\/st1f5fcg.jpg\",\"articleSection\":[\"Tutoriales\",\"Tutoriales\"],\"inLanguage\":\"fr-FR\"},{\"@type\":\"WebPage\",\"@id\":\"https:\\\/\\\/esblog.cheerz.com\\\/tutoriales\\\/header-revivre\\\/el-collage-de-fotos-ideal-para-decorar-tus-paredes\\\/\",\"url\":\"https:\\\/\\\/esblog.cheerz.com\\\/tutoriales\\\/header-revivre\\\/el-collage-de-fotos-ideal-para-decorar-tus-paredes\\\/\",\"name\":\"El collage de fotos ideal para decorar tus paredes - Montadito Cheerz\",\"isPartOf\":{\"@id\":\"https:\\\/\\\/esblog.cheerz.com\\\/#website\"},\"primaryImageOfPage\":{\"@id\":\"https:\\\/\\\/esblog.cheerz.com\\\/tutoriales\\\/header-revivre\\\/el-collage-de-fotos-ideal-para-decorar-tus-paredes\\\/#primaryimage\"},\"image\":{\"@id\":\"https:\\\/\\\/esblog.cheerz.com\\\/tutoriales\\\/header-revivre\\\/el-collage-de-fotos-ideal-para-decorar-tus-paredes\\\/#primaryimage\"},\"thumbnailUrl\":\"https:\\\/\\\/esblog.cheerz.com\\\/wp-content\\\/uploads\\\/2020\\\/06\\\/st1f5fcg.jpg\",\"datePublished\":\"2020-06-30T15:40:54+00:00\",\"dateModified\":\"2025-07-01T09:56:18+00:00\",\"author\":{\"@id\":\"https:\\\/\\\/esblog.cheerz.com\\\/#\\\/schema\\\/person\\\/bd79f5feadc6426ac8e02c427e4a84ba\"},\"description\":\"\ud83d\udc49 \u00a1Un collage de fotos para una decoraci\u00f3n de \u00e9xito! \u00bfBuscas nuevas ideas para cambiar el look de las paredes de tu casa?\",\"breadcrumb\":{\"@id\":\"https:\\\/\\\/esblog.cheerz.com\\\/tutoriales\\\/header-revivre\\\/el-collage-de-fotos-ideal-para-decorar-tus-paredes\\\/#breadcrumb\"},\"inLanguage\":\"fr-FR\",\"potentialAction\":[{\"@type\":\"ReadAction\",\"target\":[\"https:\\\/\\\/esblog.cheerz.com\\\/tutoriales\\\/header-revivre\\\/el-collage-de-fotos-ideal-para-decorar-tus-paredes\\\/\"]}]},{\"@type\":\"ImageObject\",\"inLanguage\":\"fr-FR\",\"@id\":\"https:\\\/\\\/esblog.cheerz.com\\\/tutoriales\\\/header-revivre\\\/el-collage-de-fotos-ideal-para-decorar-tus-paredes\\\/#primaryimage\",\"url\":\"https:\\\/\\\/esblog.cheerz.com\\\/wp-content\\\/uploads\\\/2020\\\/06\\\/st1f5fcg.jpg\",\"contentUrl\":\"https:\\\/\\\/esblog.cheerz.com\\\/wp-content\\\/uploads\\\/2020\\\/06\\\/st1f5fcg.jpg\",\"width\":772,\"height\":542},{\"@type\":\"BreadcrumbList\",\"@id\":\"https:\\\/\\\/esblog.cheerz.com\\\/tutoriales\\\/header-revivre\\\/el-collage-de-fotos-ideal-para-decorar-tus-paredes\\\/#breadcrumb\",\"itemListElement\":[{\"@type\":\"ListItem\",\"position\":1,\"name\":\"Royal Cheerz\",\"item\":\"https:\\\/\\\/esblog.cheerz.com\\\/\"},{\"@type\":\"ListItem\",\"position\":2,\"name\":\"Tutoriales\",\"item\":\"https:\\\/\\\/esblog.cheerz.com\\\/categorie\\\/tutoriales\\\/\"},{\"@type\":\"ListItem\",\"position\":3,\"name\":\"Tutoriales\",\"item\":\"https:\\\/\\\/esblog.cheerz.com\\\/categorie\\\/tutoriales\\\/header-revivre\\\/\"},{\"@type\":\"ListItem\",\"position\":4,\"name\":\"El collage de fotos ideal para decorar tus paredes\"}]},{\"@type\":\"WebSite\",\"@id\":\"https:\\\/\\\/esblog.cheerz.com\\\/#website\",\"url\":\"https:\\\/\\\/esblog.cheerz.com\\\/\",\"name\":\"Montadito Cheerz\",\"description\":\"\",\"potentialAction\":[{\"@type\":\"SearchAction\",\"target\":{\"@type\":\"EntryPoint\",\"urlTemplate\":\"https:\\\/\\\/esblog.cheerz.com\\\/?s={search_term_string}\"},\"query-input\":{\"@type\":\"PropertyValueSpecification\",\"valueRequired\":true,\"valueName\":\"search_term_string\"}}],\"inLanguage\":\"fr-FR\"},{\"@type\":\"Person\",\"@id\":\"https:\\\/\\\/esblog.cheerz.com\\\/#\\\/schema\\\/person\\\/bd79f5feadc6426ac8e02c427e4a84ba\",\"name\":\"Qui Marin Larios\",\"image\":{\"@type\":\"ImageObject\",\"inLanguage\":\"fr-FR\",\"@id\":\"https:\\\/\\\/secure.gravatar.com\\\/avatar\\\/fa7ed7faba90c6d30c5cacf4b4653f9f4a9111bc59960b5aaf71342302b0cac9?s=96&d=mm&r=g\",\"url\":\"https:\\\/\\\/secure.gravatar.com\\\/avatar\\\/fa7ed7faba90c6d30c5cacf4b4653f9f4a9111bc59960b5aaf71342302b0cac9?s=96&d=mm&r=g\",\"contentUrl\":\"https:\\\/\\\/secure.gravatar.com\\\/avatar\\\/fa7ed7faba90c6d30c5cacf4b4653f9f4a9111bc59960b5aaf71342302b0cac9?s=96&d=mm&r=g\",\"caption\":\"Qui Marin Larios\"},\"url\":\"https:\\\/\\\/esblog.cheerz.com\\\/author\\\/qui-marinlarios\\\/\"}]}<\/script>\n<!-- \/ Yoast SEO plugin. -->","yoast_head_json":{"title":"El collage de fotos ideal para decorar tus paredes - Montadito Cheerz","description":"\ud83d\udc49 \u00a1Un collage de fotos para una decoraci\u00f3n de \u00e9xito! \u00bfBuscas nuevas ideas para cambiar el look de las paredes de tu casa?","robots":{"index":"index","follow":"follow","max-snippet":"max-snippet:-1","max-image-preview":"max-image-preview:large","max-video-preview":"max-video-preview:-1"},"canonical":"https:\/\/esblog.cheerz.com\/tutoriales\/header-revivre\/el-collage-de-fotos-ideal-para-decorar-tus-paredes\/","og_locale":"fr_FR","og_type":"article","og_title":"El collage de fotos ideal para decorar tus paredes - Montadito Cheerz","og_description":"\ud83d\udc49 \u00a1Un collage de fotos para una decoraci\u00f3n de \u00e9xito! \u00bfBuscas nuevas ideas para cambiar el look de las paredes de tu casa?","og_url":"https:\/\/esblog.cheerz.com\/tutoriales\/header-revivre\/el-collage-de-fotos-ideal-para-decorar-tus-paredes\/","og_site_name":"Montadito Cheerz","article_published_time":"2020-06-30T15:40:54+00:00","article_modified_time":"2025-07-01T09:56:18+00:00","og_image":[{"width":772,"height":542,"url":"https:\/\/esblog.cheerz.com\/wp-content\/uploads\/2020\/06\/st1f5fcg.jpg","type":"image\/jpeg"}],"author":"Qui Marin Larios","twitter_card":"summary_large_image","twitter_misc":{"\u00c9crit par":"Qui Marin Larios","Dur\u00e9e de lecture estim\u00e9e":"5 minutes"},"schema":{"@context":"https:\/\/schema.org","@graph":[{"@type":"Article","@id":"https:\/\/esblog.cheerz.com\/tutoriales\/header-revivre\/el-collage-de-fotos-ideal-para-decorar-tus-paredes\/#article","isPartOf":{"@id":"https:\/\/esblog.cheerz.com\/tutoriales\/header-revivre\/el-collage-de-fotos-ideal-para-decorar-tus-paredes\/"},"author":{"name":"Qui Marin Larios","@id":"https:\/\/esblog.cheerz.com\/#\/schema\/person\/bd79f5feadc6426ac8e02c427e4a84ba"},"headline":"El collage de fotos ideal para decorar tus paredes","datePublished":"2020-06-30T15:40:54+00:00","dateModified":"2025-07-01T09:56:18+00:00","mainEntityOfPage":{"@id":"https:\/\/esblog.cheerz.com\/tutoriales\/header-revivre\/el-collage-de-fotos-ideal-para-decorar-tus-paredes\/"},"wordCount":1107,"image":{"@id":"https:\/\/esblog.cheerz.com\/tutoriales\/header-revivre\/el-collage-de-fotos-ideal-para-decorar-tus-paredes\/#primaryimage"},"thumbnailUrl":"https:\/\/esblog.cheerz.com\/wp-content\/uploads\/2020\/06\/st1f5fcg.jpg","articleSection":["Tutoriales","Tutoriales"],"inLanguage":"fr-FR"},{"@type":"WebPage","@id":"https:\/\/esblog.cheerz.com\/tutoriales\/header-revivre\/el-collage-de-fotos-ideal-para-decorar-tus-paredes\/","url":"https:\/\/esblog.cheerz.com\/tutoriales\/header-revivre\/el-collage-de-fotos-ideal-para-decorar-tus-paredes\/","name":"El collage de fotos ideal para decorar tus paredes - Montadito Cheerz","isPartOf":{"@id":"https:\/\/esblog.cheerz.com\/#website"},"primaryImageOfPage":{"@id":"https:\/\/esblog.cheerz.com\/tutoriales\/header-revivre\/el-collage-de-fotos-ideal-para-decorar-tus-paredes\/#primaryimage"},"image":{"@id":"https:\/\/esblog.cheerz.com\/tutoriales\/header-revivre\/el-collage-de-fotos-ideal-para-decorar-tus-paredes\/#primaryimage"},"thumbnailUrl":"https:\/\/esblog.cheerz.com\/wp-content\/uploads\/2020\/06\/st1f5fcg.jpg","datePublished":"2020-06-30T15:40:54+00:00","dateModified":"2025-07-01T09:56:18+00:00","author":{"@id":"https:\/\/esblog.cheerz.com\/#\/schema\/person\/bd79f5feadc6426ac8e02c427e4a84ba"},"description":"\ud83d\udc49 \u00a1Un collage de fotos para una decoraci\u00f3n de \u00e9xito! \u00bfBuscas nuevas ideas para cambiar el look de las paredes de tu casa?","breadcrumb":{"@id":"https:\/\/esblog.cheerz.com\/tutoriales\/header-revivre\/el-collage-de-fotos-ideal-para-decorar-tus-paredes\/#breadcrumb"},"inLanguage":"fr-FR","potentialAction":[{"@type":"ReadAction","target":["https:\/\/esblog.cheerz.com\/tutoriales\/header-revivre\/el-collage-de-fotos-ideal-para-decorar-tus-paredes\/"]}]},{"@type":"ImageObject","inLanguage":"fr-FR","@id":"https:\/\/esblog.cheerz.com\/tutoriales\/header-revivre\/el-collage-de-fotos-ideal-para-decorar-tus-paredes\/#primaryimage","url":"https:\/\/esblog.cheerz.com\/wp-content\/uploads\/2020\/06\/st1f5fcg.jpg","contentUrl":"https:\/\/esblog.cheerz.com\/wp-content\/uploads\/2020\/06\/st1f5fcg.jpg","width":772,"height":542},{"@type":"BreadcrumbList","@id":"https:\/\/esblog.cheerz.com\/tutoriales\/header-revivre\/el-collage-de-fotos-ideal-para-decorar-tus-paredes\/#breadcrumb","itemListElement":[{"@type":"ListItem","position":1,"name":"Royal Cheerz","item":"https:\/\/esblog.cheerz.com\/"},{"@type":"ListItem","position":2,"name":"Tutoriales","item":"https:\/\/esblog.cheerz.com\/categorie\/tutoriales\/"},{"@type":"ListItem","position":3,"name":"Tutoriales","item":"https:\/\/esblog.cheerz.com\/categorie\/tutoriales\/header-revivre\/"},{"@type":"ListItem","position":4,"name":"El collage de fotos ideal para decorar tus paredes"}]},{"@type":"WebSite","@id":"https:\/\/esblog.cheerz.com\/#website","url":"https:\/\/esblog.cheerz.com\/","name":"Montadito Cheerz","description":"","potentialAction":[{"@type":"SearchAction","target":{"@type":"EntryPoint","urlTemplate":"https:\/\/esblog.cheerz.com\/?s={search_term_string}"},"query-input":{"@type":"PropertyValueSpecification","valueRequired":true,"valueName":"search_term_string"}}],"inLanguage":"fr-FR"},{"@type":"Person","@id":"https:\/\/esblog.cheerz.com\/#\/schema\/person\/bd79f5feadc6426ac8e02c427e4a84ba","name":"Qui Marin Larios","image":{"@type":"ImageObject","inLanguage":"fr-FR","@id":"https:\/\/secure.gravatar.com\/avatar\/fa7ed7faba90c6d30c5cacf4b4653f9f4a9111bc59960b5aaf71342302b0cac9?s=96&d=mm&r=g","url":"https:\/\/secure.gravatar.com\/avatar\/fa7ed7faba90c6d30c5cacf4b4653f9f4a9111bc59960b5aaf71342302b0cac9?s=96&d=mm&r=g","contentUrl":"https:\/\/secure.gravatar.com\/avatar\/fa7ed7faba90c6d30c5cacf4b4653f9f4a9111bc59960b5aaf71342302b0cac9?s=96&d=mm&r=g","caption":"Qui Marin Larios"},"url":"https:\/\/esblog.cheerz.com\/author\/qui-marinlarios\/"}]}},"_links":{"self":[{"href":"https:\/\/esblog.cheerz.com\/wp-json\/wp\/v2\/posts\/16118","targetHints":{"allow":["GET"]}}],"collection":[{"href":"https:\/\/esblog.cheerz.com\/wp-json\/wp\/v2\/posts"}],"about":[{"href":"https:\/\/esblog.cheerz.com\/wp-json\/wp\/v2\/types\/post"}],"author":[{"embeddable":true,"href":"https:\/\/esblog.cheerz.com\/wp-json\/wp\/v2\/users\/21"}],"replies":[{"embeddable":true,"href":"https:\/\/esblog.cheerz.com\/wp-json\/wp\/v2\/comments?post=16118"}],"version-history":[{"count":0,"href":"https:\/\/esblog.cheerz.com\/wp-json\/wp\/v2\/posts\/16118\/revisions"}],"wp:featuredmedia":[{"embeddable":true,"href":"https:\/\/esblog.cheerz.com\/wp-json\/wp\/v2\/media\/16158"}],"wp:attachment":[{"href":"https:\/\/esblog.cheerz.com\/wp-json\/wp\/v2\/media?parent=16118"}],"wp:term":[{"taxonomy":"category","embeddable":true,"href":"https:\/\/esblog.cheerz.com\/wp-json\/wp\/v2\/categories?post=16118"},{"taxonomy":"post_tag","embeddable":true,"href":"https:\/\/esblog.cheerz.com\/wp-json\/wp\/v2\/tags?post=16118"}],"curies":[{"name":"wp","href":"https:\/\/api.w.org\/{rel}","templated":true}]}}